{"id":15520,"date":"2023-11-06T23:54:53","date_gmt":"2023-11-06T22:54:53","guid":{"rendered":"https:\/\/nandi.info\/?p=15520"},"modified":"2023-11-06T23:54:54","modified_gmt":"2023-11-06T22:54:54","slug":"convention-des-televisions-publiques-du-burkina-du-niger-et-du-mali-sur-la-communication-de-guerre-le-mali-dignement-represente-par-le-dg-de-lortm","status":"publish","type":"post","link":"https:\/\/nandi.info\/?p=15520","title":{"rendered":"Convention des t\u00e9l\u00e9visions publiques du Burkina, du Niger et du Mali sur la Communication de guerre : Le Mali dignement repr\u00e9sent\u00e9 par le DG de l\u2019ORTM\u00a0!"},"content":{"rendered":"\n<p><strong><em>Le weekend dernier la capitale du Faso, Ouagadougou a abrit\u00e9 une rencontre importante entre les responsables des chaines de t\u00e9l\u00e9visions publiques du Burkina Faso, du Mali et du Niger&nbsp; sur les strat\u00e9gies \u00e0 mettre en place afin de pouvoir permettre \u00e0 ces m\u00e9dias publics de jouer pleinement leur partition dans la situation de crise s\u00e9curitaire et terroriste qui s\u00e9vit dans la zone sah\u00e9lienne, plus pr\u00e9cis\u00e9ment dans les trois pays concern\u00e9s. A la fin des travaux, les t\u00e9l\u00e9visions publiques du Burkina Faso, du Mali et du Niger ont sign\u00e9 une convention de partenariat qui va les permettre en partie, de \u00ab mener la guerre contre le terrorisme sur le terrain de la communication \u00bb.<\/em><\/strong><\/p>\n\n\n\n<p>Les efforts de l\u2019Office de Radio et de T\u00e9l\u00e9vision du Mali (ORTM) dans l\u2019accompagnement des forces arm\u00e9es et de s\u00e9curit\u00e9 sur les th\u00e9\u00e2tres des op\u00e9rations sont reconnus \u00e0 leur juste valeur sur le plan national et sous r\u00e9gional. Ainsi, pour mieux r\u00e9percuter la m\u00eame dynamique sur les cha\u00eenes de t\u00e9l\u00e9visions nationales des pays voisins, notamment celles du Burkina Faso et du Niger, vivant dans la m\u00eame situation d\u2019ins\u00e9curit\u00e9 (souvent entretenue et insidieusement trait\u00e9e par des medias \u00e9trangers), les patrons de ces t\u00e9l\u00e9visions publiques ont d\u00e9cid\u00e9 d\u2019amorcer une synergie d\u2019action. Cela \u00e0 travers la signature d\u2019une convention de partenariat entre les trois chaines publiques de t\u00e9l\u00e9vision.<\/p>\n\n\n\n<p>Cette convention permettra aussi de booster l\u2019Alliance des Etats du Sahel (AES) mis en place par les chefs d\u2019Etats des trois pays.<\/p>\n\n\n\n<p>&nbsp;\u00ab Nous sommes en guerre, celle sur le terrain mais \u00e9galement sur le plan de la communication. Il est donc important d\u2019aller ensemble main dans la main pour relever le d\u00e9fi de la communication \u00bb, a indiqu\u00e9 le Directeur g\u00e9n\u00e9ral de l\u2019Office de radio et t\u00e9l\u00e9vision du Mali (ORTM), Hassane Baba Diomb\u00e9l\u00e9. C\u2019\u00e9tait \u00e0 l\u2019occasion de la signature de convention de partenariat entre l\u2019ORTM et les radiodiffusions-t\u00e9l\u00e9visions du Burkina Faso et du Niger, vendredi \u00e0 Ouagadougou. Un document paraph\u00e9 respectivement d\u2019abord par M. At\u00e9ridar Galip Som\u00e9, Directeur g\u00e9n\u00e9ral de la Radio T\u00e9l\u00e9vision du Burkina Faso (RTB) et Hassane Baba Diomb\u00e9l\u00e9 de l\u2019ORTM. Le m\u00eame document sera transmis \u00e0 leur homologue Directeur g\u00e9n\u00e9ral de la T\u00e9l\u00e9vision nationale du Niger, qui n\u2019a pas pu faire le d\u00e9placement de Ouagadougou pour des raisons techniques.<\/p>\n\n\n\n<p>Le moins qu\u2019on puisse dire est que les responsables de ces chaines de t\u00e9l\u00e9visions nationales viennent de poser un acte fort dans le renforcement de la coop\u00e9ration en mati\u00e8re de communication entre les trois pays, mais aussi dans le traitement en symbiose des informations sur la crise s\u00e9curitaire. Toute \u00e9vidence qui ne laissera aucune place \u00e0 la d\u00e9sinformation et \u00e0 la r\u00e9futation des informations officielles venant des sources \u00e9tatiques des trois pays.&nbsp;<\/p>\n\n\n\n<p>Ce qui fera dire au DG de la RTB, At\u00e9ridar Galip Som\u00e9, que cette signature de partenariat au-del\u00e0 du symbole, est un acte fort qui traduit la volont\u00e9 des trois pays de mutualiser leurs forces, leurs intelligences et leurs \u00e9nergies pour aller vers des productions de contenus qui accompagnent efficacement la dynamique en cours dans ces diff\u00e9rents pays.<\/p>\n\n\n\n<p>A l\u2019Agence d\u2019Information du Burkina Faso, Hassane Baba Diomb\u00e9l\u00e9, le patron de l\u2019ORTM pour sa part a indiqu\u00e9, qu\u2019au-del\u00e0 m\u00eame de ces aspects s\u00e9curitaires, cette nouvelle convention sera un atout pour soutenir les populations qui souffrent dans le contexte s\u00e9curitaire et humanitaire. Surtout que cette convention de partenariat pr\u00e9voit une collaboration dans les domaines de coproduction d\u2019\u0153uvres radiophoniques sonores et\/ ou t\u00e9l\u00e9visuelles, des \u00e9changes de programmes de radiodiffusion sonore et \/ ou t\u00e9l\u00e9visuelle. De m\u00eame que la mise \u00e0 disposition de correspondants de presse, des \u00e9changes d\u2019expertises et de renforcement de capacit\u00e9s, et un appui mutuel.<\/p>\n\n\n\n<p>Bravo au DG de l\u2019ORTM pour ce grand pas franchi en mati\u00e8re d\u2019int\u00e9gration entre les trois pays, dans un domaine cl\u00e9 qu\u2019est la communication.<\/p>\n\n\n\n<p><strong>Fatoumata Coulibaly<\/strong><\/p>\n","protected":false},"excerpt":{"rendered":"<p>Le weekend dernier la capitale du Faso, Ouagadougou a abrit\u00e9 une rencontre importante entre les responsables des chaines de t\u00e9l\u00e9visions publiques du Burkina Faso, du Mali et du Niger&nbsp; sur&hellip;<\/p>\n","protected":false},"author":1,"featured_media":15522,"comment_status":"open","ping_status":"open","sticky":false,"template":"","format":"standard","meta":{"content-type":"","_lmt_disableupdate":"","_lmt_disable":"","_jetpack_memberships_contains_paid_content":false,"footnotes":"","jetpack_publicize_message":"","jetpack_publicize_feature_enabled":true,"jetpack_social_post_already_shared":false,"jetpack_social_options":{"image_generator_settings":{"template":"highway","default_image_id":0,"font":"","enabled":false},"version":2}},"categories":[125,67,21],"tags":[],"class_list":["post-15520","post","type-post","status-publish","format-standard","has-post-thumbnail","hentry","category-actualite","category-le-sursaut","category-societe"],"jetpack_publicize_connections":[],"featured_image_urls":{"full":["https:\/\/nandi.info\/wp-content\/uploads\/2023\/11\/Convention-des-televisions-publiques-du-Burkina-du-Niger-et-du-Mali-sur-la-Communication-de-guerre-Le-Mali-dignement-represente-par-le-DG-de-lORTM.jpg",696,343,false],"thumbnail":["https:\/\/nandi.info\/wp-content\/uploads\/2023\/11\/Convention-des-televisions-publiques-du-Burkina-du-Niger-et-du-Mali-sur-la-Communication-de-guerre-Le-Mali-dignement-represente-par-le-DG-de-lORTM-150x150.jpg",150,150,true],"medium":["https:\/\/nandi.info\/wp-content\/uploads\/2023\/11\/Convention-des-televisions-publiques-du-Burkina-du-Niger-et-du-Mali-sur-la-Communication-de-guerre-Le-Mali-dignement-represente-par-le-DG-de-lORTM-300x148.jpg",300,148,true],"medium_large":["https:\/\/nandi.info\/wp-content\/uploads\/2023\/11\/Convention-des-televisions-publiques-du-Burkina-du-Niger-et-du-Mali-sur-la-Communication-de-guerre-Le-Mali-dignement-represente-par-le-DG-de-lORTM.jpg",696,343,false],"large":["https:\/\/nandi.info\/wp-content\/uploads\/2023\/11\/Convention-des-televisions-publiques-du-Burkina-du-Niger-et-du-Mali-sur-la-Communication-de-guerre-Le-Mali-dignement-represente-par-le-DG-de-lORTM.jpg",696,343,false],"1536x1536":["https:\/\/nandi.info\/wp-content\/uploads\/2023\/11\/Convention-des-televisions-publiques-du-Burkina-du-Niger-et-du-Mali-sur-la-Communication-de-guerre-Le-Mali-dignement-represente-par-le-DG-de-lORTM.jpg",696,343,false],"2048x2048":["https:\/\/nandi.info\/wp-content\/uploads\/2023\/11\/Convention-des-televisions-publiques-du-Burkina-du-Niger-et-du-Mali-sur-la-Communication-de-guerre-Le-Mali-dignement-represente-par-le-DG-de-lORTM.jpg",696,343,false],"penci-recipe-1200x1200":["https:\/\/nandi.info\/wp-content\/uploads\/2023\/11\/Convention-des-televisions-publiques-du-Burkina-du-Niger-et-du-Mali-sur-la-Communication-de-guerre-Le-Mali-dignement-represente-par-le-DG-de-lORTM.jpg",696,343,false],"penci-recipe-1200x900":["https:\/\/nandi.info\/wp-content\/uploads\/2023\/11\/Convention-des-televisions-publiques-du-Burkina-du-Niger-et-du-Mali-sur-la-Communication-de-guerre-Le-Mali-dignement-represente-par-le-DG-de-lORTM.jpg",696,343,false],"penci-recipe-1200x675":["https:\/\/nandi.info\/wp-content\/uploads\/2023\/11\/Convention-des-televisions-publiques-du-Burkina-du-Niger-et-du-Mali-sur-la-Communication-de-guerre-Le-Mali-dignement-represente-par-le-DG-de-lORTM.jpg",696,343,false],"penci-single-full":["https:\/\/nandi.info\/wp-content\/uploads\/2023\/11\/Convention-des-televisions-publiques-du-Burkina-du-Niger-et-du-Mali-sur-la-Communication-de-guerre-Le-Mali-dignement-represente-par-le-DG-de-lORTM.jpg",696,343,false],"penci-slider-full-thumb":["https:\/\/nandi.info\/wp-content\/uploads\/2023\/11\/Convention-des-televisions-publiques-du-Burkina-du-Niger-et-du-Mali-sur-la-Communication-de-guerre-Le-Mali-dignement-represente-par-le-DG-de-lORTM.jpg",696,343,false],"penci-full-thumb":["https:\/\/nandi.info\/wp-content\/uploads\/2023\/11\/Convention-des-televisions-publiques-du-Burkina-du-Niger-et-du-Mali-sur-la-Communication-de-guerre-Le-Mali-dignement-represente-par-le-DG-de-lORTM.jpg",696,343,false],"penci-slider-thumb":["https:\/\/nandi.info\/wp-content\/uploads\/2023\/11\/Convention-des-televisions-publiques-du-Burkina-du-Niger-et-du-Mali-sur-la-Communication-de-guerre-Le-Mali-dignement-represente-par-le-DG-de-lORTM.jpg",696,343,false],"penci-magazine-slider":["https:\/\/nandi.info\/wp-content\/uploads\/2023\/11\/Convention-des-televisions-publiques-du-Burkina-du-Niger-et-du-Mali-sur-la-Communication-de-guerre-Le-Mali-dignement-represente-par-le-DG-de-lORTM.jpg",696,343,false],"penci-thumb":["https:\/\/nandi.info\/wp-content\/uploads\/2023\/11\/Convention-des-televisions-publiques-du-Burkina-du-Niger-et-du-Mali-sur-la-Communication-de-guerre-Le-Mali-dignement-represente-par-le-DG-de-lORTM.jpg",585,288,false],"penci-masonry-thumb":["https:\/\/nandi.info\/wp-content\/uploads\/2023\/11\/Convention-des-televisions-publiques-du-Burkina-du-Niger-et-du-Mali-sur-la-Communication-de-guerre-Le-Mali-dignement-represente-par-le-DG-de-lORTM.jpg",585,288,false],"penci-thumb-square":["https:\/\/nandi.info\/wp-content\/uploads\/2023\/11\/Convention-des-televisions-publiques-du-Burkina-du-Niger-et-du-Mali-sur-la-Communication-de-guerre-Le-Mali-dignement-represente-par-le-DG-de-lORTM.jpg",585,288,false],"penci-thumb-vertical":["https:\/\/nandi.info\/wp-content\/uploads\/2023\/11\/Convention-des-televisions-publiques-du-Burkina-du-Niger-et-du-Mali-sur-la-Communication-de-guerre-Le-Mali-dignement-represente-par-le-DG-de-lORTM.jpg",480,237,false],"penci-thumb-small":["https:\/\/nandi.info\/wp-content\/uploads\/2023\/11\/Convention-des-televisions-publiques-du-Burkina-du-Niger-et-du-Mali-sur-la-Communication-de-guerre-Le-Mali-dignement-represente-par-le-DG-de-lORTM.jpg",263,130,false]},"author_info":{"display_name":"Nandi","author_link":"https:\/\/nandi.info\/?author=1"},"category_info":"<a href=\"https:\/\/nandi.info\/?cat=125\" rel=\"category\">Actualit\u00e9<\/a> <a href=\"https:\/\/nandi.info\/?cat=67\" rel=\"category\">Le Sursaut<\/a> <a href=\"https:\/\/nandi.info\/?cat=21\" rel=\"category\">Soci\u00e9t\u00e9<\/a>","tag_info":"Soci\u00e9t\u00e9","comment_count":"0","jetpack_featured_media_url":"https:\/\/nandi.info\/wp-content\/uploads\/2023\/11\/Convention-des-televisions-publiques-du-Burkina-du-Niger-et-du-Mali-sur-la-Communication-de-guerre-Le-Mali-dignement-represente-par-le-DG-de-lORTM.jpg","jetpack_sharing_enabled":true,"_links":{"self":[{"href":"https:\/\/nandi.info\/index.php?rest_route=\/wp\/v2\/posts\/15520","targetHints":{"allow":["GET"]}}],"collection":[{"href":"https:\/\/nandi.info\/index.php?rest_route=\/wp\/v2\/posts"}],"about":[{"href":"https:\/\/nandi.info\/index.php?rest_route=\/wp\/v2\/types\/post"}],"author":[{"embeddable":true,"href":"https:\/\/nandi.info\/index.php?rest_route=\/wp\/v2\/users\/1"}],"replies":[{"embeddable":true,"href":"https:\/\/nandi.info\/index.php?rest_route=%2Fwp%2Fv2%2Fcomments&post=15520"}],"version-history":[{"count":1,"href":"https:\/\/nandi.info\/index.php?rest_route=\/wp\/v2\/posts\/15520\/revisions"}],"predecessor-version":[{"id":15523,"href":"https:\/\/nandi.info\/index.php?rest_route=\/wp\/v2\/posts\/15520\/revisions\/15523"}],"wp:featuredmedia":[{"embeddable":true,"href":"https:\/\/nandi.info\/index.php?rest_route=\/wp\/v2\/media\/15522"}],"wp:attachment":[{"href":"https:\/\/nandi.info\/index.php?rest_route=%2Fwp%2Fv2%2Fmedia&parent=15520"}],"wp:term":[{"taxonomy":"category","embeddable":true,"href":"https:\/\/nandi.info\/index.php?rest_route=%2Fwp%2Fv2%2Fcategories&post=15520"},{"taxonomy":"post_tag","embeddable":true,"href":"https:\/\/nandi.info\/index.php?rest_route=%2Fwp%2Fv2%2Ftags&post=15520"}],"curies":[{"name":"wp","href":"https:\/\/api.w.org\/{rel}","templated":true}]}}