{"id":15366,"date":"2023-09-09T09:58:22","date_gmt":"2023-09-09T07:58:22","guid":{"rendered":"https:\/\/nandi.info\/?p=15366"},"modified":"2023-09-09T09:58:22","modified_gmt":"2023-09-09T07:58:22","slug":"r-arouna-sougane-dg-de-linstitut-national-de-la-statistique-avec-plus-de-3-millions-dhabitants-bamako-devient-la-circonscription-administrative-la-plus-peuplee-du-mali","status":"publish","type":"post","link":"https:\/\/nandi.info\/?p=15366","title":{"rendered":"R. Arouna Sougan\u00e9, DG de l\u2019Institut national de la statistique : \u201cAvec plus de 3 millions d\u2019habitants, Bamako devient la circonscription administrative la plus peupl\u00e9e du Mali\u201d"},"content":{"rendered":"\n<h2 class=\"wp-block-heading\"><strong>\u201cLe RGPH5 a \u00e9t\u00e9 une op\u00e9ration pourvoyeuse d\u2019emplois durant toute la p\u00e9riode\u201d<\/strong><\/h2>\n\n\n\n<p><strong><em>Quelle est l\u2019importance d\u2019un Recensement G\u00e9n\u00e9ral de la Population et de l\u2019Habitat (RGPH) pour un pays comme le n\u00f4tre ? Que disent les donn\u00e9es du dernier recensement ? Combien cette op\u00e9ration a-t-elle co\u00fbt\u00e9 ? Quels ont \u00e9t\u00e9 les efforts d\u00e9ploy\u00e9s en termes de ressources humaines pour la r\u00e9aliser ? Ce sont, entre autres, questions que le Directeur G\u00e9n\u00e9ral de l\u2019Institut National de la Statistique (INSTAT), Dr. Arouna Sougan\u00e9, a bien voulu r\u00e9pondre. Dans l\u2019interview exclusive qui suit, on apprendra que Bamako devient la circonscription administrative la plus peupl\u00e9e du Mali et que&nbsp; le nombre d\u2019hommes habitant le territoire national d\u00e9passent celui des femmes.<\/em><\/strong><\/p>\n\n\n\n<p class=\"has-drop-cap\"><strong>Aujourd\u2019hui-Mali :<\/strong>\u00a0<strong><em>Quelle est l\u2019importance du Recensement g\u00e9n\u00e9ral de la population et de l\u2019habitat pour un pays comme le n\u00f4tre ?<\/em><\/strong><\/p>\n\n\n\n<p><strong>Dr. Arouna Sougan\u00e9 :&nbsp;<\/strong>Le Recensement g\u00e9n\u00e9ral de la population et de l\u2019habitat est une op\u00e9ration statistique permettant de d\u00e9nombrer l\u2019ensemble de la population et les habitations en vue de fournir aux d\u00e9cideurs des indicateurs pertinents sur l\u2019\u00e9tat de la population, sa structure, sa r\u00e9partition g\u00e9ographique (par quartier, village, fraction nomade). Une autre importance est que le Recensement contribue \u00e0 fournir des donn\u00e9es permettant de planifier des actions de d\u00e9veloppement et de suivre leurs mises en \u0153uvre.Le Recensement permet aussi d\u2019\u00e9valuer les actions de d\u00e9veloppement. Pour preuve, nous sommes dans la phase de mise en \u0153uvre des Objectifs du d\u00e9veloppement durable (ODD). Avec les r\u00e9sultats du Recensement, nous pouvons nous faire une id\u00e9e sur le niveau de mise en \u0153uvre de ce programme en termes d\u2019\u00e9ducation, de sant\u00e9, d\u2019emploi, etc. Il sert aussi aux d\u00e9cideurs \u00e0 prendre des pr\u00e9cautions pour la r\u00e9alisation des infrastructures sur le plan scolaire, \u00e9ducatif. Le tout concoure \u00e0 l\u2019am\u00e9lioration des conditions de vie et d\u2019existence des populations.<\/p>\n\n\n\n<p><strong><em>Le premier Recensement g\u00e9n\u00e9ral de la population et de l\u2019habitat a \u00e9t\u00e9 effectu\u00e9 en quelle ann\u00e9e ?<\/em><\/strong><\/p>\n\n\n\n<p>Le premier Recensement g\u00e9n\u00e9ral de la population a \u00e9t\u00e9 effectu\u00e9 en 1976. C\u2019\u00e9tait seulement le Recensement g\u00e9n\u00e9ral de la population. C\u2019est \u00e0 partir de 1987 que le volet habitat a \u00e9t\u00e9 ajout\u00e9. Maintenant, nous sommes au 5e Recensement g\u00e9n\u00e9ral de la population et de l\u2019habitat (RGPH5).<\/p>\n\n\n\n<p><strong><em>Le dernier recensement vous a pris combien de temps ?<\/em><\/strong><\/p>\n\n\n\n<p>Depuis 2016, les premi\u00e8res d\u00e9marches ont commenc\u00e9 dans l\u2019optique de pourvoir r\u00e9aliser le recensement en 2019. Contrairement \u00e0 celui de 2009, les Nations unies avaient recommand\u00e9 que tous les pays basculent vers un recensement num\u00e9rique. Des pays comme le Cap Vert et le S\u00e9n\u00e9gal, avaient d\u00e9j\u00e0 des exp\u00e9riences dans ce domaine. . Nous avons commenc\u00e9 \u00e0 faire des voyages d\u2019\u00e9tudes dans ces pays pour nous enqu\u00e9rir de leurs exp\u00e9riences. C\u2019est \u00e0 partir de cela que nous avons mont\u00e9 tous les documents y compris le budget pour les travaux de notre recensement. C\u2019est vrai que le r\u00e9sultat global du RGPH5 est disponible mais les travaux continuent toujours.<\/p>\n\n\n\n<p>Nous sommes dans la phase des analyses de ces r\u00e9sultats qui feront aussi l\u2019objet d\u2019une large diffusion.<\/p>\n\n\n\n<p><strong><em>Que peut-on retenir en termes de r\u00e9sultat de ce recensement ?<\/em><\/strong><\/p>\n\n\n\n<p>Avant d\u2019arriver au r\u00e9sultat, il est aussi important de dire qu\u2019est-ce qu\u2019on peut retenir de sa mise en \u0153uvre. Durant cette op\u00e9ration, l\u2019Institut national de la statistique,&nbsp; s\u2019est fait accompagner par l\u2019ensemble du Syst\u00e8me statistique national du Mali.<\/p>\n\n\n\n<p>Dans un premier temps, cette op\u00e9ration a permis de renforcer les capacit\u00e9s op\u00e9rationnelles des cadres du Syst\u00e8me statistique, nous permettant d\u2019avoir une masse critique de cadres comp\u00e9tents capables de mettre en \u0153uvre des op\u00e9rations de recensement. Cela est un acquis.<\/p>\n\n\n\n<p>L\u2019op\u00e9ration nous a aussi permis d\u2019avoir beaucoup de mat\u00e9riels.<\/p>\n\n\n\n<p>S\u2019agissant du r\u00e9sultat, nous avons pu d\u00e9nombrer plus de 22 millions de personnes. Ce r\u00e9sultat n\u2019est pas loin des pr\u00e9visions des Nations unies ou de la Direction Nationale de la Population (DNP) qui avaient presque pr\u00e9dit les m\u00eames chiffres. Pour \u00eatre pr\u00e9cis, nous avons eu 22 395 499 d\u2019habitants sur l\u2019ensemble du territoire national. Ce r\u00e9sultat a \u00e9t\u00e9 obtenu aupr\u00e8s de trois groupes.<\/p>\n\n\n\n<p>Le premier groupe est compos\u00e9 de personnes qui vivent dans des m\u00e9nages ordinaires ; le second groupe comprend les sans domiciles fixes que nous appelons la population flottante ; le dernier groupe repr\u00e9sente la population qui se trouve dans les m\u00e9nages collectifs dont les h\u00f4pitaux o\u00f9 on garde les grands malades. C\u2019est tout cela compris qui fait 22 395 499 de personnes, y compris les \u00e9trangers vivants au&nbsp; Mali, parce que le Recensement g\u00e9n\u00e9ral de la population et de l\u2019habitat concerne toutes les personnes vivant sur le territoire durant une p\u00e9riode donn\u00e9e. Ces personnes peuvent \u00eatre des nationaux ou des \u00e9trang\u00e8res pour la simple raison que ces \u00e9trangers utilisent les services sociaux du pays.<\/p>\n\n\n\n<p>Ce r\u00e9sultat a confirm\u00e9 la jeunesse de la population malienne. Au moins, 53,6 % de la population malienne est jeune et ont moins de 17 ans. La tranche d\u2019\u00e2ge de 0 \u00e0 4 ans repr\u00e9sente 18 %. Ce qui veut dire que 18 % de la population malienne ont besoin de p\u00e9diatres. Au niveau des autorit\u00e9s sanitaires, on doit songer \u00e0 former plus de p\u00e9diatres pour s\u2019occuper de ces enfants.<\/p>\n\n\n\n<p>Les 0 \u00e0 15 ans repr\u00e9sentent 47,2 % de la population. Ce qui confirme que la population est extr\u00eamement jeune.<\/p>\n\n\n\n<p>Tous les autres recensements avaient montr\u00e9 que les femmes sont plus nombreuses que les hommes. Au dernier, le contraire s\u2019est produit. Si les gens suivent un peu l\u2019\u00e9volution,<\/p>\n\n\n\n<p>Du premier recensement de 1976 \u00e0 celui de 2022, l\u2019\u00e9cart s\u2019est consid\u00e9rablement r\u00e9tr\u00e9cit entre les hommes et les femmes. La proportion des femmes est pass\u00e9e de 55,7 %, 52,48 % et 51,49 % de la population lors des pr\u00e9c\u00e9dents recensements.<\/p>\n\n\n\n<p>Le tout dernier Recensement a r\u00e9v\u00e9l\u00e9 que les femmes repr\u00e9sentent 49,7 % et les hommes 50,3 %.&nbsp; Ce changement \u00e9tait pr\u00e9visible parce qu\u2019\u00e0 la naissance, il a plus de jeunes gar\u00e7ons que de jeunes filles. Par le pass\u00e9, les jeunes gar\u00e7ons subissaient plus la mortalit\u00e9 infantile que les jeunes filles. Aussi, l\u2019esp\u00e9rance de vie des femmes \u00e9tait plus \u00e9lev\u00e9e que celle des hommes. Ces deux ph\u00e9nom\u00e8nes justifiaient qu\u2019il y avait plus de femmes que d\u2019hommes. Mais avec l\u2019\u00e9volution de la m\u00e9decine, la mortalit\u00e9 infantile a baiss\u00e9, ce qui a permis de stabiliser la population masculine.<\/p>\n\n\n\n<p>Autre explication : le Mali est un pays de migration. Par le pass\u00e9, ce sont les hommes qui \u00e9migraient ; les femmes \u00e9taient moins candidates \u00e0 la migration. Aujourd\u2019hui de plus en plus des maliennes sortent hors du pays, soit pour rejoindre leurs maris soit pour aller \u00e0 la recherche du bien-\u00eatre. Aussi, le Mali re\u00e7oit de plus en plus d\u2019\u00e9trangers et ce sont des hommes qui viennent g\u00e9n\u00e9ralement dans notre pays. De nos jours, nous avons aussi les agents de la Minusma dans notre pays. Et dans ces contingents, il y a plus d\u2019hommes que de femmes.<\/p>\n\n\n\n<p>Par ailleurs, nous sommes en p\u00e9riode des crises qui a entrain\u00e9 des r\u00e9fugi\u00e9s. Des Maliens sont partis hors du pays pour leur protection et dans les camps de r\u00e9fugi\u00e9s, il y a plus de femmes que d\u2019hommes. Ce sont ces facteurs r\u00e9unis qui font de nos jours que les hommes sont plus nombreux que les femmes sur le territoire national.<\/p>\n\n\n\n<p><strong><em>A travers les donn\u00e9es \u00e0 votre disposition, est-ce que de nos jours, vous \u00eates en mesure de dire le nombre d\u2019\u00e9trangers qui vivent sur le territoire national ?<\/em><\/strong><\/p>\n\n\n\n<p>Pour le moment, nous avons des r\u00e9sultats globaux \u00e0 notre disposition. Ces r\u00e9sultats sont en phase d\u2019analyse.<\/p>\n\n\n\n<p><strong><em>Du dernier recensement \u00e0 celui effectu\u00e9 r\u00e9cemment, la population a augment\u00e9 de combien pour cent ?<\/em><\/strong><\/p>\n\n\n\n<p>La population malienne a augment\u00e9 du dernier recensement \u00e0 maintenant de 3,3 % par an.<\/p>\n\n\n\n<p><strong><em>Pourquoi les Maliens de l\u2019ext\u00e9rieur n\u2019ont pas \u00e9t\u00e9 pris en compte ?<\/em><\/strong><\/p>\n\n\n\n<p>La m\u00e9thodologie m\u00eame d\u2019un recensement ne sied pas \u00e0 cela. Les recensements concernent la population vivant sur le territoire national \u00e0 un moment donn\u00e9. Donc, les Maliens de l\u2019ext\u00e9rieur ne font pas partie.<\/p>\n\n\n\n<p>Lors des recensements dans les autres pays, nos compatriotes sont pris en compte dans leurs statistiques. Comme nous sommes dans le recensement 2020 des Nations unies, il se trouve que presque beaucoup de pays sont en train de r\u00e9aliser ou ont d\u00e9j\u00e0 r\u00e9alis\u00e9 leurs recensements. C\u2019est le cas notamment pour le Burkina, la C\u00f4te d\u2019Ivoire, le Niger, la Guin\u00e9e, la Mauritanie, le S\u00e9n\u00e9gal. Avec les donn\u00e9es de ces pays, on peut connaitre facilement le nombre de nos compatriotes qui y vivent.<\/p>\n\n\n\n<p><strong><em>Est-ce qu\u2019au terme de ce processus vous avez une id\u00e9e sur les localit\u00e9s les plus peupl\u00e9es du pays ?<\/em><\/strong><\/p>\n\n\n\n<p>Quand on terminait ce recensement, il a co\u00efncid\u00e9 avec le nouveau d\u00e9coupage administratif. Avant ce d\u00e9coupage, c\u2019est Sikasso qui \u00e9tait la r\u00e9gion la plus peupl\u00e9e du Mali. Mais avec le nouveau d\u00e9coupage, Sikasso a \u00e9t\u00e9 scind\u00e9 en trois r\u00e9gions : Bougouni, Koutiala et Sikasso. Et, il se trouve que les deux cercles les plus peupl\u00e9s de la r\u00e9gion de Sikasso ne font plus partie de cette entit\u00e9 r\u00e9gionale. Du coup, elle ne sera plus la zone qui compte le plus grand nombre d\u2019habitants.<\/p>\n\n\n\n<p>Il se trouve que Bamako, qui a pris une bonne partie du cercle de Kati, devient la circonscription administrative qui a le plus grand nombre d\u2019habitants. Sinon, lors du recensement de 2009, Sikasso \u00e9tait en t\u00eate avec 2 751 155 habitants, suivi de Koulikoro avec 2 304 237 de personnes ; ensuite venait S\u00e9gou avec 2 242 874 d\u2019habitants. C\u2019\u00e9tait les trois r\u00e9gions les plus peupl\u00e9es. Apr\u00e8s, on retrouvait Mopti et Kayes.<\/p>\n\n\n\n<p>Bamako venait juste apr\u00e8s Kayes avec 1 776 000 habitants. Les r\u00e9gions de Tombouctou, Gao et Kidal suivaient.<\/p>\n\n\n\n<p>Avec le nouveau d\u00e9coupage, la population de Bamako se chiffre \u00e0 plus de 3 millions d\u2019habitants. La capitale devient d\u00e9sormais la circonscription administrative la plus peupl\u00e9e du pays. D\u00e8s que nous allons finir avec le travail, nous serons en mesure de donner le chiffre exact. L\u2019augmentation de la population de Bamako s\u2019explique surtout par le fait que la ville a pris une bonne partie des communes p\u00e9riph\u00e9riques qui se trouvaient par le pass\u00e9 dans le cercle de Kati.<\/p>\n\n\n\n<p><strong><em>Combien de personnes ont \u00e9t\u00e9 d\u00e9ploy\u00e9es sur le terrain pour le d\u00e9nombrement?<\/em><\/strong><\/p>\n\n\n\n<p>Je vous avoue que le recensement a \u00e9t\u00e9 vraiment une op\u00e9ration pourvoyeuse d\u2019emplois durant toute la p\u00e9riode. Les travaux pr\u00e9liminaires ont commenc\u00e9 en 2016. En 2018, nous avons recrut\u00e9 un certain nombre de jeunes, plus pr\u00e9cis\u00e9ment 120 personnes pour les travaux de digitalisation. Pendant la cartographie, nous avons utilis\u00e9 350 jeunes pour le Sud du pays et 200 jeunes pour le Nord, sans oublier que nous avons aussi recrut\u00e9 plus de 500 jeunes au sud du pays et plus de 200 au nord comme contr\u00f4leurs.<\/p>\n\n\n\n<p>Les chefs d\u2019\u00e9quipes de recensement \u00e9taient au nombre de 4 500 personnes et les agents recenseurs 27 000 sur l\u2019ensemble du territoire national.<\/p>\n\n\n\n<p>En tout, on peut estimer \u00e0 plus de 34 000 agents le nombre de personnes recrut\u00e9es durant le processus du RGPH5.<\/p>\n\n\n\n<p><strong><em>Et le co\u00fbt de l\u2019op\u00e9ration ?<\/em><\/strong><\/p>\n\n\n\n<p>Au d\u00e9part, on avait fait un budget de 25 milliards F CFA mais \u00e0 la date d\u2019aujourd\u2019hui, ce sont plus de 22 milliards F CFA qui ont \u00e9t\u00e9 utilis\u00e9s. L\u2019Etat a contribu\u00e9 \u00e0 hauteur de 35 % \u00e0 ce budget.&nbsp; A c\u00f4t\u00e9 de l\u2019Etat, il y a des partenaires bilat\u00e9raux et multilat\u00e9raux. Parmi les bilat\u00e9raux, nous avons la Su\u00e8de, les Pays-Bas, la Norv\u00e8ge, le Japon, l\u2019Allemagne, la Suisse. Pour les multilat\u00e9raux, il y a UNFPA, qui est le chef de file des PTF, la Banque mondiale \u00e0 travers le Projet d\u2019am\u00e9lioration du Syst\u00e8me statistique national du Mali. L\u2019Unicef et l\u2019UNHCR nous ont aussi \u00e9paul\u00e9s.<\/p>\n\n\n\n<p>Au plan technique, l\u2019USAID a contribu\u00e9. Elle n\u2019a pas fait de contribution financi\u00e8re mais elle a pris en charge l\u2019appui du bureau du recensement des Etats-Unis. Afristat et la CEA nous ont aid\u00e9s dans les travaux pr\u00e9paratoires et nous avons b\u00e9n\u00e9fici\u00e9 du soutien de l\u2019Agence nationale de la statistique et de la d\u00e9mographie du S\u00e9n\u00e9gal. Sans oublier que nous avons \u00e9t\u00e9 \u00e9paul\u00e9s par le bureau central du recensement du Cameroun et des universitaires des Etats-Unis.<\/p>\n\n\n\n<p>Bref, nous avons \u00e9t\u00e9 accompagn\u00e9s par beaucoup de sp\u00e9cialistes.<\/p>\n\n\n\n<p><strong><em>A quand le prochain r\u00e9cemment ?<\/em><\/strong><\/p>\n\n\n\n<p>Conform\u00e9ment aux recommandations internationales, les pays en d\u00e9veloppement comme le n\u00f4tre doivent faire un recensement tous les 10 ans. Pour des raisons diverses, il a malheureusement eu des d\u00e9calages d\u2019un an, voire deux ou trois ans par rapport \u00e0 cette pr\u00e9vision. C\u2019est pour cela que le premier recensement eu lieu en 1976, le second en 1987, le troisi\u00e8me en 1998, le quatri\u00e8me en 2009. Le cinqui\u00e8me a \u00e9t\u00e9 boucl\u00e9 en 2022.Si on s\u2019en tient aux textes, le prochain recensement se fera en 2032.<\/p>\n\n\n\n<p><strong><em>Quels sont les d\u00e9fis auxquels vous avez \u00e9t\u00e9 confront\u00e9s durant le recensement?<\/em><\/strong><\/p>\n\n\n\n<p>Nous avons eu \u00e0 faire face \u00e0 de nombreux d\u00e9fis notamment la situation s\u00e9curitaire du pays. L\u2019id\u00e9al aurait \u00e9t\u00e9 de faire le recensement num\u00e9rique sur toute l\u2019\u00e9tendue du territoire national, mais compte tenue de la situation s\u00e9curitaire et en vue de garantir l\u2019int\u00e9grit\u00e9 physique des agents, nous avons scind\u00e9 le pays en deux parties. Une partie a \u00e9t\u00e9 faite avec le num\u00e9rique et l\u2019autre de fa\u00e7on classique.<\/p>\n\n\n\n<p>A ce d\u00e9fi, s\u2019ajoute la situation sociopolitique du pays qui a rendu difficile la mobilisation des ressources. C\u2019est pour cela qu\u2019il y a eu beaucoup de reports. Car \u00e0 chaque \u00e9tape du processus, il fallait batailler dur pour la mobilisation des ressources tandis que chaque date et chaque \u00e9tape compte.<\/p>\n\n\n\n<p>Je profite de cette occasion pour saluer l\u2019engagement patriotique du gouvernement de Transition qui s\u2019est investi pour la concr\u00e9tisation de ce projet.<\/p>\n\n\n\n<p>D\u2019ailleurs, nous sommes toujours \u00e0 la recherche de financements pour les autres \u00e9tapes, notamment le rapport d\u2019analyse.<\/p>\n\n\n\n<p>Sur le plan technique, nous avons \u00e9t\u00e9 confront\u00e9s \u00e0 beaucoup d\u2019incompr\u00e9hensions de la part de certains jeunes agents recenseurs. C\u2019est vrai que nous avons recrut\u00e9 les jeunes mais compte tenu des difficult\u00e9s financi\u00e8res, on ne pouvait pas payer le montant auquel beaucoup aspiraient. C\u2019est pourquoi certains ont commenc\u00e9 la formation et ont refus\u00e9 d\u2019aller sur le terrain. Des attitudes qui ont jou\u00e9 un peu sur nous mais nous sommes parvenus \u00e0 surmonter ces d\u00e9fis car beaucoup d\u2019autres jeunes ont compris qu\u2019il s\u2019agissait d\u2019un sacrifice et se sont donn\u00e9s \u00e0 fond. Et le r\u00e9sultat que nous avons obtenu est appr\u00e9ci\u00e9 par beaucoup de sp\u00e9cialistes du domaine.<\/p>\n\n\n\n<p>Quand nous avons eu les premi\u00e8res donn\u00e9es, nous les avons mises \u00e0 la disposition des sp\u00e9cialistes. Ces derniers les ont appr\u00e9ci\u00e9es et ont attest\u00e9 qu\u2019elles pourront servir efficacement de base pour l\u2019\u00e9laboration des politiques pour les prises de d\u00e9cisions.&nbsp; Nous avons m\u00eame eu un troph\u00e9e de la part de l\u2019organisme qui d\u00e9veloppe les logiciels de cartographie pour la qualit\u00e9 de notre travail. Cette structure a t\u00e9moign\u00e9 que nous faisons partie des meilleurs pays qui ont fait un bon usage de ses outils. C\u2019est juste pour vous dire que malgr\u00e9 les d\u00e9fis, nous sommes arriv\u00e9es \u00e0 de meilleurs r\u00e9sultats. Comme on le dit souvent la fin justifie les moyens. C\u2019est le lieu pour moi de saluer tous les acteurs \u00e0 tous les niveaux, des agents de terrain, les forces de s\u00e9curit\u00e9, les agents du BCR, sans oublier les journalistes avec les messages de sensibilisation qui ont permis aux populations d\u2019adh\u00e9rer au recensement et d\u2019atteindre ce r\u00e9sultat.<\/p>\n\n\n\n<p><strong>\u00a0\u00a0\u00a0\u00a0\u00a0\u00a0\u00a0\u00a0\u00a0 R\u00e9alis\u00e9 par Kassoum Th\u00e9ra<\/strong><\/p>\n","protected":false},"excerpt":{"rendered":"<p>\u201cLe RGPH5 a \u00e9t\u00e9 une op\u00e9ration pourvoyeuse d\u2019emplois durant toute la p\u00e9riode\u201d Quelle est l\u2019importance d\u2019un Recensement G\u00e9n\u00e9ral de la Population et de l\u2019Habitat (RGPH) pour un pays comme le&hellip;<\/p>\n","protected":false},"author":1,"featured_media":15369,"comment_status":"open","ping_status":"closed","sticky":false,"template":"","format":"standard","meta":{"content-type":"","_lmt_disableupdate":"","_lmt_disable":"","_jetpack_memberships_contains_paid_content":false,"footnotes":"","jetpack_publicize_message":"","jetpack_publicize_feature_enabled":true,"jetpack_social_post_already_shared":true,"jetpack_social_options":{"image_generator_settings":{"template":"highway","default_image_id":0,"font":"","enabled":false},"version":2}},"categories":[19,63,21],"tags":[],"class_list":["post-15366","post","type-post","status-publish","format-standard","has-post-thumbnail","hentry","category-aujourdhui-mali","category-interview","category-societe"],"jetpack_publicize_connections":[],"featured_image_urls":{"full":"","thumbnail":"","medium":"","medium_large":"","large":"","1536x1536":"","2048x2048":"","penci-recipe-1200x1200":"","penci-recipe-1200x900":"","penci-recipe-1200x675":"","penci-single-full":"","penci-slider-full-thumb":"","penci-full-thumb":"","penci-slider-thumb":"","penci-magazine-slider":"","penci-thumb":"","penci-masonry-thumb":"","penci-thumb-square":"","penci-thumb-vertical":"","penci-thumb-small":""},"author_info":{"display_name":"Nandi","author_link":"https:\/\/nandi.info\/?author=1"},"category_info":"<a href=\"https:\/\/nandi.info\/?cat=19\" rel=\"category\">Aujourd\u2019hui Mali<\/a> <a href=\"https:\/\/nandi.info\/?cat=63\" rel=\"category\">Interview<\/a> <a href=\"https:\/\/nandi.info\/?cat=21\" rel=\"category\">Soci\u00e9t\u00e9<\/a>","tag_info":"Soci\u00e9t\u00e9","comment_count":"0","jetpack_featured_media_url":"","jetpack_sharing_enabled":true,"_links":{"self":[{"href":"https:\/\/nandi.info\/index.php?rest_route=\/wp\/v2\/posts\/15366","targetHints":{"allow":["GET"]}}],"collection":[{"href":"https:\/\/nandi.info\/index.php?rest_route=\/wp\/v2\/posts"}],"about":[{"href":"https:\/\/nandi.info\/index.php?rest_route=\/wp\/v2\/types\/post"}],"author":[{"embeddable":true,"href":"https:\/\/nandi.info\/index.php?rest_route=\/wp\/v2\/users\/1"}],"replies":[{"embeddable":true,"href":"https:\/\/nandi.info\/index.php?rest_route=%2Fwp%2Fv2%2Fcomments&post=15366"}],"version-history":[{"count":0,"href":"https:\/\/nandi.info\/index.php?rest_route=\/wp\/v2\/posts\/15366\/revisions"}],"wp:featuredmedia":[{"embeddable":true,"href":"https:\/\/nandi.info\/index.php?rest_route=\/"}],"wp:attachment":[{"href":"https:\/\/nandi.info\/index.php?rest_route=%2Fwp%2Fv2%2Fmedia&parent=15366"}],"wp:term":[{"taxonomy":"category","embeddable":true,"href":"https:\/\/nandi.info\/index.php?rest_route=%2Fwp%2Fv2%2Fcategories&post=15366"},{"taxonomy":"post_tag","embeddable":true,"href":"https:\/\/nandi.info\/index.php?rest_route=%2Fwp%2Fv2%2Ftags&post=15366"}],"curies":[{"name":"wp","href":"https:\/\/api.w.org\/{rel}","templated":true}]}}