{"id":15348,"date":"2023-09-08T13:58:22","date_gmt":"2023-09-08T11:58:22","guid":{"rendered":"https:\/\/nandi.info\/?p=15348"},"modified":"2023-09-08T13:58:22","modified_gmt":"2023-09-08T11:58:22","slug":"sommet-du-g20-2023-a-new-delhi-article-du-premier-ministre-de-linde-m-narendra-modi","status":"publish","type":"post","link":"https:\/\/nandi.info\/?p=15348","title":{"rendered":"Sommet du G20 2023 \u00e0 New Delhi : Article du Premier ministre de l\u2019Inde M. Narendra Modi"},"content":{"rendered":"\n<p><strong>La mondialisation centr\u00e9e sur l\u2019homme : Le G20 au bout du chemin, sans laisser personne sur le bord de la route<\/strong><\/p>\n\n\n\n<p class=\"has-drop-cap\">Vasudhaiva Kutumbakam\u201d : ces deux mots traduisent une philosophie profonde. Ils signifient que \u201cle monde est une seule famille\u201d. Il s\u2019agit d\u2019une vision globale qui nous encourage \u00e0 progresser en tant que famille universelle, au-del\u00e0 des fronti\u00e8res, des langues et des id\u00e9ologies. Au cours de la pr\u00e9sidence indienne du G20, cela s\u2019est traduit par un appel \u00e0 un progr\u00e8s centr\u00e9 sur l\u2019homme. En tant que \u201cUne Terre\u201d, nous nous rassemblons pour nourrir notre plan\u00e8te. En tant qu\u2019une seule famille, nous nous soutenons mutuellement dans la poursuite de la croissance. Et nous avan\u00e7ons ensemble vers un avenir commun \u2013 un seul avenir \u2013 ce qui est une v\u00e9rit\u00e9 ind\u00e9niable en ces temps d\u2019interconnexion.<\/p>\n\n\n\n<p>L\u2019ordre mondial post-pand\u00e9mique est tr\u00e8s diff\u00e9rent du monde qui l\u2019a pr\u00e9c\u00e9d\u00e9. Il y a trois changements importants, parmi d\u2019autres.<\/p>\n\n\n\n<p>Premi\u00e8rement, on prend de plus en plus conscience de la n\u00e9cessit\u00e9 de passer d\u2019une vision du monde centr\u00e9e sur le PIB \u00e0 une vision centr\u00e9e sur l\u2019\u00eatre humain.<\/p>\n\n\n\n<p>Deuxi\u00e8mement, le monde reconna\u00eet l\u2019importance de la r\u00e9silience et de la fiabilit\u00e9 des cha\u00eenes d\u2019approvisionnement mondiales.<\/p>\n\n\n\n<p>Troisi\u00e8mement, il y a un appel collectif pour stimuler le multilat\u00e9ralisme \u00e0 travers la r\u00e9forme des institutions mondiales.<\/p>\n\n\n\n<p>Notre pr\u00e9sidence du G20 a jou\u00e9 un r\u00f4le de catalyseur dans ces changements.<\/p>\n\n\n\n<p>En d\u00e9cembre 2022, lorsque nous avons succ\u00e9d\u00e9 \u00e0 l\u2019Indon\u00e9sie \u00e0 la pr\u00e9sidence, j\u2019avais \u00e9crit que le G20 devait catalyser un changement d\u2019\u00e9tat d\u2019esprit. Ce changement \u00e9tait particuli\u00e8rement n\u00e9cessaire dans le contexte de l\u2019int\u00e9gration des aspirations marginalis\u00e9es des pays en d\u00e9veloppement, du Sud et de l\u2019Afrique.<\/p>\n\n\n\n<p>Le sommet \u201cVoice of Global South\u201d en janvier 2023, auquel ont particip\u00e9 125 pays, a \u00e9t\u00e9 l\u2019une des principales initiatives de notre pr\u00e9sidence. Il s\u2019agissait d\u2019un exercice important pour recueillir les contributions et les id\u00e9es des pays du Sud. En outre, notre pr\u00e9sidence a non seulement vu la participation la plus importante jamais enregistr\u00e9e de la part des pays africains, mais elle a \u00e9galement pouss\u00e9 \u00e0 l\u2019inclusion de l\u2019Union africaine en tant que membre permanent du G20.<\/p>\n\n\n\n<p>Un monde interconnect\u00e9 signifie que nos d\u00e9fis dans tous les domaines sont li\u00e9s. Nous sommes \u00e0 mi-parcours de l\u2019Agenda 2030 et nombreux sont ceux qui constatent avec inqui\u00e9tude que les progr\u00e8s r\u00e9alis\u00e9s dans le cadre des ODD ne sont pas au rendez-vous. Le plan d\u2019action 2023 du G20 sur l\u2019acc\u00e9l\u00e9ration des progr\u00e8s en mati\u00e8re d\u2019ODD sera le fer de lance de l\u2019orientation future du G20 vers la mise en \u0153uvre des ODD.<\/p>\n\n\n\n<p>En Inde, vivre en harmonie avec la nature est une norme depuis les temps anciens et nous avons contribu\u00e9 \u00e0 l\u2019action climatique m\u00eame \u00e0 l\u2019\u00e9poque moderne.<\/p>\n\n\n\n<p>De nombreux pays du Sud se trouvent \u00e0 diff\u00e9rents stades de d\u00e9veloppement et l\u2019action climatique doit \u00eatre compl\u00e9mentaire. Les ambitions en mati\u00e8re d\u2019action climatique doivent s\u2019accompagner d\u2019actions en mati\u00e8re de financement du climat et de transfert de technologies.<\/p>\n\n\n\n<p>Nous pensons qu\u2019il est n\u00e9cessaire de s\u2019\u00e9loigner d\u2019une attitude purement restrictive de ce qui ne doit pas \u00eatre fait, pour adopter une attitude plus constructive se concentrant sur ce qui peut \u00eatre fait pour lutter contre le changement climatique.<\/p>\n\n\n\n<p>Les Principes de Haut Niveau de Chennai pour une \u00e9conomie bleue durable et r\u00e9siliente se concentrent sur le maintien de la sant\u00e9 de nos oc\u00e9ans.<\/p>\n\n\n\n<p>Un \u00e9cosyst\u00e8me mondial pour l\u2019hydrog\u00e8ne propre et vert \u00e9mergera de notre pr\u00e9sidence, ainsi qu\u2019un centre d\u2019innovation pour l\u2019hydrog\u00e8ne vert.<\/p>\n\n\n\n<p>En 2015, nous avons lanc\u00e9 l\u2019Alliance solaire internationale. Aujourd\u2019hui, gr\u00e2ce \u00e0 l\u2019Alliance mondiale pour les biocarburants, nous aiderons le monde \u00e0 r\u00e9aliser des transitions \u00e9nerg\u00e9tiques en phase avec les avantages d\u2019une \u00e9conomie circulaire.<\/p>\n\n\n\n<p>D\u00e9mocratiser l\u2019action climatique est le meilleur moyen de donner de l\u2019\u00e9lan au mouvement. Tout comme les individus prennent des d\u00e9cisions quotidiennes en fonction de leur sant\u00e9 \u00e0 long terme, ils peuvent prendre des d\u00e9cisions concernant leur mode de vie en fonction de l\u2019impact sur la sant\u00e9 \u00e0 long terme de la plan\u00e8te. Tout comme le yoga est devenu un mouvement de masse mondial pour le bien-\u00eatre, nous avons \u00e9galement donn\u00e9 un coup de pouce au monde avec les modes de vie pour un environnement durable (Lifestyles for Sustainable Environment \u2013 LiFE).<\/p>\n\n\n\n<p>En raison de l\u2019impact du changement climatique, il sera crucial de garantir la s\u00e9curit\u00e9 alimentaire et nutritionnelle. Les millets, ou Shree Anna, peuvent y contribuer tout en favorisant une agriculture intelligente face au climat. \u00c0 l\u2019occasion de l\u2019Ann\u00e9e internationale du millet, nous avons fait d\u00e9couvrir le millet aux palais du monde entier. Les principes de haut niveau du Deccan sur la s\u00e9curit\u00e9 alimentaire et la nutrition sont \u00e9galement utiles dans ce sens.<\/p>\n\n\n\n<p>La technologie est un facteur de transformation, mais il faut aussi la rendre accessible \u00e0 tous. Par le pass\u00e9, toutes les couches de la soci\u00e9t\u00e9 n\u2019ont pas profit\u00e9 de la m\u00eame mani\u00e8re des avanc\u00e9es technologiques. L\u2019Inde, au cours des derni\u00e8res ann\u00e9es, a montr\u00e9 comment la technologie peut \u00eatre utilis\u00e9e pour r\u00e9duire les in\u00e9galit\u00e9s, plut\u00f4t que de les creuser.<\/p>\n\n\n\n<p>Par exemple, les milliards de personnes dans le monde qui ne sont pas bancaris\u00e9es ou qui n\u2019ont pas d\u2019identit\u00e9 num\u00e9rique peuvent \u00eatre int\u00e9gr\u00e9es financi\u00e8rement gr\u00e2ce \u00e0 l\u2019infrastructure publique num\u00e9rique (IPN). Les solutions que nous avons \u00e9labor\u00e9es \u00e0 l\u2019aide de l\u2019IAP sont d\u00e9sormais reconnues \u00e0 l\u2019\u00e9chelle mondiale. Aujourd\u2019hui, par l\u2019interm\u00e9diaire du G20, nous allons aider les pays en d\u00e9veloppement \u00e0 adapter, \u00e0 mettre en place et \u00e0 d\u00e9velopper l\u2019IAP afin de lib\u00e9rer le pouvoir de la croissance inclusive.<\/p>\n\n\n\n<p>Ce n\u2019est pas un hasard si l\u2019Inde est la grande \u00e9conomie qui conna\u00eet la croissance la plus rapide. Nos solutions simples, \u00e9volutives et durables ont permis aux personnes vuln\u00e9rables et marginalis\u00e9es de prendre la t\u00eate de notre d\u00e9veloppement. De l\u2019espace au sport, de l\u2019\u00e9conomie \u00e0 l\u2019entrepreneuriat, les femmes indiennes ont pris la t\u00eate de divers secteurs. Elles ont fait passer le r\u00e9cit du d\u00e9veloppement des femmes \u00e0 un d\u00e9veloppement men\u00e9 par les femmes. Notre pr\u00e9sidence du G20 s\u2019efforce de combler le foss\u00e9 num\u00e9rique entre les sexes, de r\u00e9duire les \u00e9carts de participation au march\u00e9 du travail et de permettre aux femmes de jouer un r\u00f4le plus important dans le leadership et la prise de d\u00e9cision.<\/p>\n\n\n\n<p>Pour l\u2019Inde, la pr\u00e9sidence du G20 n\u2019est pas seulement une entreprise diplomatique de haut niveau. En tant que m\u00e8re de la d\u00e9mocratie et mod\u00e8le de diversit\u00e9, nous avons ouvert les portes de cette exp\u00e9rience au monde entier.<\/p>\n\n\n\n<p>Aujourd\u2019hui, accomplir des choses \u00e0 grande \u00e9chelle est une qualit\u00e9 associ\u00e9e \u00e0 l\u2019Inde. La pr\u00e9sidence du G20 ne fait pas exception. C\u2019est devenu un mouvement dirig\u00e9 par des personnes. Plus de 200 r\u00e9unions auront \u00e9t\u00e9 organis\u00e9es dans 60 villes indiennes \u00e0 travers tout le pays, accueillant pr\u00e8s de 100 000 d\u00e9l\u00e9gu\u00e9s de 125 pays \u00e0 la fin de notre mandat. Aucune pr\u00e9sidence n\u2019a jamais englob\u00e9 une \u00e9tendue g\u00e9ographique aussi vaste et diversifi\u00e9e.<\/p>\n\n\n\n<p>C\u2019est une chose d\u2019entendre parler de la d\u00e9mographie, de la d\u00e9mocratie, de la diversit\u00e9 et du d\u00e9veloppement de l\u2019Inde par quelqu\u2019un d\u2019autre. C\u2019est tout \u00e0 fait diff\u00e9rent d\u2019en faire l\u2019exp\u00e9rience directe. Je suis s\u00fbr que nos d\u00e9l\u00e9gu\u00e9s au G20 en t\u00e9moigneraient.<\/p>\n\n\n\n<p>Notre pr\u00e9sidence du G20 s\u2019efforce de combler les foss\u00e9s, de d\u00e9manteler les barri\u00e8res et de semer les graines de la collaboration qui nourrissent un monde o\u00f9 l\u2019unit\u00e9 l\u2019emporte sur la discorde, o\u00f9 la communaut\u00e9 de destin \u00e9clipse l\u2019isolement. En tant que pr\u00e9sident du G20, nous nous sommes engag\u00e9s \u00e0 \u00e9largir la table mondiale, en veillant \u00e0 ce que chaque voix soit entendue et \u00e0 ce que chaque pays apporte sa contribution. Je suis convaincu que nous avons concr\u00e9tis\u00e9 notre engagement par des actions et des r\u00e9sultats.<\/p>\n\n\n\n<p><strong>Le R\u00e9publicain Mali<\/strong><\/p>\n","protected":false},"excerpt":{"rendered":"<p>La mondialisation centr\u00e9e sur l\u2019homme : Le G20 au bout du chemin, sans laisser personne sur le bord de la route Vasudhaiva Kutumbakam\u201d : ces deux mots traduisent une philosophie&hellip;<\/p>\n","protected":false},"author":1,"featured_media":15353,"comment_status":"open","ping_status":"closed","sticky":false,"template":"","format":"standard","meta":{"content-type":"","_lmt_disableupdate":"","_lmt_disable":"","_jetpack_memberships_contains_paid_content":false,"footnotes":"","jetpack_publicize_message":"","jetpack_publicize_feature_enabled":true,"jetpack_social_post_already_shared":true,"jetpack_social_options":{"image_generator_settings":{"template":"highway","default_image_id":0,"font":"","enabled":false},"version":2}},"categories":[57,69],"tags":[],"class_list":["post-15348","post","type-post","status-publish","format-standard","has-post-thumbnail","hentry","category-international","category-le-republicain-mali"],"jetpack_publicize_connections":[],"featured_image_urls":{"full":"","thumbnail":"","medium":"","medium_large":"","large":"","1536x1536":"","2048x2048":"","penci-recipe-1200x1200":"","penci-recipe-1200x900":"","penci-recipe-1200x675":"","penci-single-full":"","penci-slider-full-thumb":"","penci-full-thumb":"","penci-slider-thumb":"","penci-magazine-slider":"","penci-thumb":"","penci-masonry-thumb":"","penci-thumb-square":"","penci-thumb-vertical":"","penci-thumb-small":""},"author_info":{"display_name":"Nandi","author_link":"https:\/\/nandi.info\/?author=1"},"category_info":"<a href=\"https:\/\/nandi.info\/?cat=57\" rel=\"category\">International<\/a> <a href=\"https:\/\/nandi.info\/?cat=69\" rel=\"category\">Le R\u00e9publicain Mali<\/a>","tag_info":"Le R\u00e9publicain Mali","comment_count":"0","jetpack_featured_media_url":"","jetpack_sharing_enabled":true,"_links":{"self":[{"href":"https:\/\/nandi.info\/index.php?rest_route=\/wp\/v2\/posts\/15348","targetHints":{"allow":["GET"]}}],"collection":[{"href":"https:\/\/nandi.info\/index.php?rest_route=\/wp\/v2\/posts"}],"about":[{"href":"https:\/\/nandi.info\/index.php?rest_route=\/wp\/v2\/types\/post"}],"author":[{"embeddable":true,"href":"https:\/\/nandi.info\/index.php?rest_route=\/wp\/v2\/users\/1"}],"replies":[{"embeddable":true,"href":"https:\/\/nandi.info\/index.php?rest_route=%2Fwp%2Fv2%2Fcomments&post=15348"}],"version-history":[{"count":0,"href":"https:\/\/nandi.info\/index.php?rest_route=\/wp\/v2\/posts\/15348\/revisions"}],"wp:featuredmedia":[{"embeddable":true,"href":"https:\/\/nandi.info\/index.php?rest_route=\/"}],"wp:attachment":[{"href":"https:\/\/nandi.info\/index.php?rest_route=%2Fwp%2Fv2%2Fmedia&parent=15348"}],"wp:term":[{"taxonomy":"category","embeddable":true,"href":"https:\/\/nandi.info\/index.php?rest_route=%2Fwp%2Fv2%2Fcategories&post=15348"},{"taxonomy":"post_tag","embeddable":true,"href":"https:\/\/nandi.info\/index.php?rest_route=%2Fwp%2Fv2%2Ftags&post=15348"}],"curies":[{"name":"wp","href":"https:\/\/api.w.org\/{rel}","templated":true}]}}