{"id":15347,"date":"2023-09-08T13:40:10","date_gmt":"2023-09-08T11:40:10","guid":{"rendered":"https:\/\/nandi.info\/?p=15347"},"modified":"2023-09-08T13:40:10","modified_gmt":"2023-09-08T11:40:10","slug":"dernier-hommage-a-salif-keita-domingo-les-autorites-maliennes-promettent-dimmortaliser-le-1er-ballon-dor-africain","status":"publish","type":"post","link":"https:\/\/nandi.info\/?p=15347","title":{"rendered":"Dernier hommage \u00e0 Salif keita \u00ab Domingo \u00bb : Les autorit\u00e9s maliennes promettent d\u2019immortaliser le 1er ballon d\u2019or africain"},"content":{"rendered":"\n<p><strong>Salif Keita dit Domingo, l\u2019ic\u00f4ne du football malien et africain, a \u00e9t\u00e9 inhum\u00e9 le mercredi 06 septembre 2023 au cimeti\u00e8re de Hamdallaye. Les autorit\u00e9s sportives, politiques, administratives et religieuses se sont mobilis\u00e9es pour accompagner la panth\u00e8re noire \u00e0 sa derni\u00e8re demeure, sous la pr\u00e9sidence du premier ministre Dr. Choguel Kokalla Ma\u00efga, accompagn\u00e9 de plusieurs ministres.<\/strong><\/p>\n\n\n\n<p class=\"has-drop-cap\">Sur la place de l\u2019ind\u00e9pendance de Bamako, Salif Keita a jou\u00e9 son dernier et plus grand match, avant de dire d\u00e9finitivement adieu \u00e0 sa famille biologique, sportive, \u00e0 ses amis et anciens co\u00e9quipiers. Pour cet ultime match de Domingo, personne ne voulait se faire conter l\u2019\u00e9v\u00e8nement au regard de la qualit\u00e9 de l\u2019homme. Le premier ministre, Dr. Choguel Kokalla Ma\u00efga ; le ministre des sports, ainsi que plusieurs autres ministres ; les membres de la f\u00e9d\u00e9ration malienne de football ; Ch\u00e9rif souleymane de la Guin\u00e9e ; les membres de la famille biologique ; les deux filles du d\u00e9funt ; les anciens footballeurs ; les joueurs du CSK, du r\u00e9al et de tous les autres clubs, \u00e9taient au rendez-vous afin de rendre \u00e0 l\u2019illustre disparu, ce dernier hommage.<\/p>\n\n\n\n<p>C\u2019est Djibril Traor\u00e9, le c\u00e9l\u00e8bre journaliste sportif, qui a donn\u00e9 le ton en plongeant l\u2019auditoire dans les hauts faits de Salif depuis ses d\u00e9buts \u00e0 Ouolofobougou jusqu\u2019au sommet \u00e0 Saint-Etienne, Marseille, Valence, Sporting de Lisbonne, sans oublier la finale de la Can \u00e0 Yaound\u00e9 72 o\u00f9 il a amen\u00e9 les aigles du Mali en finale. Djibril a \u00e9t\u00e9 suivi par les deux filles de Salif. Racky Keita a rappel\u00e9 ses meilleurs souvenirs avec son papa qui, selon elle, n\u2019\u00e9tait pas seulement qu\u2019un meilleur footballeur, mais aussi un meilleur papa qui a inculqu\u00e9 \u00e0 ses enfants son profond amour pour sa patrie, le Mali. S\u00e9r\u00e9 a lu le message envoy\u00e9 par le pr\u00e9sident de l\u2019As Saint-Etienne qui a fait de Salif Keita un ambassadeur \u00e0 vie du club et qui, de c\u0153ur, lui dit adieux avec un profond regret. Ch\u00e9rif Souleymane de la Guin\u00e9e a, au nom de tous les anciens footballeurs du continent, rendu un vibrant hommage \u00e0 l\u2019illustre disparu. Il a fait savoir qu\u2019il retient de lui un footballeur exceptionnel, engag\u00e9 pour honorer les couleurs de sa nation et de son continent et que tout le continent est en deuil.<\/p>\n\n\n\n<p>Moussa Keita, le grand fr\u00e8re de Salif, Idrissa Ma\u00efga dit M\u00e9tiou, Toubaye Kon\u00e9, le repr\u00e9sentant de la f\u00e9d\u00e9ration malienne de football, ont tous r\u00e9v\u00e9l\u00e9 les immenses qualit\u00e9s footballistiques et humaines de Salif Keita, avant de prier le Seigneur pour le repos de l\u2019\u00e2me du Domingo malien. Des paroles de r\u00e9confort et d\u2019espoir ont donn\u00e9 de la joie aux parents et amis de Salif. C\u2019est l\u2019ancien ministre des sports, Mamadou Dipa Fan\u00e9, qui a lu l\u2019oraison fun\u00e8bre dans laquelle il a fait ressortir les qualit\u00e9s de l\u2019homme, sa passion pour le football et son pays. Il a ensuite fait savoir que le premier ministre, Dr. Chogel Kokalla Ma\u00efga lui a souffl\u00e9 \u00e0 l\u2019oreille promettant d\u2019immortaliser \u00e0 jamais le premier ballon d\u2019or africain, Salif Keita. Au moment de la pri\u00e8re mortuaire, la tristesse d\u2019une douloureuse s\u00e9paration regagnait les c\u0153urs. Cela n\u2019a pas emp\u00each\u00e9 que pour cet ultime match, Salif Keita ait eu droit \u00e0 des hommages m\u00e9rit\u00e9s, avant d\u2019\u00eatre conduit au cimeti\u00e8re de Hamdallaye o\u00f9 il se reposera \u00e0 jamais.<\/p>\n\n\n\n<p><strong>Moussa Samba Diallo<\/strong><\/p>\n","protected":false},"excerpt":{"rendered":"<p>Salif Keita dit Domingo, l\u2019ic\u00f4ne du football malien et africain, a \u00e9t\u00e9 inhum\u00e9 le mercredi 06 septembre 2023 au cimeti\u00e8re de Hamdallaye. Les autorit\u00e9s sportives, politiques, administratives et religieuses se&hellip;<\/p>\n","protected":false},"author":1,"featured_media":15349,"comment_status":"open","ping_status":"closed","sticky":false,"template":"","format":"standard","meta":{"content-type":"","_lmt_disableupdate":"","_lmt_disable":"","_jetpack_memberships_contains_paid_content":false,"footnotes":"","jetpack_publicize_message":"","jetpack_publicize_feature_enabled":true,"jetpack_social_post_already_shared":true,"jetpack_social_options":{"image_generator_settings":{"template":"highway","default_image_id":0,"font":"","enabled":false},"version":2}},"categories":[69,21],"tags":[],"class_list":["post-15347","post","type-post","status-publish","format-standard","has-post-thumbnail","hentry","category-le-republicain-mali","category-societe"],"jetpack_publicize_connections":[],"featured_image_urls":{"full":"","thumbnail":"","medium":"","medium_large":"","large":"","1536x1536":"","2048x2048":"","penci-recipe-1200x1200":"","penci-recipe-1200x900":"","penci-recipe-1200x675":"","penci-single-full":"","penci-slider-full-thumb":"","penci-full-thumb":"","penci-slider-thumb":"","penci-magazine-slider":"","penci-thumb":"","penci-masonry-thumb":"","penci-thumb-square":"","penci-thumb-vertical":"","penci-thumb-small":""},"author_info":{"display_name":"Nandi","author_link":"https:\/\/nandi.info\/?author=1"},"category_info":"<a href=\"https:\/\/nandi.info\/?cat=69\" rel=\"category\">Le R\u00e9publicain Mali<\/a> <a href=\"https:\/\/nandi.info\/?cat=21\" rel=\"category\">Soci\u00e9t\u00e9<\/a>","tag_info":"Soci\u00e9t\u00e9","comment_count":"0","jetpack_featured_media_url":"","jetpack_sharing_enabled":true,"_links":{"self":[{"href":"https:\/\/nandi.info\/index.php?rest_route=\/wp\/v2\/posts\/15347","targetHints":{"allow":["GET"]}}],"collection":[{"href":"https:\/\/nandi.info\/index.php?rest_route=\/wp\/v2\/posts"}],"about":[{"href":"https:\/\/nandi.info\/index.php?rest_route=\/wp\/v2\/types\/post"}],"author":[{"embeddable":true,"href":"https:\/\/nandi.info\/index.php?rest_route=\/wp\/v2\/users\/1"}],"replies":[{"embeddable":true,"href":"https:\/\/nandi.info\/index.php?rest_route=%2Fwp%2Fv2%2Fcomments&post=15347"}],"version-history":[{"count":0,"href":"https:\/\/nandi.info\/index.php?rest_route=\/wp\/v2\/posts\/15347\/revisions"}],"wp:featuredmedia":[{"embeddable":true,"href":"https:\/\/nandi.info\/index.php?rest_route=\/"}],"wp:attachment":[{"href":"https:\/\/nandi.info\/index.php?rest_route=%2Fwp%2Fv2%2Fmedia&parent=15347"}],"wp:term":[{"taxonomy":"category","embeddable":true,"href":"https:\/\/nandi.info\/index.php?rest_route=%2Fwp%2Fv2%2Fcategories&post=15347"},{"taxonomy":"post_tag","embeddable":true,"href":"https:\/\/nandi.info\/index.php?rest_route=%2Fwp%2Fv2%2Ftags&post=15347"}],"curies":[{"name":"wp","href":"https:\/\/api.w.org\/{rel}","templated":true}]}}