{"id":15345,"date":"2023-09-08T12:12:19","date_gmt":"2023-09-08T10:12:19","guid":{"rendered":"https:\/\/nandi.info\/?p=15345"},"modified":"2023-09-08T12:12:19","modified_gmt":"2023-09-08T10:12:19","slug":"fin-de-la-minusma-le-gouvernement-satisfait-du-bilan-de-la-premiere-phase-du-retrait","status":"publish","type":"post","link":"https:\/\/nandi.info\/?p=15345","title":{"rendered":"Fin de la Minusma : le gouvernement satisfait du bilan de la premi\u00e8re phase du retrait"},"content":{"rendered":"\n<p><strong>Pour tenir r\u00e9guli\u00e8rement informer l\u2019opinion publique malienne de la situation s\u00e9curitaire du Mali et parall\u00e8lement les op\u00e9rations des FAMa sur le terrain, la Direction de l\u2019Information et des Relations Publiques des Arm\u00e9es (DIRPA) organise chaque mois une conf\u00e9rence de presse \u00e0 l\u2019attention des journalistes. Mais, exceptionnellement pour ce mois, la Dirpa \u00e9tait accompagn\u00e9e par le minist\u00e8re des Affaires Etrang\u00e8res et de la Coop\u00e9ration internationale afin de prendre en compte tous les aspects du processus du retrait de la Minusma qui \u00e9tait l\u2019ordre du jour. C\u2019\u00e9tait le mardi 5 septembre 2023, au si\u00e8ge du d\u00e9partement en charge des affaires \u00e9trang\u00e8res et de la Coop\u00e9ration internationale \u00e0 Koulouba.<\/strong><\/p>\n\n\n\n<p class=\"has-drop-cap\">Si une question attire l\u2019attention des Maliens aujourd\u2019hui, c\u2019est bien celle concernant le retrait de la Minusma du Mali. En effet, le processus de retrait de la Minusma a entam\u00e9 d\u00e8s le 1er septembre, sa deuxi\u00e8me phase, apr\u00e8s une premi\u00e8re qui s\u2019est ex\u00e9cut\u00e9e du 1er au 31 ao\u00fbt 2023 \u00e0 travers la r\u00e9trocession aux Forces Arm\u00e9es Maliennes (FAMa) des emprises de la Minusma d\u2019Ogossagou, dans la r\u00e9gion de Mopti et Ber, Goundam et M\u00e9naka dans la r\u00e9gion de Tombouctou. Cela, parall\u00e8lement au d\u00e9sengagement de pr\u00e8s de 30% du personnel international de la Minusma qui aura quitt\u00e9 le territoire avant la fin du mois de septembre. \u00ab&nbsp;Toutefois, \u00e0 la date du 04 ao\u00fbt 2023, 1.734 Casques bleus, avaient quitt\u00e9 le Mali&nbsp;\u00bb ont indiqu\u00e9 les conf\u00e9renciers le mardi.<\/p>\n\n\n\n<p>En effet, l\u2019objectif de cette conf\u00e9rence de presse, \u00e9tait justement de faire le bilan de la premi\u00e8re phase du processus de retrait tout en se penchant \u00e9galement sur le reste du processus qui s\u2019\u00e9tendra jusqu\u2019au 31 d\u00e9cembre 2023, conform\u00e9ment \u00e0 la r\u00e9solution 2690 du conseil de s\u00e9curit\u00e9 de l\u2019ONU adopt\u00e9e apr\u00e8s demande de la partie malienne du d\u00e9sengagement de la Mission Onusienne au Mali.<\/p>\n\n\n\n<p>Pour l\u2019occasion, le gouvernement de la transition et les Nations unies ont mis en place un cadre de concertation et de travail afin de r\u00e9ussir un retrait en bon ordre, (coordonn\u00e9 et s\u00e9curis\u00e9) \u00e0 travers le Comit\u00e9 de suivi de la mise en \u0153uvre de la r\u00e9solution 2690 afin de r\u00e9duire au mieux son impact autant sur plan s\u00e9curitaire que social, points saillants de l\u2019intervention de l\u2019ambassadeur Dr Madou DIALLO, Directeur des Organisations internationales au Minist\u00e8re des Affaires \u00e9trang\u00e8res et de la Coop\u00e9rations internationale, lors de cette conf\u00e9rence de presse.<\/p>\n\n\n\n<p>Malgr\u00e9 quelques contraintes soulign\u00e9es de part et d\u2019autres, son excellence l\u2019ambassadeur Dr Madou DIALLO se f\u00e9licite de la bonne ex\u00e9cution de cette premi\u00e8re phase du processus de retrait de la Minusma. En outre, souligne \u2013t-il qu\u2019une si grande op\u00e9ration de retrait telle que la Minusma ne pourrait se faire dans le temps impartie (6mois) sans aucune contrainte. L\u2019important, selon lui, c\u2019est le cadre mise en place pour faire face aux d\u00e9fis et, les deux parties ont not\u00e9 avec satisfaction, selon lui, la bonne coordination qui a facilit\u00e9 la r\u00e9trocession au gouvernement des Camps d\u2019Ogossagou, Ber, Goundam et M\u00e9naka marquant l\u2019ach\u00e8vement de la premi\u00e8re phase du retrait de la MINUSMA.<\/p>\n\n\n\n<p>Cette conf\u00e9rence \u00e9tait une occasion pour le diplomate malien de rassurer de l\u2019engagement des plus hautes autorit\u00e9s de la transition \u00e0 att\u00e9nuer, au mieux, l\u2019impact de du retrait de la Minusma autant sur le plan militaire que Social. C\u2019est pourquoi, en plus des groupes de travail conjoints mis en place par le gouvernement et la Minusma, la partie malienne a encore instaur\u00e9 \u00e0 l\u2019interne, un 3\u00e8me groupe, charg\u00e9 de l\u2019att\u00e9nuation de l\u2019impact du retrait de la MINUSMA et dans les diff\u00e9rents domaines de la vie publique \u00e9conomique et sociale. Ainsi souligne-t-il que des d\u00e9marches ont \u00e9t\u00e9 engag\u00e9es aupr\u00e8s des \u00e9tablissements financiers (BDM et la BNDA) pour trouver avec les employ\u00e9s locaux ayant des dettes, un projet de protocole sous la garantie du Gouvernement. Encore rassure l\u2019ambassadeur, de la poursuite de cette dynamique du Comit\u00e9 de suivi de la mise en \u0153uvre de la r\u00e9solution 2690 dans plusieurs autres domaines, lors de la deuxi\u00e8me phase de r\u00e9trocession au Gouvernement \u00ab&nbsp;avant le 31 d\u00e9cembre 2023&nbsp;\u00bb des camps d\u2019Aguelhoc, Ansongo, Kidal, Douentza et Tessalit. Il s\u2019agit notamment, selon lui, de la question environnementale, le transport du mat\u00e9riel, les autorisations des vols, les mouvements des contingents, l\u2019importation, la r\u00e9exportation des mat\u00e9riels et la s\u00e9curit\u00e9 des convois.<\/p>\n\n\n\n<p>Pour sa part, l\u2019autre conf\u00e9rencier, le Col. Souleymane Demb\u00e9l\u00e9, Directeur de l\u2019Information et des Relations publiques des Arm\u00e9es (DIRPA) a r\u00e9affirm\u00e9 que l\u2019arm\u00e9e reste un bras sous la commande des pouvoirs politiques. Une occasion pour lui de souligner que la r\u00e9gion de Kidal sur laquelle sont fix\u00e9s tous les regards lors de la deuxi\u00e8me phase du processus de retrait de la Minusma est r\u00e9git par un accord politique contrairement \u00e0 la ville Ber qui h\u00e9bergeait des Groupes Arm\u00e9s Terroristes (GAT). Donc, il a appel\u00e9 les Maliens \u00e0 plus de responsabilit\u00e9 face au respect de l\u2019Accord pour la paix et la r\u00e9conciliation au Mali, issu du processus d\u2019Alger. Opposant les Maliens, le Col. Demb\u00e9l\u00e9, esp\u00e8re qu\u2019une solution politique sera trouver au vite possible sur le sort de la r\u00e9gion de Kidal, d\u2019autant plus que les groupes arm\u00e9s signataires sont repr\u00e9sent\u00e9s dans toutes les instances de prise de d\u00e9cision. Par ailleurs, il a enlev\u00e9 toute ambig\u00fcit\u00e9 concernant les Groupes arm\u00e9s Terroristes. \u00ab Les FAMa continueront leur mission de recherche et de destruction des terroristes jusque dans leurs derniers retranchements, \u00bb a-t-il rassur\u00e9.<\/p>\n\n\n\n<p>A propos de la recrudescence actuelle des violences terroristes dans la r\u00e9gion de Tombouctou, ce n\u2019est autre que l\u2019impact de la d\u00e9faite des Terroristes \u00e0 Ber. Selon le Directeur de la Dirpa, les terroristes n\u2019arrivent toujours pas \u00e0 dig\u00e9rer leur d\u00e9faite qu\u2019ils essaient de venger. \u00ab En 10 ans d\u2019absence de l\u2019arm\u00e9e Malienne, Ber \u00e9tait devenu comme un Etat dans un autre. Un lieu de trafic fleurissant o\u00f9 \u00e9taient cach\u00e9s tous les v\u00e9hicules vol\u00e9s des terroristes. La reprise de Ber est la confirmation de la puissance de l\u2019arm\u00e9e Malienne \u00bb s\u2019est r\u00e9joui.<\/p>\n\n\n\n<p><strong>Issa Djiguiba<\/strong><\/p>\n\n\n\n<p><strong>Le Pays<\/strong><\/p>\n","protected":false},"excerpt":{"rendered":"<p>Pour tenir r\u00e9guli\u00e8rement informer l\u2019opinion publique malienne de la situation s\u00e9curitaire du Mali et parall\u00e8lement les op\u00e9rations des FAMa sur le terrain, la Direction de l\u2019Information et des Relations Publiques&hellip;<\/p>\n","protected":false},"author":1,"featured_media":13179,"comment_status":"open","ping_status":"closed","sticky":false,"template":"","format":"standard","meta":{"content-type":"","_lmt_disableupdate":"","_lmt_disable":"","_jetpack_memberships_contains_paid_content":false,"footnotes":"","jetpack_publicize_message":"","jetpack_publicize_feature_enabled":true,"jetpack_social_post_already_shared":true,"jetpack_social_options":{"image_generator_settings":{"template":"highway","default_image_id":0,"font":"","enabled":false},"version":2}},"categories":[125,71,21],"tags":[],"class_list":["post-15345","post","type-post","status-publish","format-standard","has-post-thumbnail","hentry","category-actualite","category-le-pays","category-societe"],"jetpack_publicize_connections":[],"featured_image_urls":{"full":"","thumbnail":"","medium":"","medium_large":"","large":"","1536x1536":"","2048x2048":"","penci-recipe-1200x1200":"","penci-recipe-1200x900":"","penci-recipe-1200x675":"","penci-single-full":"","penci-slider-full-thumb":"","penci-full-thumb":"","penci-slider-thumb":"","penci-magazine-slider":"","penci-thumb":"","penci-masonry-thumb":"","penci-thumb-square":"","penci-thumb-vertical":"","penci-thumb-small":""},"author_info":{"display_name":"Nandi","author_link":"https:\/\/nandi.info\/?author=1"},"category_info":"<a href=\"https:\/\/nandi.info\/?cat=125\" rel=\"category\">Actualit\u00e9<\/a> <a href=\"https:\/\/nandi.info\/?cat=71\" rel=\"category\">Le Pays<\/a> <a href=\"https:\/\/nandi.info\/?cat=21\" rel=\"category\">Soci\u00e9t\u00e9<\/a>","tag_info":"Soci\u00e9t\u00e9","comment_count":"0","jetpack_featured_media_url":"","jetpack_sharing_enabled":true,"_links":{"self":[{"href":"https:\/\/nandi.info\/index.php?rest_route=\/wp\/v2\/posts\/15345","targetHints":{"allow":["GET"]}}],"collection":[{"href":"https:\/\/nandi.info\/index.php?rest_route=\/wp\/v2\/posts"}],"about":[{"href":"https:\/\/nandi.info\/index.php?rest_route=\/wp\/v2\/types\/post"}],"author":[{"embeddable":true,"href":"https:\/\/nandi.info\/index.php?rest_route=\/wp\/v2\/users\/1"}],"replies":[{"embeddable":true,"href":"https:\/\/nandi.info\/index.php?rest_route=%2Fwp%2Fv2%2Fcomments&post=15345"}],"version-history":[{"count":0,"href":"https:\/\/nandi.info\/index.php?rest_route=\/wp\/v2\/posts\/15345\/revisions"}],"wp:featuredmedia":[{"embeddable":true,"href":"https:\/\/nandi.info\/index.php?rest_route=\/"}],"wp:attachment":[{"href":"https:\/\/nandi.info\/index.php?rest_route=%2Fwp%2Fv2%2Fmedia&parent=15345"}],"wp:term":[{"taxonomy":"category","embeddable":true,"href":"https:\/\/nandi.info\/index.php?rest_route=%2Fwp%2Fv2%2Fcategories&post=15345"},{"taxonomy":"post_tag","embeddable":true,"href":"https:\/\/nandi.info\/index.php?rest_route=%2Fwp%2Fv2%2Ftags&post=15345"}],"curies":[{"name":"wp","href":"https:\/\/api.w.org\/{rel}","templated":true}]}}