{"id":15340,"date":"2023-09-08T11:54:52","date_gmt":"2023-09-08T09:54:52","guid":{"rendered":"https:\/\/nandi.info\/?p=15340"},"modified":"2023-09-08T11:54:52","modified_gmt":"2023-09-08T09:54:52","slug":"annee-scolaire-2023-2024-la-rentree-fixee-pour-le-02-octobre-prochain","status":"publish","type":"post","link":"https:\/\/nandi.info\/?p=15340","title":{"rendered":"Ann\u00e9e scolaire 2023-2024 : la rentr\u00e9e fix\u00e9e pour le 02 octobre prochain"},"content":{"rendered":"\n<p><strong><em>A travers un communiqu\u00e9 rendu public le 06 septembre 2023, le minist\u00e8re de l\u2019Education Nationale a fix\u00e9 le calendrier de la rentr\u00e9e prochaine au titre l\u2019ann\u00e9e scolaire 2023-2024. Cette d\u00e9cision concerne l\u2019\u00e9ducation pr\u00e9scolaire et Sp\u00e9ciale, l\u2019Enseignement Fondamental, l\u2019Enseignement Secondaire G\u00e9n\u00e9ral, l\u2019Enseignement Technique et Professionnel, l\u2019Enseignement Normal, l\u2019Enseignement Secondaire Agropastoral et l\u2019Education Non Formelle.<\/em><\/strong><\/p>\n\n\n\n<p class=\"has-drop-cap\">Dans le communiqu\u00e9, il est indiqu\u00e9 que la rentr\u00e9e scolaire 2023-2024 pour les Etablissements de l\u2019Education Pr\u00e9scolaire et Sp\u00e9ciale, de l\u2019Enseignement Fondamental, Secondaire G\u00e9n\u00e9ral, Technique et Professionnel, de l\u2019Enseignement Normal et de l\u2019Education Non Formelle est fix\u00e9e au 02 octobre 2023. Ainsi le premier trimestre se d\u00e9roulera, selon le m\u00eame communiqu\u00e9, du lundi 02 octobre au vendredi 22 d\u00e9cembre 2023 inclus. Les cong\u00e9s du premier trimestre sont fix\u00e9s du samedi 23 d\u00e9cembre 2023 au lundi 1\u00e8r janvier 2024.<\/p>\n\n\n\n<p>Apr\u00e8s les cong\u00e9s, les cours recommenceront le 02 janvier pour le deuxi\u00e8me trimestre et finiront le vendredi 22 mars 2024 inclus. Les cong\u00e9s du deuxi\u00e8me trimestre, d\u2019apr\u00e8s le communiqu\u00e9 du minist\u00e8re de l\u2019Education Nationale, se d\u00e9rouleront du samedi 23 mars au dimanche 31 mars 2024 inclus.<\/p>\n\n\n\n<p>Pour ce qui est du troisi\u00e8me trimestre, ils se passeront dans l\u2019intervalle du lundi 1er avril au vendredi 28 juin 2024 inclus. A en croire le communiqu\u00e9, les grandes vacances pour ces \u00e9tablissements sont fix\u00e9es du 29 juin au lundi 30 septembre 2024 inclus et la reprise pour l\u2019ann\u00e9e scolaire 2024-2025 se fera le 1er octobre 2024.<\/p>\n\n\n\n<p>En ce qui concerne les \u00e9tablissements d\u2019enseignement secondaire agro-pastoral, le premier trimestre est pareil \u00e0 celui des autres \u00e9tablissements except\u00e9 les cong\u00e9s qui prendront fin le 2 janvier et le deuxi\u00e8me trimestre d\u00e9butera le 03 janvier pour prendre fin le vendredi 29 f\u00e9vrier 2024 inclus.<\/p>\n\n\n\n<p>Le communiqu\u00e9 du minist\u00e8re de l\u2019Education&nbsp;Nationale a soulign\u00e9 que les grandes vacances pour les \u00e9tablissements d\u2019enseignement secondaire agro-pastoral se feront du vendredi 1er mars au vendredi 31 mai 2024 inclus. Ainsi le troisi\u00e8me trimestre pour ces \u00e9tablissements se tiendra du lundi 03 juin 2024 au vendredi 15 septembre 2024. Les cong\u00e9s du troisi\u00e8me trimestre se d\u00e9rouleront du lundi 18 septembre au dimanche 1er octobre 2024. La reprise des cours pour l\u2019ann\u00e9e 2024-2025 se fera le lundi 02 octobre 2024.<\/p>\n\n\n\n<p>Comme indiqu\u00e9 dans le communiqu\u00e9, chaque Acad\u00e9mie d\u2019Enseignement fixera, en fonction de ses sp\u00e9cificit\u00e9s internes, le calendrier des \u00e9valuations des diff\u00e9rents ordres d\u2019enseignement.<\/p>\n\n\n\n<p>Notons qu\u2019\u00e0 quelque pas de cette ann\u00e9e scolaire, les enseignants plaident pour la prime que l\u2019Etat les doit. Ils ont profit\u00e9 de cette occasion pour inviter les plus hautes autorit\u00e9s \u00e0 se mettre en r\u00e8gle avant le d\u00e9but cette nouvelle ann\u00e9e scolaire afin d\u2019\u00e9viter les perturbations des cours.<\/p>\n\n\n\n<p><strong>Tioumb\u00e8 Adeline Tolofoudi\u00e9<\/strong><\/p>\n\n\n\n<p><strong>Le Pays<\/strong><\/p>\n","protected":false},"excerpt":{"rendered":"<p>A travers un communiqu\u00e9 rendu public le 06 septembre 2023, le minist\u00e8re de l\u2019Education Nationale a fix\u00e9 le calendrier de la rentr\u00e9e prochaine au titre l\u2019ann\u00e9e scolaire 2023-2024. Cette d\u00e9cision&hellip;<\/p>\n","protected":false},"author":1,"featured_media":6590,"comment_status":"open","ping_status":"closed","sticky":false,"template":"","format":"standard","meta":{"content-type":"","_lmt_disableupdate":"","_lmt_disable":"","_jetpack_memberships_contains_paid_content":false,"footnotes":"","jetpack_publicize_message":"","jetpack_publicize_feature_enabled":true,"jetpack_social_post_already_shared":true,"jetpack_social_options":{"image_generator_settings":{"template":"highway","default_image_id":0,"font":"","enabled":false},"version":2}},"categories":[38,71],"tags":[],"class_list":["post-15340","post","type-post","status-publish","format-standard","has-post-thumbnail","hentry","category-education","category-le-pays"],"jetpack_publicize_connections":[],"featured_image_urls":{"full":"","thumbnail":"","medium":"","medium_large":"","large":"","1536x1536":"","2048x2048":"","penci-recipe-1200x1200":"","penci-recipe-1200x900":"","penci-recipe-1200x675":"","penci-single-full":"","penci-slider-full-thumb":"","penci-full-thumb":"","penci-slider-thumb":"","penci-magazine-slider":"","penci-thumb":"","penci-masonry-thumb":"","penci-thumb-square":"","penci-thumb-vertical":"","penci-thumb-small":""},"author_info":{"display_name":"Nandi","author_link":"https:\/\/nandi.info\/?author=1"},"category_info":"<a href=\"https:\/\/nandi.info\/?cat=38\" rel=\"category\">Education<\/a> <a href=\"https:\/\/nandi.info\/?cat=71\" rel=\"category\">Le Pays<\/a>","tag_info":"Le Pays","comment_count":"0","jetpack_featured_media_url":"","jetpack_sharing_enabled":true,"_links":{"self":[{"href":"https:\/\/nandi.info\/index.php?rest_route=\/wp\/v2\/posts\/15340","targetHints":{"allow":["GET"]}}],"collection":[{"href":"https:\/\/nandi.info\/index.php?rest_route=\/wp\/v2\/posts"}],"about":[{"href":"https:\/\/nandi.info\/index.php?rest_route=\/wp\/v2\/types\/post"}],"author":[{"embeddable":true,"href":"https:\/\/nandi.info\/index.php?rest_route=\/wp\/v2\/users\/1"}],"replies":[{"embeddable":true,"href":"https:\/\/nandi.info\/index.php?rest_route=%2Fwp%2Fv2%2Fcomments&post=15340"}],"version-history":[{"count":0,"href":"https:\/\/nandi.info\/index.php?rest_route=\/wp\/v2\/posts\/15340\/revisions"}],"wp:featuredmedia":[{"embeddable":true,"href":"https:\/\/nandi.info\/index.php?rest_route=\/"}],"wp:attachment":[{"href":"https:\/\/nandi.info\/index.php?rest_route=%2Fwp%2Fv2%2Fmedia&parent=15340"}],"wp:term":[{"taxonomy":"category","embeddable":true,"href":"https:\/\/nandi.info\/index.php?rest_route=%2Fwp%2Fv2%2Fcategories&post=15340"},{"taxonomy":"post_tag","embeddable":true,"href":"https:\/\/nandi.info\/index.php?rest_route=%2Fwp%2Fv2%2Ftags&post=15340"}],"curies":[{"name":"wp","href":"https:\/\/api.w.org\/{rel}","templated":true}]}}