{"id":15331,"date":"2023-09-07T14:32:28","date_gmt":"2023-09-07T12:32:28","guid":{"rendered":"https:\/\/nandi.info\/?p=15331"},"modified":"2023-09-07T14:32:28","modified_gmt":"2023-09-07T12:32:28","slug":"aigles-du-mali-deux-matchs-aux-allures-de-revue-de-troupe","status":"publish","type":"post","link":"https:\/\/nandi.info\/?p=15331","title":{"rendered":"Aigles du Mali : Deux matchs aux allures de revue de troupe"},"content":{"rendered":"\n<p><strong><em>Le s\u00e9lectionneur national des Aigles, Eric S\u00e9kou Chelle, a d\u00e9voil\u00e9 le mardi 29 ao\u00fbt, la liste de 25 joueurs convoqu\u00e9s pour deux matchs pr\u00e9vus ce mois de septembre.<\/em><\/strong><\/p>\n\n\n\n<p class=\"has-drop-cap\">La premi\u00e8re rencontre entre dans le cadre de la derni\u00e8re journ\u00e9e \u00e9liminatoire de la Can-2023 face au Soudan du Sud tandis que la seconde constitue un amical contre la C\u00f4te d\u2019Ivoire. Deux matchs aux allures de revue de troupe \u00e0 quelques mois du coup d\u2019envoi de la phase finale de la Can-2023 qui se tiendra en janvier-f\u00e9vrier 2024.<\/p>\n\n\n\n<p>Sur la liste, on note l\u2019absence d\u2019Amadou Ha\u00efdara \u201cDoudou\u201d et d\u2019El Bilal Tour\u00e9. Deux joueurs r\u00e9guliers de la s\u00e9lection&nbsp;; dont les absences sont li\u00e9es \u00e0 des blessures. Selon le m\u00e9decin des Aigles, Dr. Halidou Ma\u00efga, la sant\u00e9 de Doudou s\u2019est beaucoup am\u00e9lior\u00e9e et il revient lentement mais s\u00fbrement.<\/p>\n\n\n\n<p>N\u00e9anmoins, il a estim\u00e9 que c\u2019\u00e9tait trop t\u00f4t pour lui de prendre part \u00e0 ces deux matches avec les Aigles. En ce qui concerne El Bilal, sa blessure \u00e9tait un peu plus grave et il a m\u00eame subi une intervention chirurgicale, a indiqu\u00e9 Dr. Ma\u00efga qui a rassur\u00e9 que tout se passe comme pr\u00e9vu. Une d\u00e9l\u00e9gation du staff m\u00e9dical des Aigles sera d\u00e9p\u00each\u00e9e en Italie dans les jours \u00e0 venir afin de rendre visite au joueur, de l\u2019\u00e9pauler et de s\u2019enqu\u00e9rir de l\u2019\u00e9tat d\u2019\u00e9volution de sa sant\u00e9.<\/p>\n\n\n\n<p>En outre, il faut noter le retour d\u2019Yves Bissouma absent depuis le regroupement des Aigles pour la double confrontation contre la Zambie en septembre 2022.<\/p>\n\n\n\n<p>D\u00e9j\u00e0 qualifi\u00e9 pour la phase finale de la Can\/C\u00f4te d\u2019Ivoire-2023, mais qui se jouera en janvier-f\u00e9vrier 2024, le Mali recevra le Soudan du Sud le 8 septembre \u00e0 Bamako pour le compte de la derni\u00e8re journ\u00e9e \u00e9liminatoire.&nbsp;Un match au parfum d\u2019une rencontre de gala et de revue de troupe.<\/p>\n\n\n\n<p>Pour ce qui est du match amical contre la C\u00f4te d\u2019Ivoire (pays organisateur de la prochaine Can), le s\u00e9lectionneur Eric S\u00e9kou Chelle a indiqu\u00e9 que c\u2019est un match amical tr\u00e8s important pour lui et ses joueurs dans le cadre des pr\u00e9paratifs mais pas le plus important de l\u2019histoire du football malien.<\/p>\n\n\n\n<p>A rappeler que le regroupement de l\u2019\u00e9quipe a d\u00e9but\u00e9 le lundi 4 septembre. Apr\u00e8s le match, les Aigles s\u2019envoleront le dimanche 10 septembre pour Abidjan (C\u00f4te d\u2019Ivoire) o\u00f9 ils affronteront les El\u00e9phants en amical le 12 septembre 2023.<\/p>\n\n\n\n<p><strong>Alassane Cissouma<\/strong><\/p>\n","protected":false},"excerpt":{"rendered":"<p>Le s\u00e9lectionneur national des Aigles, Eric S\u00e9kou Chelle, a d\u00e9voil\u00e9 le mardi 29 ao\u00fbt, la liste de 25 joueurs convoqu\u00e9s pour deux matchs pr\u00e9vus ce mois de septembre. La premi\u00e8re&hellip;<\/p>\n","protected":false},"author":1,"featured_media":8713,"comment_status":"open","ping_status":"closed","sticky":false,"template":"","format":"standard","meta":{"content-type":"","_lmt_disableupdate":"","_lmt_disable":"","_jetpack_memberships_contains_paid_content":false,"footnotes":"","jetpack_publicize_message":"","jetpack_publicize_feature_enabled":true,"jetpack_social_post_already_shared":true,"jetpack_social_options":{"image_generator_settings":{"template":"highway","default_image_id":0,"font":"","enabled":false},"version":2}},"categories":[33,6],"tags":[],"class_list":["post-15331","post","type-post","status-publish","format-standard","has-post-thumbnail","hentry","category-mali-tribune","category-sports"],"jetpack_publicize_connections":[],"featured_image_urls":{"full":"","thumbnail":"","medium":"","medium_large":"","large":"","1536x1536":"","2048x2048":"","penci-recipe-1200x1200":"","penci-recipe-1200x900":"","penci-recipe-1200x675":"","penci-single-full":"","penci-slider-full-thumb":"","penci-full-thumb":"","penci-slider-thumb":"","penci-magazine-slider":"","penci-thumb":"","penci-masonry-thumb":"","penci-thumb-square":"","penci-thumb-vertical":"","penci-thumb-small":""},"author_info":{"display_name":"Nandi","author_link":"https:\/\/nandi.info\/?author=1"},"category_info":"<a href=\"https:\/\/nandi.info\/?cat=33\" rel=\"category\">Mali Tribune<\/a> <a href=\"https:\/\/nandi.info\/?cat=6\" rel=\"category\">Sports<\/a>","tag_info":"Sports","comment_count":"0","jetpack_featured_media_url":"","jetpack_sharing_enabled":true,"_links":{"self":[{"href":"https:\/\/nandi.info\/index.php?rest_route=\/wp\/v2\/posts\/15331","targetHints":{"allow":["GET"]}}],"collection":[{"href":"https:\/\/nandi.info\/index.php?rest_route=\/wp\/v2\/posts"}],"about":[{"href":"https:\/\/nandi.info\/index.php?rest_route=\/wp\/v2\/types\/post"}],"author":[{"embeddable":true,"href":"https:\/\/nandi.info\/index.php?rest_route=\/wp\/v2\/users\/1"}],"replies":[{"embeddable":true,"href":"https:\/\/nandi.info\/index.php?rest_route=%2Fwp%2Fv2%2Fcomments&post=15331"}],"version-history":[{"count":0,"href":"https:\/\/nandi.info\/index.php?rest_route=\/wp\/v2\/posts\/15331\/revisions"}],"wp:featuredmedia":[{"embeddable":true,"href":"https:\/\/nandi.info\/index.php?rest_route=\/"}],"wp:attachment":[{"href":"https:\/\/nandi.info\/index.php?rest_route=%2Fwp%2Fv2%2Fmedia&parent=15331"}],"wp:term":[{"taxonomy":"category","embeddable":true,"href":"https:\/\/nandi.info\/index.php?rest_route=%2Fwp%2Fv2%2Fcategories&post=15331"},{"taxonomy":"post_tag","embeddable":true,"href":"https:\/\/nandi.info\/index.php?rest_route=%2Fwp%2Fv2%2Ftags&post=15331"}],"curies":[{"name":"wp","href":"https:\/\/api.w.org\/{rel}","templated":true}]}}