{"id":15328,"date":"2023-09-07T14:26:16","date_gmt":"2023-09-07T12:26:16","guid":{"rendered":"https:\/\/nandi.info\/?p=15328"},"modified":"2023-09-07T14:26:16","modified_gmt":"2023-09-07T12:26:16","slug":"dia-yaye-sacko-un-as-de-la-culture-et-des-lettres","status":"publish","type":"post","link":"https:\/\/nandi.info\/?p=15328","title":{"rendered":"Dia Yaye Sacko : Un as de la culture et des lettres"},"content":{"rendered":"\n<p><strong><em>Experte en communication, coordonnatrice d\u2019\u00e9v\u00e9nements, fondatrice de la plateforme d\u2019ing\u00e9nierie culturelle, Mali-Culture, \u00e9ditrice, Dia Yaye Sacko a d\u00e9sormais une nouvelle corde \u00e0 son arc avec son r\u00f4le de productrice d\u2019\u00e9mission. Toutes ces casquettes pour une seule personne. Incontestablement, Dia Yaye Sacko est une femme \u00e0 tout faire. Avec un parcours parsem\u00e9 de challenges, la&nbsp;<\/em><\/strong><strong><em>\u201cDame de fer\u201d passionn\u00e9e de la culture est un aussi un as du domaine.<\/em><\/strong><\/p>\n\n\n\n<p class=\"has-drop-cap\">N\u00e9e dans les ann\u00e9es 1980, l\u2019amour de Dia Yaye Sacko pour les Lettres n\u2019est pas anodin. Elle le tient principalement d\u2019un p\u00e8re tr\u00e8s instruit. Son dynamisme, elle le tient en quelque sorte aussi de ce professeur de lettres tr\u00e8s engag\u00e9 sur la sc\u00e8ne politique. Evoquant les valeurs re\u00e7ues en famille, Dia Yaye Sacko indique que&nbsp;<em>:&nbsp;<\/em><em>\u201cCe sont eux (les parents) qui m\u2019ont inculqu\u00e9 un certain nombre de valeurs de paix, de coh\u00e9sion qui m\u2019ont permis de garder le cap sur mes objectifs depuis toute petite\u201d<\/em>.<\/p>\n\n\n\n<p>Pour ce qui est son parcours d\u2019\u00e9tudiante, elle l\u2019a r\u00e9alis\u00e9 entre le Mali et la France dont elle poss\u00e8de la nationalit\u00e9 aussi. En effet, apr\u00e8s avoir obtenu sa ma\u00eetrise en lettres \u00e0 la Facult\u00e9 des lettres et des sciences humaines de Bamako, elle poursuit ses \u00e9tudes en France notamment \u00e0 l\u2019Universit\u00e9 Jean Jaur\u00e8s de Toulouse o\u00f9 elle d\u00e9croche un master II en lettres recherche pendant qu\u2019elle pr\u00e9parait en m\u00eame temps une licence en sciences de l\u2019\u00e9ducation, de la formation, d\u2019orientation et de l\u2019insertion professionnelle \u00e0 l\u2019Universit\u00e9 Le Mirail de Toulouse.<\/p>\n\n\n\n<p>Par la suite, elle d\u00e9cide de rentrer d\u00e9finitivement au Mali fin 2017 d\u00e9but 2018 pour la r\u00e9alisation d\u2019un certain nombre de projets qui lui tenait \u00e0 c\u0153ur. Etant d\u00e9j\u00e0 consultante en communication dans des projets culturels, elle rel\u00e8ve le d\u00e9fi de&nbsp;la cr\u00e9ation d\u2019une plateforme d\u00e9di\u00e9e 100 % \u00e0 la culture malienne d\u00e9nomm\u00e9e \u201cMali-Culture\u201d. Ensuite, Dia encha\u00eene avec la cr\u00e9ation du site web&nbsp;&nbsp;<a href=\"http:\/\/www.mali-culture.ml\/\">www.mali-culture.ml<\/a>.<\/p>\n\n\n\n<p>Passionn\u00e9e de la culture et du journalisme, Dia Sacko a commenc\u00e9 \u00e0 faire ses premi\u00e8res armes dans le journalisme depuis ses ann\u00e9es d\u2019\u00e9tudiante. Cette passion la conduira sur le plateau t\u00e9l\u00e9 en tant que pr\u00e9sentatrice d\u2019\u00e9missions.<\/p>\n\n\n\n<p>Pr\u00e9sentatrice de&nbsp;<a href=\"https:\/\/www.dailymotion.com\/video\/x80kvch\">Culture et Vous sur TM1 TV<\/a>, elle est \u00e9galement \u00e0 l\u2019initiative des \u00e9missions Ecrans du Mali et d\u2019Afrique, Lettres d\u2019Afrique et du Mali (sur ORTM2 et TM1 TV).<\/p>\n\n\n\n<p>D\u00e9sormais, elle poss\u00e8de une nouvelle corde \u00e0 son arc \u00e0 travers sa nouvelle \u00e9mission&nbsp;<strong>\u201cAnw Ga Maaya\u201d<\/strong>. Une \u00e9mission digne de son statut d\u2019as de la culture qu\u2019elle porte.<\/p>\n\n\n\n<p>Dans&nbsp;<strong>\u201cAnw Ga Maaya\u201d<\/strong>, Dia Yaye Sacko met en exergue le sens m\u00eame de la coh\u00e9sion sociale \u00e0 travers des th\u00e9matiques relatives au vivre-ensemble. Une v\u00e9ritable tribune pour faire v\u00e9hiculer le message de paix en mettant \u00e0 contribution nos valeurs culturelles.&nbsp;<em>\u201cUne seule personne ne se suffit pas \u00e0 elle-m\u00eame tout comme un seul doigt ne peut soulever une pierre. Nous sommes fiers de ce grand pays, nous sommes fiers d\u2019\u00eatre des descendants des grands guerriers dont nous sommes tous issus. En m\u00eame temps, le Mali a besoin de nous tous afin de l\u00e9guer \u00e0 nos enfants l\u2019hymne d\u2019un Mali grand, digne, fier et en paix\u201d<\/em>, laisse-t-elle entendre.<\/p>\n\n\n\n<p><strong>Fad\u00e9 Kouyat\u00e9<\/strong><\/p>\n","protected":false},"excerpt":{"rendered":"<p>Experte en communication, coordonnatrice d\u2019\u00e9v\u00e9nements, fondatrice de la plateforme d\u2019ing\u00e9nierie culturelle, Mali-Culture, \u00e9ditrice, Dia Yaye Sacko a d\u00e9sormais une nouvelle corde \u00e0 son arc avec son r\u00f4le de productrice d\u2019\u00e9mission.&hellip;<\/p>\n","protected":false},"author":1,"featured_media":15329,"comment_status":"open","ping_status":"closed","sticky":false,"template":"","format":"standard","meta":{"content-type":"","_lmt_disableupdate":"","_lmt_disable":"","_jetpack_memberships_contains_paid_content":false,"footnotes":"","jetpack_publicize_message":"","jetpack_publicize_feature_enabled":true,"jetpack_social_post_already_shared":true,"jetpack_social_options":{"image_generator_settings":{"template":"highway","default_image_id":0,"font":"","enabled":false},"version":2}},"categories":[33,32],"tags":[],"class_list":["post-15328","post","type-post","status-publish","format-standard","has-post-thumbnail","hentry","category-mali-tribune","category-musique-art-et-culture"],"jetpack_publicize_connections":[],"featured_image_urls":{"full":"","thumbnail":"","medium":"","medium_large":"","large":"","1536x1536":"","2048x2048":"","penci-recipe-1200x1200":"","penci-recipe-1200x900":"","penci-recipe-1200x675":"","penci-single-full":"","penci-slider-full-thumb":"","penci-full-thumb":"","penci-slider-thumb":"","penci-magazine-slider":"","penci-thumb":"","penci-masonry-thumb":"","penci-thumb-square":"","penci-thumb-vertical":"","penci-thumb-small":""},"author_info":{"display_name":"Nandi","author_link":"https:\/\/nandi.info\/?author=1"},"category_info":"<a href=\"https:\/\/nandi.info\/?cat=33\" rel=\"category\">Mali Tribune<\/a> <a href=\"https:\/\/nandi.info\/?cat=32\" rel=\"category\">Musique Art et Culture<\/a>","tag_info":"Musique Art et Culture","comment_count":"0","jetpack_featured_media_url":"","jetpack_sharing_enabled":true,"_links":{"self":[{"href":"https:\/\/nandi.info\/index.php?rest_route=\/wp\/v2\/posts\/15328","targetHints":{"allow":["GET"]}}],"collection":[{"href":"https:\/\/nandi.info\/index.php?rest_route=\/wp\/v2\/posts"}],"about":[{"href":"https:\/\/nandi.info\/index.php?rest_route=\/wp\/v2\/types\/post"}],"author":[{"embeddable":true,"href":"https:\/\/nandi.info\/index.php?rest_route=\/wp\/v2\/users\/1"}],"replies":[{"embeddable":true,"href":"https:\/\/nandi.info\/index.php?rest_route=%2Fwp%2Fv2%2Fcomments&post=15328"}],"version-history":[{"count":0,"href":"https:\/\/nandi.info\/index.php?rest_route=\/wp\/v2\/posts\/15328\/revisions"}],"wp:featuredmedia":[{"embeddable":true,"href":"https:\/\/nandi.info\/index.php?rest_route=\/"}],"wp:attachment":[{"href":"https:\/\/nandi.info\/index.php?rest_route=%2Fwp%2Fv2%2Fmedia&parent=15328"}],"wp:term":[{"taxonomy":"category","embeddable":true,"href":"https:\/\/nandi.info\/index.php?rest_route=%2Fwp%2Fv2%2Fcategories&post=15328"},{"taxonomy":"post_tag","embeddable":true,"href":"https:\/\/nandi.info\/index.php?rest_route=%2Fwp%2Fv2%2Ftags&post=15328"}],"curies":[{"name":"wp","href":"https:\/\/api.w.org\/{rel}","templated":true}]}}