{"id":15325,"date":"2023-09-06T18:15:32","date_gmt":"2023-09-06T16:15:32","guid":{"rendered":"https:\/\/nandi.info\/?p=15325"},"modified":"2023-09-06T18:15:32","modified_gmt":"2023-09-06T16:15:32","slug":"deces-de-salif-keita-dit-dominigo-monument-du-foot-la-panthere-noire-sest-couchee-la-terre-du-football-tremble-au-mali-et-en-france","status":"publish","type":"post","link":"https:\/\/nandi.info\/?p=15325","title":{"rendered":"D\u00e9c\u00e8s de Salif Keita dit Dominigo, monument du foot\u00a0: La \u00ab Panth\u00e8re noire\u00bb s\u2019est couch\u00e9e, la terre du football tremble au Mali et en France"},"content":{"rendered":"\n<p><strong>Premier \u00abBallon d&rsquo;Or africain\u00bb et ancien pr\u00e9sident de la F\u00e9d\u00e9ration malienne de football (FEMAFOOT), Salif K\u00e9ita dit \u00abDomingo\u00bb ou la \u00abPanth\u00e8re noire\u00bb est d\u00e9c\u00e9d\u00e9 le samedi 2 septembre 2023 \u00e0&nbsp; l&rsquo;\u00e2ge de 77 ans (n\u00e9 le 12 d\u00e9cembre 1946 \u00e0 Bamako) des suites d\u2019une longue maladie. Ces obs\u00e8ques sont pr\u00e9vues ce mercredi 6 septembre 2023 sur la \u00abPlace du Cinquantenaire\u00bb, \u00e0 c\u00f4t\u00e9 de l\u2019ENSUP sur les berges du Djoliba. Cette disparition est une immense perte pour le football dans sa globalit\u00e9. Lisez notre dossier&nbsp;!<\/strong><strong><\/strong><\/p>\n\n\n\n<p>\u00ab<em>Salif K\u00e9ita dit Domingo a tir\u00e9 sa r\u00e9v\u00e9rence. Le monde du sport au Mali, particuli\u00e8rement celui du football, tient \u00e0 adresser ses condol\u00e9ances \u00e0 sa famille mais aussi \u00e0 la nation malienne<\/em>\u00bb&nbsp;! C\u2019est ainsi que la F\u00e9d\u00e9ration malienne de football (FEMAFOOT) a annonc\u00e9 samedi dernier (2 septembre 2023) le d\u00e9c\u00e8s de l\u2019ancienne gloire du ballon-rond, Salif K\u00e9ita, sur son compte X (ex-Twitter). Cet avant-centre au dribble d\u00e9routant et \u00e0 la fascinante efficacit\u00e9 devant les buts a marqu\u00e9 le football malien en tant que joueur, formateur et dirigeant.<\/p>\n\n\n\n<p>Premier laur\u00e9at du Ballon d\u2019or africain en 1970, Salif K\u00e9ita s\u2019est r\u00e9ellement r\u00e9v\u00e9l\u00e9 au grand public avec l\u2019AS R\u00e9al de Bamako. Avec \u00ab<em>Les Scorpions<\/em>\u00bb, il a remport\u00e9 2 troph\u00e9es de Coupe du Mali. Apr\u00e8s un bref passage au Stade malien de Bamako, il a rejoint le R\u00e9al avant de s\u2019engager avec l\u2019Association sportive de Saint-\u00c9tienne (ASSE\/France) \u00e0 23 ans. Il ne tardera pas \u00e0 devenir une ic\u00f4ne des St\u00e9phanois en remportant avec les \u00ab<em>Verts<\/em>\u00bb 3 titres de champion de France ainsi que 2 troph\u00e9es de la Coupe de France.<\/p>\n\n\n\n<p>L\u2019ic\u00f4ne Salif K\u00e9ita a tellement marqu\u00e9 ce club et le peuple \u00ab<em>Vert<\/em>\u00bb qu\u2019il en deviendra l\u2019embl\u00e8me en 1968. En son honneur, l\u2019ASSE prend en effet une \u00ab<em>Panth\u00e8re noire<\/em>\u00bb pour embl\u00e8me. Signe du destin, cette ann\u00e9e le club st\u00e9phanois a fait \u00e9voluer son logo en abandonnant sa l\u00e9gendaire panth\u00e8re. Avec l\u2019ASSE, Domingo a aussi marqu\u00e9 120 buts en 149 matches. L\u2019artiste Domingo sera m\u00eame \u00ab<em>Soulier d\u2019argent<\/em>\u00bb (deuxi\u00e8me meilleur buteur europ\u00e9en) avec 42 buts sur l\u2019ann\u00e9e. Un total qui est toujours le meilleur score d\u2019un buteur africain en France. Ambassadeur \u00e0 vie de l\u2019AS Saint-\u00c9tienne depuis le 26 juin 2013, un stade portant son nom a \u00e9t\u00e9 aussi inaugur\u00e9 le 27 septembre 2009 \u00e0 Cergy, une commune fran\u00e7aise situ\u00e9e dans le d\u00e9partement du Val-d&rsquo;Oise, en r\u00e9gion \u00cele-de-France.<\/p>\n\n\n\n<p>Dans un communiqu\u00e9 tr\u00e8s sobre, le club a indiqu\u00e9 sur X (ex Twitter) que \u00ab<em>la Panth\u00e8re noire s\u2019en est all\u00e9e, emportant avec elle un morceau de notre club<\/em>\u00bb. L\u2019Olympique Marseille (France), le FC Valence (Espagne) et le Sporting Club de Lisbonne (Portugal) auront ensuite le privil\u00e8ge d\u2019accueillir dans leurs effectifs l\u2019intr\u00e9pide \u00ab<em>Panth\u00e8re Noire<\/em>\u00bb qui a termin\u00e9 sa carri\u00e8re avec les \u00ab<em>New England Tea Men<\/em>\u00bb aux Etats-Unis.<\/p>\n\n\n\n<p><strong>Une premi\u00e8re s\u00e9lection avec les Aigles du Mali \u00e0 16 ans<\/strong><\/p>\n\n\n\n<p>Talent pr\u00e9coce, Domingo est s\u00e9lectionn\u00e9 pour la premi\u00e8re fois avec les Aigles (les seniors) alors qu\u2019il n\u2019avait que 16 ans. Et sa blessure l\u2019a sans doute priv\u00e9 d\u2019un sacre continental en 1972 \u00e0 Yaound\u00e9 (Cameroun). Priv\u00e9 de la finale, il a alors assist\u00e9 impuissant \u00e0 la d\u00e9faite des Aigles face aux Diables Rouges du Congo-Brazzaville par 2-3. Avec les Aigles du Mali, Salif a \u00e0 son actif 13 s\u00e9lections pour onze buts inscrits. En dehors de la CAN \u00ab<em>Yaound\u00e9 72<\/em>\u00bb, il \u00e9tait aussi dans les rangs de la s\u00e9lection nationale finaliste aux Jeux africains de Brazza (Congo) en 1966.<\/p>\n\n\n\n<p>Employ\u00e9 (marketing) d&rsquo;une banque am\u00e9ricaine durant quatre ann\u00e9es, Salif revient au bercail \u00e0 sa retraite pour investir dans l\u2019h\u00f4tellerie avec le \u00ab<em>Mand\u00e9 H\u00f4tel<\/em>\u00bb dans la Cit\u00e9 du Niger. Un moment impliqu\u00e9 dans le management de l\u2019AS R\u00e9al de Bamako, son club du c\u0153ur, il est le promoteur du premier centre de formation de football professionnel du Mali en 1994. Le Centre Salif K\u00e9ita (CSK) est depuis devenu un club de l\u2019\u00e9lite ayant procur\u00e9 aux diff\u00e9rentes s\u00e9lections nationales et \u00e0 de grands clubs professionnels d\u2019Europe des p\u00e9pites comme Seydou K\u00e9ita \u00ab<em>Seydoublen<\/em>\u00bb, Mahamadou Diarra \u00ab<em>Djilla<\/em>\u00bb, Cheick Tidiane Diabat\u00e9, Djibril Sidib\u00e9\u2026<\/p>\n\n\n\n<p>Le CSK est devenu par la suite (pendant quelques ann\u00e9es) un club professionnel ayant \u00e9volu\u00e9 en premi\u00e8re division malienne et a disput\u00e9 la finale de la Coupe du Mali de football en 2010 avant de sombrer aujourd\u2019hui dans l\u2019anonymat. Commandeur de l\u2019Ordre National du Mali, Salif K\u00e9ita a dirig\u00e9 la F\u00e9d\u00e9ration malienne de football (FEMAFOOT) de juin 2005 au 16 juillet 2009. L\u2019ex-attaquant avait \u00e9t\u00e9 ministre d\u00e9l\u00e9gu\u00e9 aupr\u00e8s du Premier ministre charg\u00e9 de l\u2019initiative priv\u00e9e dans le gouvernement malien de transition (1991-1992).<\/p>\n\n\n\n<p>Une l\u00e9gende s\u2019en est all\u00e9e, mais la \u00abPanth\u00e8re noire\u00bb va \u00e9ternellement rugir dans nos c\u0153urs ! Fasse Allah que le Firdaws soit sa demeure \u00e9ternelle au paradis.<\/p>\n\n\n\n<p>Amen&nbsp;!<\/p>\n\n\n\n<p><strong>Moussa Bolly<\/strong><\/p>\n","protected":false},"excerpt":{"rendered":"<p>Premier \u00abBallon d&rsquo;Or africain\u00bb et ancien pr\u00e9sident de la F\u00e9d\u00e9ration malienne de football (FEMAFOOT), Salif K\u00e9ita dit \u00abDomingo\u00bb ou la \u00abPanth\u00e8re noire\u00bb est d\u00e9c\u00e9d\u00e9 le samedi 2 septembre 2023 \u00e0&nbsp;&hellip;<\/p>\n","protected":false},"author":1,"featured_media":15326,"comment_status":"open","ping_status":"closed","sticky":false,"template":"","format":"standard","meta":{"content-type":"","_lmt_disableupdate":"","_lmt_disable":"","_jetpack_memberships_contains_paid_content":false,"footnotes":"","jetpack_publicize_message":"","jetpack_publicize_feature_enabled":true,"jetpack_social_post_already_shared":true,"jetpack_social_options":{"image_generator_settings":{"template":"highway","default_image_id":0,"font":"","enabled":false},"version":2}},"categories":[53,6],"tags":[],"class_list":["post-15325","post","type-post","status-publish","format-standard","has-post-thumbnail","hentry","category-le-matin","category-sports"],"jetpack_publicize_connections":[],"featured_image_urls":{"full":"","thumbnail":"","medium":"","medium_large":"","large":"","1536x1536":"","2048x2048":"","penci-recipe-1200x1200":"","penci-recipe-1200x900":"","penci-recipe-1200x675":"","penci-single-full":"","penci-slider-full-thumb":"","penci-full-thumb":"","penci-slider-thumb":"","penci-magazine-slider":"","penci-thumb":"","penci-masonry-thumb":"","penci-thumb-square":"","penci-thumb-vertical":"","penci-thumb-small":""},"author_info":{"display_name":"Nandi","author_link":"https:\/\/nandi.info\/?author=1"},"category_info":"<a href=\"https:\/\/nandi.info\/?cat=53\" rel=\"category\">Le Matin<\/a> <a href=\"https:\/\/nandi.info\/?cat=6\" rel=\"category\">Sports<\/a>","tag_info":"Sports","comment_count":"0","jetpack_featured_media_url":"","jetpack_sharing_enabled":true,"_links":{"self":[{"href":"https:\/\/nandi.info\/index.php?rest_route=\/wp\/v2\/posts\/15325","targetHints":{"allow":["GET"]}}],"collection":[{"href":"https:\/\/nandi.info\/index.php?rest_route=\/wp\/v2\/posts"}],"about":[{"href":"https:\/\/nandi.info\/index.php?rest_route=\/wp\/v2\/types\/post"}],"author":[{"embeddable":true,"href":"https:\/\/nandi.info\/index.php?rest_route=\/wp\/v2\/users\/1"}],"replies":[{"embeddable":true,"href":"https:\/\/nandi.info\/index.php?rest_route=%2Fwp%2Fv2%2Fcomments&post=15325"}],"version-history":[{"count":0,"href":"https:\/\/nandi.info\/index.php?rest_route=\/wp\/v2\/posts\/15325\/revisions"}],"wp:featuredmedia":[{"embeddable":true,"href":"https:\/\/nandi.info\/index.php?rest_route=\/"}],"wp:attachment":[{"href":"https:\/\/nandi.info\/index.php?rest_route=%2Fwp%2Fv2%2Fmedia&parent=15325"}],"wp:term":[{"taxonomy":"category","embeddable":true,"href":"https:\/\/nandi.info\/index.php?rest_route=%2Fwp%2Fv2%2Fcategories&post=15325"},{"taxonomy":"post_tag","embeddable":true,"href":"https:\/\/nandi.info\/index.php?rest_route=%2Fwp%2Fv2%2Ftags&post=15325"}],"curies":[{"name":"wp","href":"https:\/\/api.w.org\/{rel}","templated":true}]}}