{"id":15320,"date":"2023-09-06T18:04:50","date_gmt":"2023-09-06T16:04:50","guid":{"rendered":"https:\/\/nandi.info\/?p=15320"},"modified":"2023-09-06T18:04:50","modified_gmt":"2023-09-06T16:04:50","slug":"chomage-temporaire-a-lagetier-les-agents-parlent-de-reglement-de-comptes-la-direction-evoque-une-mesure-conservatoire-imposee-par-la-conjoncture-economique","status":"publish","type":"post","link":"https:\/\/nandi.info\/?p=15320","title":{"rendered":"Ch\u00f4mage temporaire a l\u2019AGETIER\u00a0: Les agents parlent de r\u00e8glement de comptes, la direction \u00e9voque une mesure conservatoire impos\u00e9e par la conjoncture \u00e9conomique"},"content":{"rendered":"\n<p><strong>Qu\u2019est-ce qui se passe au niveau de l&rsquo;Agence d&rsquo;ex\u00e9cution des travaux d&rsquo;infrastructures et d&rsquo;\u00e9quipements ruraux (AGETIER) qui a fait la&nbsp;\u00abUNE\u00bb de certains journaux la semaine derni\u00e8re&nbsp;? Selon des travailleurs mis en ch\u00f4mage temporaire, ils ont \u00e9t\u00e9 victimes d\u2019un r\u00e8glement de comptes de la part du Directeur g\u00e9n\u00e9ral. Mais, pour la direction g\u00e9n\u00e9rale, c\u2019est une mesure conservatoire prise pas une assembl\u00e9e g\u00e9n\u00e9rale de l\u2019Association pour la gestion des travaux d\u2019infrastructures et d\u2019\u00e9quipements ruraux (AGETIER) afin de faire face aux difficult\u00e9s financi\u00e8res de l\u2019agence li\u00e9es \u00e0 la conjoncture \u00e9conomique \u00e0 laquelle notre pays est confront\u00e9e. Notre enqu\u00eate&nbsp;!<\/strong><\/p>\n\n\n\n<p>\u00ab<em>Nos portes sont ouvertes parce que nous n\u2019avons rien \u00e0 cacher. Notre devoir est aussi de donner un information saine \u00e0 l\u2019opinion nationale et \u00e0 nos partenaires parce que l\u2019Agetier tient \u00e0 sa r\u00e9putation, \u00e0 son image<\/em>\u00bb&nbsp;! C\u2019est l\u2019assurance que le Directeur G\u00e9n\u00e9ral de l&rsquo;Agence d&rsquo;ex\u00e9cution des travaux d&rsquo;infrastructures et d&rsquo;\u00e9quipements ruraux (AGETIER) du&nbsp;Mali, M. Zana Coulibaly, nous a donn\u00e9 au t\u00e9l\u00e9phone quand nous l\u2019avions contact\u00e9 afin d\u2019avoir sa version par rapport \u00e0 la mise au ch\u00f4mage technique de 13 travailleurs.<\/p>\n\n\n\n<p>\u00ab<em>Habituellement, je ne r\u00e9ponds pas aux articles de presse parce que quand on a la conscience tranquille, il y a des combats qui ne m\u00e9ritent pas d\u2019\u00eatre men\u00e9s<\/em>\u00bb, nous a-t-il assur\u00e9 en nous recevant mercredi dernier (30 ao\u00fbt 2023) au si\u00e8ge de l\u2019agence, \u00e0 S\u00e9gou. Pour la circonstance, il \u00e9tait entour\u00e9 notamment du Directeur administratif et financier, du Contr\u00f4leur de gestion, du Directeur technique, du d\u00e9l\u00e9gu\u00e9 du personnel et du secr\u00e9taire g\u00e9n\u00e9ral du comit\u00e9 syndical affili\u00e9 au Synapro (syndicat national de la production affili\u00e9 \u00e0 l\u2019Union nationale des travailleurs\/UNTM).<\/p>\n\n\n\n<p>Contrairement \u00e0 ce que les travailleurs concern\u00e9s ont d\u00e9clar\u00e9 dans la presse, il s\u2019agit d\u2019un ch\u00f4mage temporaire de trois mois allant du 1er septembre au 30 novembre 2023. Cette d\u00e9cision a \u00e9t\u00e9 prise et notifi\u00e9e aux int\u00e9ress\u00e9s le 21 ao\u00fbt 2023. Apr\u00e8s, les travailleurs vont int\u00e9grer leurs postes. Selon les travailleurs vis\u00e9s par cette mesure, c\u2019est M. Coulibaly qui a pris \u00ab<em>unilat\u00e9ralement la d\u00e9cision de mettre en ch\u00f4mage technique 13 de ses employ\u00e9s<\/em>\u00bb. Et, la semaine derni\u00e8re, ils ont d\u00e9nonc\u00e9 \u00ab<em>la mise en \u0153uvre intelligente de leur licenciement programm\u00e9<\/em>\u00bb par le Directeur g\u00e9n\u00e9ral. A leur avis, cette mesure est \u00ab<em>la cons\u00e9quence de la volont\u00e9 n\u00e9faste nourrie par Zana Coulibaly contre des personnes qui avaient contest\u00e9 sa gestion calamiteuse<\/em>\u00bb. Il s\u2019agirait ainsi d\u2019un \u00ab<em>long feuilleton<\/em>\u00bb qui aurait commenc\u00e9 en mai 2021 avec la fin du contrat du DG.<\/p>\n\n\n\n<p>Le pr\u00e9sident de l\u2019association AGETIER (instance dirigeante de l\u2019AGETIER) aurait par la suite d\u00e9cid\u00e9 de ne pas renouveler ledit contrat en nommant un int\u00e9rimaire. \u00ab<em>C\u2019est ainsi que Zana a intent\u00e9 une action en justice en d\u00e9cembre 2021. Il a eu gain de cause et a \u00e9t\u00e9 \u00e9tabli par la justice dans ses fonctions. Et c\u2019est lorsqu\u2019il est revenu qu\u2019il a commenc\u00e9 \u00e0 s\u2019acharner contre les employ\u00e9s qui avaient sign\u00e9 une p\u00e9tition pour d\u00e9noncer sa mauvaise gestion<\/em>\u00bb, nous ont confi\u00e9 certains des agents vis\u00e9s par cette mesure.<\/p>\n\n\n\n<p><strong>Un ch\u00f4mage technique et non un licenciement<\/strong><\/p>\n\n\n\n<p>Pour le Directeur g\u00e9n\u00e9ral (DG) de l\u2019agence, il s\u2019agit d\u2019une mesure conservatoire prise pour faire face aux difficult\u00e9s financi\u00e8res. Une mesure prise lors de la 32e session ordinaire de son Assembl\u00e9e g\u00e9n\u00e9rale tenue le 11 janvier 2023. Elle a \u00e9t\u00e9 pr\u00e9f\u00e9r\u00e9e \u00e0 des licenciements massifs face aux difficult\u00e9s financi\u00e8res que l\u2019Agetier vit actuellement. \u00ab<em>Nous n\u2019avons d\u2019autres ressources que nos honoraires sur les conventions parce que nous assurons la ma\u00eetrise d\u2019ouvrage au nom de l\u2019Etat. Malgr\u00e9 que l\u2019agence ait \u00e9t\u00e9 reconnue d\u2019utilit\u00e9 publique, nous n\u2019avons pas re\u00e7u 1 franc de l\u2019Etat. Nos plans de charge sont en chute libre parce qu\u2019il n\u2019y a presque plus de budget d\u2019investissement sur lequel sont r\u00e9alis\u00e9es les infrastructures rurales pour am\u00e9liorer l\u2019acc\u00e8s \u00e0 l\u2019eau, \u00e0 la sant\u00e9, \u00e0 l\u2019\u00e9ducation\u2026<\/em>\u00bb, a expliqu\u00e9 M. Zana Coulibaly.<\/p>\n\n\n\n<p>L\u2019objectif est de r\u00e9duire les charges de l\u2019agence pour ne pas mettre en p\u00e9ril le fonctionnement de la structure enti\u00e8re. Et cela d\u2019autant plus que, entre d\u00e9cembre 2021 et avril 2023, elle a \u00e9t\u00e9 contrainte de contracter une dette de pr\u00e8s de 600 millions pour couvrir les charges du personnel. Selon les documents que nous avons vu, tout a \u00e9t\u00e9 fait conform\u00e9ment \u00e0 la l\u00e9gislation en vigueur. La direction de l\u2019agence a ainsi pris soin d\u2019aviser la Direction r\u00e9gionale du travail qui a pris&nbsp; acte de la d\u00e9cision. Et, en application de l&rsquo;article L.53 (nouvellement modifi\u00e9) du Code du travail (pr\u00e9cise la correspondance N\u00b0 23\/050 DRT-S), elle a rappel\u00e9 \u00e0 l\u2019Agetier que, pendant cette p\u00e9riode de ch\u00f4mage temporaire,&nbsp; il n\u2019y aura ni recrutement de nouveaux travailleurs ni d\u2019imposition d\u2019heures suppl\u00e9mentaires au personnel restant.<\/p>\n\n\n\n<p>Le d\u00e9l\u00e9gu\u00e9 du personnel et le secr\u00e9taire g\u00e9n\u00e9ral du comit\u00e9 syndical ont \u00e9galement reconnu avoir \u00e9t\u00e9 associ\u00e9s \u00e0 tout le processus. Ils avaient formul\u00e9 des propositions qui n\u2019ont pas \u00e9t\u00e9 retenues parce que la Direction r\u00e9gionale du travail a jug\u00e9 qu\u2019elles n\u2019\u00e9taient pas conformes \u00e0 la l\u00e9gislation en vigueur. Selon nos interlocuteurs, l&rsquo;Agetier a explor\u00e9 toutes les possibilit\u00e9s pour \u00e9viter cette mesure qui, malheureusement, s&rsquo;est av\u00e9r\u00e9e la seule option pour pr\u00e9server l\u2019entit\u00e9 confront\u00e9e \u00e0 des impay\u00e9s consid\u00e9rables, notamment de la part de l&rsquo;\u00c9tat qui lui doit au moins 1,5 milliard&nbsp; F Cfa.<\/p>\n\n\n\n<p>Pour la Direction de l\u2019Agetier, sa situation financi\u00e8re est loin d\u2019\u00eatre le fruit d\u2019une \u00ab<em>quelconque mauvaise gestion<\/em>\u00bb, mais plut\u00f4t de la conjoncture \u00e9conomique \u00e0 laquelle tous les pays sont aujourd\u2019hui confront\u00e9s. \u00ab<em>Notre gestion est r\u00e9guli\u00e8rement audit\u00e9e, nos comptes sont certifi\u00e9s par un expert comptable et nous avons r\u00e9ussi deux missions de v\u00e9rification du Bureau du v\u00e9rificateur g\u00e9n\u00e9ral<\/em>\u00bb. A \u00e9couter le Directeur g\u00e9n\u00e9ral, ce n\u2019est pas de gaiet\u00e9 de c\u0153ur qu\u2019ils ont opt\u00e9 pour cette d\u00e9cision qui provoque naturellement \u00ab<em>l\u2019hyst\u00e9rie<\/em>\u00bb de ceux qui en sont les victimes.<\/p>\n\n\n\n<p><strong>Moussa Bolly<\/strong><\/p>\n\n\n\n<p><\/p>\n\n\n\n<h2 class=\"wp-block-heading\"><strong>Une mesure impos\u00e9e par la morosit\u00e9 \u00e9conomique<\/strong><\/h2>\n\n\n\n<p>\u00ab<em>Mon souhait n\u2019est pas d\u2019enlever du pain de la bouche de qui que ce soi ou de priver des responsables de familles de leurs moyens de subsistance. Mais, face \u00e0 la morosit\u00e9 \u00e9conomique que traverse notre pays, nous avons \u00e9t\u00e9 contraints de mettre certains \u00e9l\u00e9ments du personnel en ch\u00f4mage temporaire de 3 mois<\/em>\u00bb, s\u2019est d\u00e9fendu Zana Coulibaly lors de notre rencontre le 30 ao\u00fbt 2023.<\/p>\n\n\n\n<p>\u00ab<em>Cette d\u00e9cision est un acte de gestion prise par l\u2019Assembl\u00e9e g\u00e9n\u00e9rale. Nous avons tout fait pour ne pas mettre les gens au ch\u00f4mage. Nous avons volontairement retard\u00e9 l\u2019\u00e9ch\u00e9ance en esp\u00e9rant que les finances allaient s\u2019am\u00e9liorer entre-temps. Malheureusement, ce ne fut pas le cas<\/em>\u00bb, a indiqu\u00e9 M. Zana Coulibaly, Chevalier de l\u2019Ordre national du Mali et laur\u00e9at de plusieurs distinctions dont \u00ab<em>L\u2019Oscar de l\u2019Excellence<\/em>\u00bb des managers africains d\u00e9cern\u00e9s en 2019. Et d\u2019ajouter, \u00ab<em>nous sommes contraints de baisser les voiles en attendant que la temp\u00eate passe. Cela se traduit par la r\u00e9duction drastique des d\u00e9penses de fonctionnement, la r\u00e9duction des missions au strict n\u00e9cessaire\u2026<\/em>\u00bb.<\/p>\n\n\n\n<p>Selon la direction de l\u2019Agetier, l\u2019espoir est permis puisque l\u2019agence a entrepris de diversifier ses partenaires. Et elle a l\u2019expertise n\u00e9cessaire pour sortir de cette zone de turbulence car jouissant de la confiance des acteurs. \u00ab<em>Nous n\u2019avons jamais \u00e9t\u00e9 bl\u00e2m\u00e9s pour la qualit\u00e9 de nos prestations<\/em>\u00bb, conclut M. Coulibaly avec une bonne et r\u00e9aliste dose d\u2019optimisme&nbsp;!<\/p>\n\n\n\n<p><strong>M.B<\/strong><\/p>\n\n\n\n<p><\/p>\n\n\n\n<h2 class=\"wp-block-heading\"><strong>L\u2019UNTM interpell\u00e9e pour plaider le paiement des arri\u00e9r\u00e9s de l\u2019agence pour sauver des emplois<\/strong><\/h2>\n\n\n\n<p>\u00ab<em>Nous avons eu une r\u00e9union de n\u00e9gociation le 8 mars 2023 avec la Direction g\u00e9n\u00e9rale qui est ouverte au dialogue pour trouver une solution et \u00e9viter le ch\u00f4mage ou le licenciement<\/em>\u00bb, \u00e9crivait le secr\u00e9taire g\u00e9n\u00e9ral du comit\u00e9 Synapro-Agetier, Almoustapha Tour\u00e9, dans une correspondance adress\u00e9e le 31 mai 2023 au camarade secr\u00e9taire g\u00e9n\u00e9ral&nbsp; de la division Synapro de S\u00e9gou pour l\u2019informer de la situation.<\/p>\n\n\n\n<p>\u00ab<em>Nous avons \u00e9t\u00e9 associ\u00e9s \u00e0 tout le processus et nous sommes conscients que la direction a tout fait pour qu\u2019on n&rsquo;en arrive pas l\u00e0. Mais, cette d\u00e9cision s\u2019est impos\u00e9e comme un passage oblig\u00e9<\/em>\u00bb, nous a confi\u00e9 M. Y\u00e9guin Josu\u00e9 Togo, d\u00e9l\u00e9gu\u00e9 du personnel, que nous avons rencontr\u00e9 \u00e0 S\u00e9gou mercredi dernier. \u00ab<em>Aidez-nous \u00e0 interpeller le gouvernement pour qu\u2019il s\u2019acquitte des arri\u00e9r\u00e9s d\u2019honoraires de l\u2019agence afin de sauver nos emplois<\/em>\u00bb, a-t-il ajout\u00e9.<\/p>\n\n\n\n<p>\u00ab<em>Malgr\u00e9 les diff\u00e9rentes n\u00e9gociations entre la Direction g\u00e9n\u00e9rale et le comit\u00e9 syndical, qui ont permis des reports successifs, nous n\u2019avons pas pu \u00e9viter le d\u00e9part de 13 de nos militants en ch\u00f4mage temporaire pour motif \u00e9conomique\u2026 Nous sollicitons l\u2019aide de l\u2019Untm<\/em> (Union nationale des travailleurs du Mali) <em>afin de nous aider \u00e0 r\u00e9soudre cette crise et sauver le travail de nos militants<\/em>\u00bb, a insist\u00e9 M. Tour\u00e9 dans une nouvelle correspondance datant du 25 ao\u00fbt 2023 et adress\u00e9e \u00e0 sa hi\u00e9rarchie syndicale. Le comit\u00e9 syndical souhaite l\u2019implication du Secr\u00e9taire g\u00e9n\u00e9ral de l\u2019Untm dans le plaidoyer aupr\u00e8s du gouvernement pour le paiement des arri\u00e9r\u00e9s qu\u2019il doit \u00e0 l\u2019agence.<\/p>\n\n\n\n<p>\u00ab<em>Nous ne demandons pas au minist\u00e8re de l\u2019Economie et des Finances d\u2019\u00e9ponger ces arri\u00e9r\u00e9s d\u2019un seul coup. Mais, m\u00eame en les versant par tranche de 100 millions, cela nous permettra de souffler financi\u00e8rement et continuer \u00e0 payer le personnel<\/em>\u00bb, nous a aussi expliqu\u00e9 M. Zana Coulibaly, Directeur g\u00e9n\u00e9ral de l\u2019Agetier.<\/p>\n\n\n\n<p>A S\u00e9gou,&nbsp; nous avons pu aussi \u00e9changer avec le responsable syndical par rapport \u00e0 des accusations de certains travailleurs contre le Directeur g\u00e9n\u00e9ral, notamment des arri\u00e9r\u00e9s de salaires. \u00ab<em>Nous ne souffrons d\u2019aucune aucune arri\u00e9r\u00e9 de salaires qui sont pay\u00e9s \u00e0 temps. Exceptionnellement, c\u2019est en juillet dernier que les salaires sont tomb\u00e9s le 31. Ceux d\u2019ao\u00fbt sont pay\u00e9s depuis le 21<\/em>\u00bb, nous a assur\u00e9 Almoustapha Tour\u00e9. Dans la presse, il a \u00e9t\u00e9 aussi question de la suspension des salaires de plusieurs employ\u00e9s qui auraient un moment combattu le Directeur g\u00e9n\u00e9ral. \u00ab<em>Cela n\u2019est pas juste. Un employ\u00e9, particuli\u00e8rement Mody Diawara qui a abandonn\u00e9 son poste et son salaire&nbsp;\u00e0&nbsp;\u00e9t\u00e9&nbsp;suspendu<\/em>\u00bb, a expliqu\u00e9 M. Tour\u00e9.<\/p>\n\n\n\n<p>Et selon nos propres investigations, ce dernier (Mody Diawara) \u00e9tait le chauffeur particulier du DG. Il a disparu avec le v\u00e9hicule du Secr\u00e9taire g\u00e9n\u00e9ral pendant un certain temps avant de revenir le garer et dispara\u00eetre dans la nature. Et avant la suspension de son salaire, une correspondance lui a \u00e9t\u00e9 adress\u00e9e l\u2019invitant \u00e0 rejoindre son poste pour ne pas \u00eatre consid\u00e9r\u00e9 comme d\u00e9missionnaire. \u00ab<em>Il&nbsp;n&rsquo;est&nbsp;jamais&nbsp;revenu<\/em>\u00bb, nous a-t-on assur\u00e9.<\/p>\n\n\n\n<p>A noter aussi que, apr\u00e8s la d\u00e9cision de justice de r\u00e9int\u00e9gration du Directeur g\u00e9n\u00e9ral, un groupe de travailleurs avait refus\u00e9 de travailler. \u00ab<em>Ils avaient dit qu&rsquo;ils ne vont jamais travailler sous la direction de Zana<\/em>\u00bb, nous a-t-on assur\u00e9. Mais, a rappel\u00e9 un interlocuteur, \u00ab<em>apr\u00e8s la rencontre avec le ministre de tutelle, ils ont repris le travail. Ils n&rsquo;ont donc pas \u00e9t\u00e9 pay\u00e9s pour le temps qu&rsquo;ils ont pass\u00e9 \u00e0 boycotter le travail. Toutefois, d\u00e8s qu&rsquo;ils ont repris le boulot, le paiement des salaires&nbsp;a suivi<\/em>\u00bb. En f\u00e9vrier 2022, l\u2019ancien ministre du D\u00e9veloppement rural, Modibo K\u00e9ita, a en effet tenu une rencontre avec les membres de l\u2019Association AGETIER. A cette occasion, il a souhait\u00e9 que \u00ab<em>chacun fasse son travail et qu\u2019aucune autre action ne soit intent\u00e9e contre qui que ce soit<\/em>\u00bb&nbsp;! Face aux contraintes financi\u00e8res, la direction appelle les travailleurs \u00e0 faire bloc derri\u00e8re elle pour trouver des solutions idoines&nbsp;!<\/p>\n\n\n\n<p><strong>M.B<\/strong><\/p>\n","protected":false},"excerpt":{"rendered":"<p>Qu\u2019est-ce qui se passe au niveau de l&rsquo;Agence d&rsquo;ex\u00e9cution des travaux d&rsquo;infrastructures et d&rsquo;\u00e9quipements ruraux (AGETIER) qui a fait la&nbsp;\u00abUNE\u00bb de certains journaux la semaine derni\u00e8re&nbsp;? Selon des travailleurs mis&hellip;<\/p>\n","protected":false},"author":1,"featured_media":15321,"comment_status":"open","ping_status":"closed","sticky":false,"template":"","format":"standard","meta":{"content-type":"","_lmt_disableupdate":"","_lmt_disable":"","_jetpack_memberships_contains_paid_content":false,"footnotes":"","jetpack_publicize_message":"","jetpack_publicize_feature_enabled":true,"jetpack_social_post_already_shared":true,"jetpack_social_options":{"image_generator_settings":{"template":"highway","default_image_id":0,"font":"","enabled":false},"version":2}},"categories":[53,74,21],"tags":[],"class_list":["post-15320","post","type-post","status-publish","format-standard","has-post-thumbnail","hentry","category-le-matin","category-nation","category-societe"],"jetpack_publicize_connections":[],"featured_image_urls":{"full":"","thumbnail":"","medium":"","medium_large":"","large":"","1536x1536":"","2048x2048":"","penci-recipe-1200x1200":"","penci-recipe-1200x900":"","penci-recipe-1200x675":"","penci-single-full":"","penci-slider-full-thumb":"","penci-full-thumb":"","penci-slider-thumb":"","penci-magazine-slider":"","penci-thumb":"","penci-masonry-thumb":"","penci-thumb-square":"","penci-thumb-vertical":"","penci-thumb-small":""},"author_info":{"display_name":"Nandi","author_link":"https:\/\/nandi.info\/?author=1"},"category_info":"<a href=\"https:\/\/nandi.info\/?cat=53\" rel=\"category\">Le Matin<\/a> <a href=\"https:\/\/nandi.info\/?cat=74\" rel=\"category\">Nation<\/a> <a href=\"https:\/\/nandi.info\/?cat=21\" rel=\"category\">Soci\u00e9t\u00e9<\/a>","tag_info":"Soci\u00e9t\u00e9","comment_count":"0","jetpack_featured_media_url":"","jetpack_sharing_enabled":true,"_links":{"self":[{"href":"https:\/\/nandi.info\/index.php?rest_route=\/wp\/v2\/posts\/15320","targetHints":{"allow":["GET"]}}],"collection":[{"href":"https:\/\/nandi.info\/index.php?rest_route=\/wp\/v2\/posts"}],"about":[{"href":"https:\/\/nandi.info\/index.php?rest_route=\/wp\/v2\/types\/post"}],"author":[{"embeddable":true,"href":"https:\/\/nandi.info\/index.php?rest_route=\/wp\/v2\/users\/1"}],"replies":[{"embeddable":true,"href":"https:\/\/nandi.info\/index.php?rest_route=%2Fwp%2Fv2%2Fcomments&post=15320"}],"version-history":[{"count":0,"href":"https:\/\/nandi.info\/index.php?rest_route=\/wp\/v2\/posts\/15320\/revisions"}],"wp:featuredmedia":[{"embeddable":true,"href":"https:\/\/nandi.info\/index.php?rest_route=\/"}],"wp:attachment":[{"href":"https:\/\/nandi.info\/index.php?rest_route=%2Fwp%2Fv2%2Fmedia&parent=15320"}],"wp:term":[{"taxonomy":"category","embeddable":true,"href":"https:\/\/nandi.info\/index.php?rest_route=%2Fwp%2Fv2%2Fcategories&post=15320"},{"taxonomy":"post_tag","embeddable":true,"href":"https:\/\/nandi.info\/index.php?rest_route=%2Fwp%2Fv2%2Ftags&post=15320"}],"curies":[{"name":"wp","href":"https:\/\/api.w.org\/{rel}","templated":true}]}}