{"id":15318,"date":"2023-09-06T17:52:11","date_gmt":"2023-09-06T15:52:11","guid":{"rendered":"https:\/\/nandi.info\/?p=15318"},"modified":"2023-09-06T17:52:11","modified_gmt":"2023-09-06T15:52:11","slug":"association-pour-la-gestion-des-travaux-dinfrastructures-et-dequipements-ruraux-un-symbole-de-la-volonte-politique-de-lutter-contre-la-pauvrete","status":"publish","type":"post","link":"https:\/\/nandi.info\/?p=15318","title":{"rendered":"Association pour la gestion des travaux d\u2019infrastructures et d\u2019\u00e9quipements ruraux\u00a0: Un symbole de la volont\u00e9 politique de lutter contre la pauvret\u00e9"},"content":{"rendered":"\n<p><strong>Faire ex\u00e9cuter par des entreprises et bureaux d\u2019\u00e9tudes, sur appel d\u2019offres, des travaux publics ou d\u2019utilit\u00e9 publique&nbsp;; fournir des biens et services pour le compte de l\u2019Etat, des collectivit\u00e9s territoriales ou d\u2019associations reconnues d\u2019utilit\u00e9 publique\u2026 Telles sont, entre autres, les missions d\u00e9volues \u00e0 l&rsquo;Agence d&rsquo;ex\u00e9cution des travaux d&rsquo;infrastructures et d&rsquo;\u00e9quipements ruraux (<em>AGETIER<\/em>) du&nbsp;<em>Mali<\/em>. Cette agence est le \u00abbras technique\u00bb de Association pour la gestion des travaux d\u2019infrastructures et d\u2019\u00e9quipements ruraux (AGETIER).<\/strong><\/p>\n\n\n\n<p class=\"has-drop-cap\">C\u2019est dans le cadre de sa politique de lutte contre la pauvret\u00e9 que le gouvernement du Mali, avec le soutien de certains partenaires techniques et financiers, a&nbsp;d\u00e9cid\u00e9 d\u2019accorder une attention particuli\u00e8re aux moyens mis en \u0153uvre dans la r\u00e9alisation des travaux d\u2019infrastructures et d\u2019\u00e9quipements ; d\u2019instituer un partenariat actif entre les populations b\u00e9n\u00e9ficiaires, l\u2019administration, les structures d\u00e9centralis\u00e9es, les associations, les Ong et le secteur priv\u00e9 tout en renfor\u00e7ant les capacit\u00e9s locales (priv\u00e9es et publiques) dans la programmation, la conception, l\u2019ex\u00e9cution et la gestion de ces infrastructures.<\/p>\n\n\n\n<p>C\u2019est ainsi que, en conformit\u00e9 avec les politiques de d\u00e9sengagement de l\u2019\u00c9tat et de d\u00e9centralisation, une structure associative de type priv\u00e9 a \u00e9t\u00e9 cr\u00e9\u00e9e pour assurer la ma\u00eetrise d\u2019ouvrage d\u00e9l\u00e9gu\u00e9e. Il s\u2019agit de l\u2019Association pour la gestion des travaux d\u2019infrastructures et d\u2019\u00e9quipements ruraux (AGETIER) qui a vu le jour le 13 ao\u00fbt 1999 dans le cadre de la mise en \u0153uvre du Programme national d\u2019infrastructures rurales (PNIR). Un Accord cadre sign\u00e9 le 27 avril 2001 entre l\u2019association et le gouvernement du Mali lui reconna\u00eet le caract\u00e8re d\u2019utilit\u00e9 publique.<\/p>\n\n\n\n<p>L&rsquo;Assembl\u00e9e permanente des chambres d\u2019agriculture du Mali (APCAM)&nbsp;; l&rsquo;Association des&nbsp;:municipalit\u00e9s du Mali (AMM) ; la Chambre de Commerce et d&rsquo;Industrie du Mali (CCIM)&nbsp;; la Compagnie malienne de d\u00e9veloppement des textiles (CMDT)&nbsp;; le Secr\u00e9tariat de concertation des organisations non gouvernementales maliennes (SECO-ONG), l&rsquo;Office du Niger&nbsp;; les Exploitants agricoles de l&rsquo;Office du Niger; le Conseil de concertation et d\u2019appui aux Ong au Mali (CCA-ONG) ; l&rsquo;Office de la haute vall\u00e9e du Niger (OHVN) et la Coordination des associations et Ong f\u00e9minines du Mali (CAFO) sont les membres de l&rsquo;Association. Le Directeur g\u00e9n\u00e9ral de l\u2019agence est membre de droit de l\u2019association. Il ex\u00e9cute les recommandations de l\u2019assembl\u00e9e g\u00e9n\u00e9rale entre deux sessions.<\/p>\n\n\n\n<p>Maire de la commune urbaine de S\u00e9gou et repr\u00e9sentant de l&rsquo;Association des municipalit\u00e9s du Mali (AMM), M. Nouhoum Diarra pr\u00e9side l&rsquo;Agetier depuis le 8 juillet 2021. Il a \u00e9t\u00e9 choisi \u00e0 l&rsquo;issue de l&rsquo;assembl\u00e9e g\u00e9n\u00e9rale extraordinaire de ladite association qui assure les missions de conseil d&rsquo;administration de l&rsquo;agence AGETIER, la structure d&rsquo;ex\u00e9cution bas\u00e9e \u00e0 S\u00e9gou. Cette agence a \u00e9t\u00e9 mise en place en 2001 pour r\u00e9pondre, entre autres, au souci du gouvernement de vaincre les lenteurs et lourdeurs freinant la mobilisation des ressources disponibles pour les investissements, particuli\u00e8rement en milieu rural. Elle assure la ma\u00eetrise d&rsquo;ouvrage d\u00e9l\u00e9gu\u00e9e des projets de r\u00e9alisation d&rsquo;infrastructures b\u00e9n\u00e9ficiant du soutien de partenaires financiers et la mise en \u0153uvre du programme du gouvernement en mati\u00e8re de projets ruraux.<\/p>\n\n\n\n<p>Les seuils de Djenn\u00e9 et de Talo, le seuil-barrage de Kourouba, des am\u00e9nagements hydro-agricoles dans les zones de Djenn\u00e9, Bla, San\u2026&nbsp;; les si\u00e8ges de l\u2019INPS et de l\u2019Office malien de l\u2019Habitat (OMH) \u00e0 l\u2019ACI 2000, le b\u00e2timent de la nouvelle direction g\u00e9n\u00e9rale de la douane \u00e0 Samanko\u2026 sont \u00e0 l\u2019actif de l\u2019Agetier qui est membre du r\u00e9seau AFRICATIP (Association Africaine des Agences d\u2019Ex\u00e9cution des Travaux d\u2019int\u00e9r\u00eats Public) dont elle a assur\u00e9 la pr\u00e9sidence de 2011 \u00e0 2013.<\/p>\n\n\n\n<p><strong>Moussa Bolly<\/strong><\/p>\n\n\n\n<p><\/p>\n","protected":false},"excerpt":{"rendered":"<p>Faire ex\u00e9cuter par des entreprises et bureaux d\u2019\u00e9tudes, sur appel d\u2019offres, des travaux publics ou d\u2019utilit\u00e9 publique&nbsp;; fournir des biens et services pour le compte de l\u2019Etat, des collectivit\u00e9s territoriales&hellip;<\/p>\n","protected":false},"author":1,"featured_media":0,"comment_status":"open","ping_status":"closed","sticky":false,"template":"","format":"standard","meta":{"content-type":"","_lmt_disableupdate":"","_lmt_disable":"","_jetpack_memberships_contains_paid_content":false,"footnotes":"","jetpack_publicize_message":"","jetpack_publicize_feature_enabled":true,"jetpack_social_post_already_shared":true,"jetpack_social_options":{"image_generator_settings":{"template":"highway","default_image_id":0,"font":"","enabled":false},"version":2}},"categories":[53,21],"tags":[],"class_list":["post-15318","post","type-post","status-publish","format-standard","hentry","category-le-matin","category-societe"],"jetpack_publicize_connections":[],"featured_image_urls":{"full":"","thumbnail":"","medium":"","medium_large":"","large":"","1536x1536":"","2048x2048":"","penci-recipe-1200x1200":"","penci-recipe-1200x900":"","penci-recipe-1200x675":"","penci-single-full":"","penci-slider-full-thumb":"","penci-full-thumb":"","penci-slider-thumb":"","penci-magazine-slider":"","penci-thumb":"","penci-masonry-thumb":"","penci-thumb-square":"","penci-thumb-vertical":"","penci-thumb-small":""},"author_info":{"display_name":"Nandi","author_link":"https:\/\/nandi.info\/?author=1"},"category_info":"<a href=\"https:\/\/nandi.info\/?cat=53\" rel=\"category\">Le Matin<\/a> <a href=\"https:\/\/nandi.info\/?cat=21\" rel=\"category\">Soci\u00e9t\u00e9<\/a>","tag_info":"Soci\u00e9t\u00e9","comment_count":"0","jetpack_featured_media_url":"","jetpack_sharing_enabled":true,"_links":{"self":[{"href":"https:\/\/nandi.info\/index.php?rest_route=\/wp\/v2\/posts\/15318","targetHints":{"allow":["GET"]}}],"collection":[{"href":"https:\/\/nandi.info\/index.php?rest_route=\/wp\/v2\/posts"}],"about":[{"href":"https:\/\/nandi.info\/index.php?rest_route=\/wp\/v2\/types\/post"}],"author":[{"embeddable":true,"href":"https:\/\/nandi.info\/index.php?rest_route=\/wp\/v2\/users\/1"}],"replies":[{"embeddable":true,"href":"https:\/\/nandi.info\/index.php?rest_route=%2Fwp%2Fv2%2Fcomments&post=15318"}],"version-history":[{"count":0,"href":"https:\/\/nandi.info\/index.php?rest_route=\/wp\/v2\/posts\/15318\/revisions"}],"wp:attachment":[{"href":"https:\/\/nandi.info\/index.php?rest_route=%2Fwp%2Fv2%2Fmedia&parent=15318"}],"wp:term":[{"taxonomy":"category","embeddable":true,"href":"https:\/\/nandi.info\/index.php?rest_route=%2Fwp%2Fv2%2Fcategories&post=15318"},{"taxonomy":"post_tag","embeddable":true,"href":"https:\/\/nandi.info\/index.php?rest_route=%2Fwp%2Fv2%2Ftags&post=15318"}],"curies":[{"name":"wp","href":"https:\/\/api.w.org\/{rel}","templated":true}]}}