{"id":15310,"date":"2023-09-06T17:40:56","date_gmt":"2023-09-06T15:40:56","guid":{"rendered":"https:\/\/nandi.info\/?p=15310"},"modified":"2023-09-06T17:40:56","modified_gmt":"2023-09-06T15:40:56","slug":"45e-promotion-de-lecole-militaire-interarmes-feu-le-general-moussa-traore-immortalise-par-larmee","status":"publish","type":"post","link":"https:\/\/nandi.info\/?p=15310","title":{"rendered":"45E promotion de l\u2019\u00e9cole militaire interarmes\u00a0: Feu le G\u00e9n\u00e9ral Moussa Traor\u00e9 immortalis\u00e9 par l\u2019Arm\u00e9e"},"content":{"rendered":"\n<p><strong>N\u00e9 le 25 septembre 1936 \u00e0 S\u00e9b\u00e9tou (r\u00e9gion de Kayes) et arrach\u00e9 \u00e0 l\u2019affection de la nation le 15 septembre 2020 \u00e0 Bamako,&nbsp; le G\u00e9n\u00e9ral d\u2019Arm\u00e9e Moussa Traor\u00e9 dit \u00abGMT\u00bb vient de b\u00e9n\u00e9ficier d\u2019une nouvelle reconnaissance nationale \u00e0 travers la 45e promotion de l\u2019Ecole militaire Interarmes (EMIA) qui a \u00e9t\u00e9 baptis\u00e9e \u00e0 son nom. La c\u00e9r\u00e9monie officielle de bapt\u00eame a eu lieu&nbsp; le vendredi dernier (1er septembre 2023) sur la place d\u2019armes du Centre d\u2019instruction Boubacar Sada Sy de Koulikoro. Elle a \u00e9t\u00e9 pr\u00e9sid\u00e9e par le pr\u00e9sident de la Transition, Colonel Assimi Go\u00efta. C&rsquo;\u00e9tait en pr\u00e9sence du Premier ministre et des membres du gouvernement, du pr\u00e9sident du CNT, de la veuve du parrain, Traor\u00e9 Mariam Sissoko, et d\u2019un public de grand jour.<\/strong><\/p>\n\n\n\n<p class=\"has-drop-cap\">La 45e promotion&nbsp;de&nbsp;l\u2019Ecole militaire Interarmes (EMIA)&nbsp;porte symboliquement le nom de feu le G\u00e9n\u00e9ral d\u2019Arm\u00e9e Moussa Traor\u00e9 qui a dirig\u00e9 le Mali du 19 novembre 1968 au 26 mars 1991. Les 235 nouveaux Sous-lieutenants (dont 51 femmes et 216 Maliens) venant de 9 pays (Cameroun, le Congo Brazzaville, la Guin\u00e9e Conakry, le Mali, la Mauritanie, le Niger, le S\u00e9n\u00e9gal, le Tchad et le Togo) ont pr\u00eat\u00e9 serment devant le drapeau.&nbsp;&nbsp;<\/p>\n\n\n\n<p>La c\u00e9r\u00e9monie a \u00e9t\u00e9 marqu\u00e9e par la remise des sabres et des \u00e9paulettes, la prestation de serment face au drapeau, le chant de la promotion, la pr\u00e9sentation du major de la promotion et le d\u00e9fil\u00e9 militaire. A noter que le major de la promotion est le Sous-lieutenant Mama Sanogo avec une moyenne de 16,354\/20. Cette c\u00e9r\u00e9monie marque un moment crucial dans la vie de ces jeunes Officiers qui, durant les deux ans de formation, ont travers\u00e9 des \u00e9preuves et des d\u00e9fis ayant forg\u00e9 leur caract\u00e8re, renforc\u00e9 leur d\u00e9termination et aff\u00fbt\u00e9 leurs comp\u00e9tences\u2026<\/p>\n\n\n\n<p>Pour le Chef d\u2019Etat-major G\u00e9n\u00e9ral des Arm\u00e9es, le G\u00e9n\u00e9ral de Division Oumar Diarra, le choix de feu le G\u00e9n\u00e9ral d\u2019Arm\u00e9e Moussa Traor\u00e9 comme parrain de cette promotion rend non seulement \u00ab<em>hommage \u00e0 un digne fils du Mali<\/em>\u00bb, mais invite aussi et surtout ces officiers \u00e0 \u00ab<em>s\u2019approprier les qualit\u00e9s et les valeurs de cet homme d\u2019\u00e9tat et Officier g\u00e9n\u00e9ral qui a consacr\u00e9 sa vie \u00e0 l\u2019\u0153uvre nationale pour le bien-\u00eatre de son peuple<\/em>\u00bb. Il a par la suite pr\u00e9cis\u00e9 que \u00ab<em>cette c\u00e9r\u00e9monie se d\u00e9roule dans un contexte marqu\u00e9 par l\u2019environnement de la crise multidimensionnelle \u00e0 laquelle notre pays fait face depuis 2012<\/em>\u00bb.<\/p>\n\n\n\n<p>Le G\u00e9n\u00e9ral de Division Oumar Diarra a rappel\u00e9 que le peuple et son Arm\u00e9e continuent de \u00ab<em>faire face \u00e0 des d\u00e9fis s\u00e9curitaires multiples et complexes avec des groupes terroristes ayant subi d\u2019\u00e9normes pertes et qui posent des engins explosifs improvis\u00e9s, font des tirs de harc\u00e8lement et surtout mettent la pression sur les civils\u00bb<\/em>. Il n\u2019a pas cach\u00e9 sa conviction que ces nouveaux \u00ab<em>Officiers vont renforcer la mont\u00e9e en puissance dans la poursuite de la dynamique enclench\u00e9e par les Forces arm\u00e9es maliennes<\/em> (FAMa)\u00bb\u2026 Le G\u00e9n\u00e9ral Diarra les a invit\u00e9s \u00e0 faire preuve de \u00ab<em>force de caract\u00e8re<\/em>\u00bb en toute circonstance et \u00e0 \u00ab<em>placer surtout au-dessus de tout, les int\u00e9r\u00eats de nos forces de D\u00e9fense et de nos peuples en faisant briller l\u2019h\u00e9ritage glorieux des FAMa<\/em>\u00bb\u2026<\/p>\n\n\n\n<p>\u00ab<em>Merci au pr\u00e9sident de la Transition, Colonel Assimi Go\u00efta, et au gouvernement pour cette r\u00e9habilitation, cette reconnaissance et cet honneur. C\u2019est \u00e7a la grandeur d\u2019un \u00c9tat souverain, savoir c\u00e9l\u00e9brer les dignes fils du M<\/em>ali\u00bb, a d\u00e9clar\u00e9 Massir\u00e9 Ly, proche de la famille et cadre du parti Convergence africaine pour le renouveau (CARE\/Afriki Lakuraya) de Cheick Boucadry Traor\u00e9, l\u2019un de fils de l\u2019illustre parrain, G\u00e9n\u00e9ral Moussa Traor\u00e9. A rappeler que les r\u00e9cipiendaires ont choisi le Kanaga comme figure de leur promotion !<\/p>\n\n\n\n<p><strong>Kader To\u00e9<\/strong><\/p>\n\n\n\n<p><strong>Le Matin<\/strong><\/p>\n","protected":false},"excerpt":{"rendered":"<p>N\u00e9 le 25 septembre 1936 \u00e0 S\u00e9b\u00e9tou (r\u00e9gion de Kayes) et arrach\u00e9 \u00e0 l\u2019affection de la nation le 15 septembre 2020 \u00e0 Bamako,&nbsp; le G\u00e9n\u00e9ral d\u2019Arm\u00e9e Moussa Traor\u00e9 dit \u00abGMT\u00bb&hellip;<\/p>\n","protected":false},"author":1,"featured_media":15315,"comment_status":"open","ping_status":"closed","sticky":false,"template":"","format":"standard","meta":{"content-type":"","_lmt_disableupdate":"","_lmt_disable":"","_jetpack_memberships_contains_paid_content":false,"footnotes":"","jetpack_publicize_message":"","jetpack_publicize_feature_enabled":true,"jetpack_social_post_already_shared":true,"jetpack_social_options":{"image_generator_settings":{"template":"highway","default_image_id":0,"font":"","enabled":false},"version":2}},"categories":[65,53,21],"tags":[],"class_list":["post-15310","post","type-post","status-publish","format-standard","has-post-thumbnail","hentry","category-armee","category-le-matin","category-societe"],"jetpack_publicize_connections":[],"featured_image_urls":{"full":"","thumbnail":"","medium":"","medium_large":"","large":"","1536x1536":"","2048x2048":"","penci-recipe-1200x1200":"","penci-recipe-1200x900":"","penci-recipe-1200x675":"","penci-single-full":"","penci-slider-full-thumb":"","penci-full-thumb":"","penci-slider-thumb":"","penci-magazine-slider":"","penci-thumb":"","penci-masonry-thumb":"","penci-thumb-square":"","penci-thumb-vertical":"","penci-thumb-small":""},"author_info":{"display_name":"Nandi","author_link":"https:\/\/nandi.info\/?author=1"},"category_info":"<a href=\"https:\/\/nandi.info\/?cat=65\" rel=\"category\">Arm\u00e9e<\/a> <a href=\"https:\/\/nandi.info\/?cat=53\" rel=\"category\">Le Matin<\/a> <a href=\"https:\/\/nandi.info\/?cat=21\" rel=\"category\">Soci\u00e9t\u00e9<\/a>","tag_info":"Soci\u00e9t\u00e9","comment_count":"0","jetpack_featured_media_url":"","jetpack_sharing_enabled":true,"_links":{"self":[{"href":"https:\/\/nandi.info\/index.php?rest_route=\/wp\/v2\/posts\/15310","targetHints":{"allow":["GET"]}}],"collection":[{"href":"https:\/\/nandi.info\/index.php?rest_route=\/wp\/v2\/posts"}],"about":[{"href":"https:\/\/nandi.info\/index.php?rest_route=\/wp\/v2\/types\/post"}],"author":[{"embeddable":true,"href":"https:\/\/nandi.info\/index.php?rest_route=\/wp\/v2\/users\/1"}],"replies":[{"embeddable":true,"href":"https:\/\/nandi.info\/index.php?rest_route=%2Fwp%2Fv2%2Fcomments&post=15310"}],"version-history":[{"count":0,"href":"https:\/\/nandi.info\/index.php?rest_route=\/wp\/v2\/posts\/15310\/revisions"}],"wp:featuredmedia":[{"embeddable":true,"href":"https:\/\/nandi.info\/index.php?rest_route=\/"}],"wp:attachment":[{"href":"https:\/\/nandi.info\/index.php?rest_route=%2Fwp%2Fv2%2Fmedia&parent=15310"}],"wp:term":[{"taxonomy":"category","embeddable":true,"href":"https:\/\/nandi.info\/index.php?rest_route=%2Fwp%2Fv2%2Fcategories&post=15310"},{"taxonomy":"post_tag","embeddable":true,"href":"https:\/\/nandi.info\/index.php?rest_route=%2Fwp%2Fv2%2Ftags&post=15310"}],"curies":[{"name":"wp","href":"https:\/\/api.w.org\/{rel}","templated":true}]}}