{"id":15306,"date":"2023-09-06T17:10:01","date_gmt":"2023-09-06T15:10:01","guid":{"rendered":"https:\/\/nandi.info\/?p=15306"},"modified":"2023-09-06T17:10:01","modified_gmt":"2023-09-06T15:10:01","slug":"rassemblement-pour-le-mali-treta-sest-il-offert-la-prime-de-la-legalite-et-de-la-legitimite-aux-depens-de-baber-gano-et-compagnie","status":"publish","type":"post","link":"https:\/\/nandi.info\/?p=15306","title":{"rendered":"\u200bRassemblement pour le Mali\u00a0: Tr\u00e9ta s\u2019est-il offert la prime de la l\u00e9galit\u00e9 et de la l\u00e9gitimit\u00e9 aux d\u00e9pens de Baber Gano et compagnie\u00a0?"},"content":{"rendered":"\n<p><strong>A l\u2019issu du congr\u00e8s extraordinaire du Rassemblement pour le Mali (RPM, fond\u00e9 par l\u2019ancien et d\u00e9funt pr\u00e9sident Ibrahim Boubacar K\u00e9ita en juin 2001) organis\u00e9 du 26 au 27 ao\u00fbt 2023 au Centre international des conf\u00e9rence de Bamako (CICB), Bocary Tr\u00e9ta a \u00e9t\u00e9 confirm\u00e9 \u00e0 la t\u00eate du Bureau politique national (BPN) qui voit son mandat pass\u00e9 de 3 \u00e0 5 ans. Le pr\u00e9sident sortant s\u2019est-il ainsi offert une belle l\u00e9gitimit\u00e9 politique aux d\u00e9pens de ses rivaux comme Gano qui a boud\u00e9 ce congr\u00e8s&nbsp;? Pour des observateurs, la fronde est loin d\u2019\u00eatre termin\u00e9e&nbsp;!<\/strong><\/p>\n\n\n\n<p class=\"has-drop-cap\">Former un bureau politique national afin de se conformer \u00e0 la d\u00e9cision de la justice constatant la fin du mandat de l&rsquo;ancien ! Tel \u00e9tait, selon M. S\u00e9kou Niam\u00e9 Bathily (secr\u00e9taire \u00e0 la communication et porte parole du parti), l\u2019objectif phare du congr\u00e8s du Rassemblement pour le Mali (RPM) organis\u00e9 du 26 au 27 ao\u00fbt 2023 au Centre international des conf\u00e9rences de Bamako (CICB). &nbsp;Un objectif atteint m\u00eame si le camp oppos\u00e9 au pr\u00e9sident Tr\u00e9ta dit le contraire apr\u00e8s avoir boud\u00e9 le congr\u00e8s. Il faut rappeler que, apr\u00e8s le comit\u00e9 central du parti du \u00ab<em>Tisserand<\/em>\u00bb en d\u00e9cembre 2021, une crise interne a secou\u00e9 la chapelle politique de feu le pr\u00e9sident Ibrahim Boubacar K\u00e9ita qui a tir\u00e9 sa r\u00e9v\u00e9rence le 16 janvier 2022.<\/p>\n\n\n\n<p>Des cadres et responsables m\u00e9contents des conclusions du comit\u00e9 central ont attaqu\u00e9 ses d\u00e9cisions devant la justice. Apr\u00e8s une&nbsp; crise interne de plus d&rsquo;une ann\u00e9 qui a v\u00e9ritablement ralenti\u200b les&nbsp;activit\u00e9s des \u00ab<em>Tisserands<\/em>\u00bb, l&rsquo;arr\u00eat de rejet de la Cour supr\u00eame (12 juin 2023) va renvoyer les protagonistes dos-\u00e0-dos. M\u00eame si chaque camp a son interpr\u00e9tation de cette d\u00e9cision judiciaire, elle a quand m\u00eame mis en \u00e9vidence la fin du mandat du bureau politique national du RPM et exig\u00e9 l&rsquo;organisation d&rsquo;un congr\u00e8s.<\/p>\n\n\n\n<p>C\u2019est ainsi que le 11 juin 2023, les Secr\u00e9taires g\u00e9n\u00e9raux des sections de l\u2019int\u00e9rieur et de l\u2019ext\u00e9rieur se sont r\u00e9unis \u00e0 Bamako pour donner le ton de l&rsquo;organisation du congr\u00e8s. Une commission de m\u00e9diation a \u00e9t\u00e9 aussi mise en place pour concilier les deux camps align\u00e9s derri\u00e8re Dr Bocary Tr\u00e9ta et Me Baber Gano. Elle \u00e9tait dirig\u00e9e par l&rsquo;ancien ministre Ousmane Kon\u00e9. Apr\u00e8s 4 rencontres infructueuses, ladite commission a mis fin \u00e0 sa mission amenant le pr\u00e9sident \u00e0 suspendre les activit\u00e9s. Par la suite et conform\u00e9ment \u00e0 l\u2019article 30 des statuts (r\u00e9unir 2\/3 des sections pour convoquer un congr\u00e8s extraordinaire), les sections ont d\u00e9cid\u00e9 de prendre le taureau par les cornes afin de donner au parti un BPN l\u00e9gal et l\u00e9gitime.<\/p>\n\n\n\n<p><strong>Baber boude, Tr\u00e9ta triomphe<\/strong><\/p>\n\n\n\n<p>Ainsi, 74 sections sur 95 ont donn\u00e9 leur accord \u00e0 travers des mandats pour la tenue de ce 1er congr\u00e8s extraordinaire. Uniquement compos\u00e9e des Secr\u00e9taires g\u00e9n\u00e9raux de sections et dirig\u00e9e par Boubacar Tour\u00e9 de Niono, une commission g\u00e9n\u00e9rale d&rsquo;organisation a \u00e9t\u00e9 mise en place pour relever le d\u00e9fi d\u2019organiser ce 1er congr\u00e8s extraordinaire du RPM. Durant les deux jours du congr\u00e8s, selon les organisateurs, les d\u00e9l\u00e9gu\u00e9s venus de l&rsquo;int\u00e9rieur et de l\u2019ext\u00e9rieur ont fait une relecture des textes du parti et ont mis en place un Bureau politique national \u00e9largi et dirig\u00e9 par Dr Bokary Tr\u00e9ta.<\/p>\n\n\n\n<p>La crise-est-elle alors derni\u00e8re nous&nbsp;? Pas \u00e9vident puisque le clan de Me Baber Gano (avec les Mamadou Diarrassouba, Mahamane Baby\u2026) n\u2019y a pas particip\u00e9. \u00ab<em>Ce congr\u00e8s ne nous concerne pas. Ceux qui sont en train de l\u2019organiser, le font unilat\u00e9ralement. Nous, nous ne sommes pas concern\u00e9s<\/em>\u00bb, a laiss\u00e9 entendre le secr\u00e9taire g\u00e9n\u00e9ral sortant du parti Me Baber Gano, joint par nos confr\u00e8res de \u00ab<em>Mali Tribune<\/em>\u00bb. Son argument est que le quorum n\u2019a pas \u00e9t\u00e9 atteint pour convoquer le congr\u00e8s extraordinaire. Et pourtant,&nbsp;pour les organisateurs,&nbsp;cela est de la mauvaise foi puisque, avec plus de 75 sections favorables, on est largement au-dessus des 2\/3 recommand\u00e9s par l\u2019article 30 des statuts du RPM.<\/p>\n\n\n\n<p>Doit-on maintenant craindre un autre front judiciaire ouvert par Me Baber contre le pr\u00e9sident reconduit par les congressistes&nbsp;? C\u2019est une hypoth\u00e8se \u00e0 ne pas \u00e9carter. Sauf que cette fois-ci, ceux qui ont boycott\u00e9 le congr\u00e8s risquent de manquer d\u2019arguments pour plaider leur cause devant les juges. A condition bien s\u00fbr que Dr Tr\u00e9ta puisse r\u00e9ellement prouver que leur quorum n\u2019\u00e9tait pas imaginaire, mais une r\u00e9alit\u00e9 palpable et v\u00e9rifiable.<\/p>\n\n\n\n<p>En tout cas, \u00e0 l\u2019ouverture du congr\u00e8s, il a \u00e9t\u00e9 annonc\u00e9 la pr\u00e9sence de 44 sections de l&rsquo;int\u00e9rieur (sur 62 sections) et 25 (sur 33) de l&rsquo;ext\u00e9rieur. Et les d\u00e9l\u00e9gu\u00e9s de 77 (sur 95) sections ont r\u00e9pondu au pr\u00e9sident de la commission d\u2019organisation. Math\u00e9matiquement, cela d\u00e9passe de loin les 2\/3 (64 sections) demand\u00e9 dans l&rsquo;article 30 des statuts pour convoquer un congr\u00e8s extraordinaire.&nbsp;\u00ab<em>C\u2019est la preuve, si besoin en \u00e9tait, que la majorit\u00e9 des Tisserands se sont engag\u00e9s pour le renouveau<\/em>\u00bb, nous a confi\u00e9 un ancien d\u00e9put\u00e9 du RPM apr\u00e8s la c\u00e9r\u00e9monie officielle d\u2019ouverture.<\/p>\n\n\n\n<p>R\u00e9\u00e9lu pour un mandat de 5 ans (au lieu de 3 comme c\u2019\u00e9tait encore le cas avant la r\u00e9vision des textes), Dr Bocary Treta a certainement remport\u00e9 une premi\u00e8re manche politique sur ses adversaires que sont Baber Gano, Mamadou Diarrassouba, Mahamane Baby&#8230; Mais, est-ce une victoire d\u00e9finitive&nbsp;? Quelles conclusions ses rivaux vont-ils&nbsp;\u200btirer&nbsp;de cela&nbsp;? Le temps nous \u00e9difiera davantage&nbsp;!<\/p>\n\n\n\n<p><strong>Naby<\/strong><\/p>\n","protected":false},"excerpt":{"rendered":"<p>A l\u2019issu du congr\u00e8s extraordinaire du Rassemblement pour le Mali (RPM, fond\u00e9 par l\u2019ancien et d\u00e9funt pr\u00e9sident Ibrahim Boubacar K\u00e9ita en juin 2001) organis\u00e9 du 26 au 27 ao\u00fbt 2023&hellip;<\/p>\n","protected":false},"author":1,"featured_media":15309,"comment_status":"open","ping_status":"closed","sticky":false,"template":"","format":"standard","meta":{"content-type":"","_lmt_disableupdate":"","_lmt_disable":"","_jetpack_memberships_contains_paid_content":false,"footnotes":"","jetpack_publicize_message":"","jetpack_publicize_feature_enabled":true,"jetpack_social_post_already_shared":true,"jetpack_social_options":{"image_generator_settings":{"template":"highway","default_image_id":0,"font":"","enabled":false},"version":2}},"categories":[53,23],"tags":[],"class_list":["post-15306","post","type-post","status-publish","format-standard","has-post-thumbnail","hentry","category-le-matin","category-politique"],"jetpack_publicize_connections":[],"featured_image_urls":{"full":"","thumbnail":"","medium":"","medium_large":"","large":"","1536x1536":"","2048x2048":"","penci-recipe-1200x1200":"","penci-recipe-1200x900":"","penci-recipe-1200x675":"","penci-single-full":"","penci-slider-full-thumb":"","penci-full-thumb":"","penci-slider-thumb":"","penci-magazine-slider":"","penci-thumb":"","penci-masonry-thumb":"","penci-thumb-square":"","penci-thumb-vertical":"","penci-thumb-small":""},"author_info":{"display_name":"Nandi","author_link":"https:\/\/nandi.info\/?author=1"},"category_info":"<a href=\"https:\/\/nandi.info\/?cat=53\" rel=\"category\">Le Matin<\/a> <a href=\"https:\/\/nandi.info\/?cat=23\" rel=\"category\">Politique<\/a>","tag_info":"Politique","comment_count":"0","jetpack_featured_media_url":"","jetpack_sharing_enabled":true,"_links":{"self":[{"href":"https:\/\/nandi.info\/index.php?rest_route=\/wp\/v2\/posts\/15306","targetHints":{"allow":["GET"]}}],"collection":[{"href":"https:\/\/nandi.info\/index.php?rest_route=\/wp\/v2\/posts"}],"about":[{"href":"https:\/\/nandi.info\/index.php?rest_route=\/wp\/v2\/types\/post"}],"author":[{"embeddable":true,"href":"https:\/\/nandi.info\/index.php?rest_route=\/wp\/v2\/users\/1"}],"replies":[{"embeddable":true,"href":"https:\/\/nandi.info\/index.php?rest_route=%2Fwp%2Fv2%2Fcomments&post=15306"}],"version-history":[{"count":0,"href":"https:\/\/nandi.info\/index.php?rest_route=\/wp\/v2\/posts\/15306\/revisions"}],"wp:featuredmedia":[{"embeddable":true,"href":"https:\/\/nandi.info\/index.php?rest_route=\/"}],"wp:attachment":[{"href":"https:\/\/nandi.info\/index.php?rest_route=%2Fwp%2Fv2%2Fmedia&parent=15306"}],"wp:term":[{"taxonomy":"category","embeddable":true,"href":"https:\/\/nandi.info\/index.php?rest_route=%2Fwp%2Fv2%2Fcategories&post=15306"},{"taxonomy":"post_tag","embeddable":true,"href":"https:\/\/nandi.info\/index.php?rest_route=%2Fwp%2Fv2%2Ftags&post=15306"}],"curies":[{"name":"wp","href":"https:\/\/api.w.org\/{rel}","templated":true}]}}