{"id":15305,"date":"2023-09-06T17:24:17","date_gmt":"2023-09-06T15:24:17","guid":{"rendered":"https:\/\/nandi.info\/?p=15305"},"modified":"2023-09-06T17:24:17","modified_gmt":"2023-09-06T15:24:17","slug":"lunicef-et-le-pam-alertent-pres-dun-million-denfants-de-moins-de-5-ans-menaces-de-malnutrition-aigue-dici-fin-2023","status":"publish","type":"post","link":"https:\/\/nandi.info\/?p=15305","title":{"rendered":"L\u2019UNICEF et le PAM alertent\u00a0: Pr\u00e8s d&rsquo;un million d&rsquo;enfants de moins de 5 ans menac\u00e9s de malnutrition aigu\u00eb d&rsquo;ici fin 2023"},"content":{"rendered":"\n<p><strong>En raison des effets conjugu\u00e9s du conflit arm\u00e9 prolong\u00e9, des d\u00e9placements internes et de la restriction de l\u2019acc\u00e8s humanitaire, plus d\u2019un million d\u2019enfants de moins de 5&nbsp;ans risquent de souffrir de malnutrition aigu\u00eb au Mali d\u2019ici la fin du mois de d\u00e9cembre&nbsp;2023. Parmi ces enfants, au moins 200&nbsp;000 sont susceptibles de mourir de faim s\u2019ils ne re\u00e7oivent pas l\u2019aide vitale dont ils ont besoin.&nbsp;&nbsp;Le Fonds des Nations unies pour l\u2019Enfance (UNICEF) et le Programme alimentaire mondial (PAM) ont alert\u00e9 les autorit\u00e9s maliennes et la communaut\u00e9 internationale \u00e0 travers un communiqu\u00e9 conjoint publi\u00e9 vendredi dernier, 1er septembre 2023.<\/strong><\/p>\n\n\n\n<p>\u00ab<em>Pr\u00e8s d&rsquo;un million d&rsquo;enfants de moins de 5 ans au Mali sont menac\u00e9s de malnutrition aigu\u00eb d&rsquo;ici fin 2023<\/em>\u00bb&nbsp;! L\u2019alerte est du Fonds des Nations unies pour l\u2019Enfance (UNICEF) et du Programme alimentaire mondial (PAM). Les deux organismes sp\u00e9cialis\u00e9s de l\u2019ONU ont sonn\u00e9 l\u2019alerte dans un communiqu\u00e9 conjoint publi\u00e9 vendredi dernier (1er septembre 2023). Ils&nbsp;se sont rendus dans le pays la semaine derni\u00e8re pour r\u00e9it\u00e9rer leur soutien \u00e0 la population malienne, en coop\u00e9ration avec les autorit\u00e9s locales et les acteurs humanitaires de la r\u00e9gion.&nbsp;Pour l\u2019Unicef et le Pam, cette situation est li\u00e9e&nbsp;au \u00ab<em>conflit en cours et le manque d\u2019acc\u00e8s humanitaire<\/em>\u00bb.<\/p>\n\n\n\n<p>Au total, pr\u00e8s de cinq millions d\u2019enfants ont besoin d\u2019une aide humanitaire d\u2019urgence au Mali, notamment dans les domaines de la sant\u00e9, de la nutrition, de l\u2019\u00e9ducation et de la protection, ainsi que pour avoir acc\u00e8s \u00e0 l\u2019eau salubre. Par rapport \u00e0&nbsp;2020, cela repr\u00e9sente au moins 1,5&nbsp;million d\u2019enfants suppl\u00e9mentaires. \u00ab<em>Il est primordial de garantir que la crise humanitaire au Mali re\u00e7oit l\u2019attention qu\u2019elle m\u00e9rite. En pleine crise mondiale, nous n\u2019avons pas le droit de choisir qui sauver. En revanche, nous avons le devoir d\u2019unir nos efforts pour sauver et transformer des vies<\/em>\u00bb, a \u00e0 son tour d\u00e9fendu Carl&nbsp;Skau, Directeur ex\u00e9cutif adjoint et Directeur de l\u2019administration g\u00e9n\u00e9rale du PAM.<\/p>\n\n\n\n<p>L\u2019Unicef et le Pam doivent r\u00e9unir de toute urgence 184,4&nbsp;millions de dollars (pr\u00e8s de 112 024 512 080 milliards F Cfa) afin de venir en aide \u00e0 8,8&nbsp;millions de personnes en&nbsp;2023, dont 4,7&nbsp;millions d\u2019enfants. Ces fonds seront essentiels pour fournir une aide alimentaire d\u2019urgence aux populations vuln\u00e9rables, soutenir les services m\u00e9dicaux, ce qui passe par l\u2019\u00e9nergie n\u00e9cessaire pour maintenir les vaccins au frais, et acheter des fournitures humanitaires suppl\u00e9mentaires telles que des traitements contre la malnutrition.<\/p>\n\n\n\n<p>\u00ab<em>Le Mali traverse une crise humanitaire complexe et doit \u00eatre soutenu de toute urgence si l\u2019on veut \u00e9viter une catastrophe pour les enfants qui, une fois de plus, sont les premi\u00e8res victimes d\u2019une crise qu\u2019ils n\u2019ont pas provoqu\u00e9e<\/em>\u00bb, a indiqu\u00e9 Ted&nbsp;Chaiban,&nbsp;<a>Directeur g\u00e9n\u00e9ral adjoint de l\u2019action humanitaire et des op\u00e9rations d\u2019approvisionnement de l\u2019U<\/a>nicef. \u00ab<em>L\u2019Unicef, le Pam et leurs partenaires sont pr\u00e9sents sur le terrain depuis que le pays conna\u00eet ses ann\u00e9es les plus \u00e9prouvantes et nous continuerons de travailler sur les questions humanitaires et de d\u00e9veloppement aussi longtemps que la population malienne aura besoin de nos services<\/em>\u00bb, a-t-il assur\u00e9.<\/p>\n\n\n\n<p>Malgr\u00e9 l\u2019urgence de la situation, ont d\u00e9plor\u00e9 les deux organismes sp\u00e9cialis\u00e9s, les appels humanitaires pour le Mali continuent de p\u00e2tir d\u2019un sous-financement important. Ainsi, \u00e0 l\u2019heure actuelle, seuls 21&nbsp;% des 751,4&nbsp;millions de dollars demand\u00e9s par les Nations&nbsp;unies en&nbsp;2023 ont \u00e9t\u00e9 r\u00e9colt\u00e9s. Quant \u00e0 l\u2019appel humanitaire de l\u2019UNICEF pour les enfants au Mali, il n\u2019a re\u00e7u que 8,5&nbsp;millions de dollars au cours du premier semestre de l\u2019ann\u00e9e, soit moins d\u2019un tiers de la somme demand\u00e9e.<\/p>\n\n\n\n<p>\u00ab<em>Nous devons faire tout ce qui est en notre pouvoir pour aider les familles vuln\u00e9rables, en particulier les enfants et les femmes, en travaillant en \u00e9troite coop\u00e9ration avec nos partenaires afin de pr\u00e9venir la famine, de lutter contre l\u2019ins\u00e9curit\u00e9 alimentaire et la malnutrition aigu\u00ebs, et de renforcer la r\u00e9silience de la population<\/em>\u00bb, a ajout\u00e9 Carl&nbsp;Skau. En sus de la violence et du conflit, les chocs climatiques ont provoqu\u00e9 des d\u00e9placements massifs dans certaines parties du Mali au cours des derniers mois. Au 30&nbsp;juin&nbsp;2023, plus de 377&nbsp;000&nbsp;personnes, parmi lesquelles plus de la moiti\u00e9 \u00e9taient des enfants, avaient \u00e9t\u00e9 contraintes de partir de chez elles. D\u2019apr\u00e8s les estimations les plus r\u00e9centes, au moins 1,6&nbsp;million d\u2019enfants ont besoin d\u2019une protection urgente dans le pays.<\/p>\n\n\n\n<p>A noter que, en&nbsp;2022, les Nations&nbsp;unies ont v\u00e9rifi\u00e9 1&nbsp;024 violations graves \u00e0 l\u2019encontre des enfants au Mali. Cela englobe le recrutement et l\u2019utilisation des enfants par des forces et des groupes arm\u00e9s, les meurtres et les mutilations&#8230; Le conflit et le manque de ressources ont \u00e9galement forc\u00e9 plus de 1&nbsp;700&nbsp;\u00e9coles \u00e0 fermer leurs portes en entravant l\u2019acc\u00e8s \u00e0 l\u2019\u00e9ducation d\u2019au moins un demi-million d\u2019enfants\u2026<\/p>\n\n\n\n<p><strong>Naby<\/strong><\/p>\n","protected":false},"excerpt":{"rendered":"<p>En raison des effets conjugu\u00e9s du conflit arm\u00e9 prolong\u00e9, des d\u00e9placements internes et de la restriction de l\u2019acc\u00e8s humanitaire, plus d\u2019un million d\u2019enfants de moins de 5&nbsp;ans risquent de souffrir&hellip;<\/p>\n","protected":false},"author":1,"featured_media":15314,"comment_status":"open","ping_status":"closed","sticky":false,"template":"","format":"standard","meta":{"content-type":"","_lmt_disableupdate":"","_lmt_disable":"","_jetpack_memberships_contains_paid_content":false,"footnotes":"","jetpack_publicize_message":"","jetpack_publicize_feature_enabled":true,"jetpack_social_post_already_shared":true,"jetpack_social_options":{"image_generator_settings":{"template":"highway","default_image_id":0,"font":"","enabled":false},"version":2}},"categories":[53,21],"tags":[],"class_list":["post-15305","post","type-post","status-publish","format-standard","has-post-thumbnail","hentry","category-le-matin","category-societe"],"jetpack_publicize_connections":[],"featured_image_urls":{"full":"","thumbnail":"","medium":"","medium_large":"","large":"","1536x1536":"","2048x2048":"","penci-recipe-1200x1200":"","penci-recipe-1200x900":"","penci-recipe-1200x675":"","penci-single-full":"","penci-slider-full-thumb":"","penci-full-thumb":"","penci-slider-thumb":"","penci-magazine-slider":"","penci-thumb":"","penci-masonry-thumb":"","penci-thumb-square":"","penci-thumb-vertical":"","penci-thumb-small":""},"author_info":{"display_name":"Nandi","author_link":"https:\/\/nandi.info\/?author=1"},"category_info":"<a href=\"https:\/\/nandi.info\/?cat=53\" rel=\"category\">Le Matin<\/a> <a href=\"https:\/\/nandi.info\/?cat=21\" rel=\"category\">Soci\u00e9t\u00e9<\/a>","tag_info":"Soci\u00e9t\u00e9","comment_count":"0","jetpack_featured_media_url":"","jetpack_sharing_enabled":true,"_links":{"self":[{"href":"https:\/\/nandi.info\/index.php?rest_route=\/wp\/v2\/posts\/15305","targetHints":{"allow":["GET"]}}],"collection":[{"href":"https:\/\/nandi.info\/index.php?rest_route=\/wp\/v2\/posts"}],"about":[{"href":"https:\/\/nandi.info\/index.php?rest_route=\/wp\/v2\/types\/post"}],"author":[{"embeddable":true,"href":"https:\/\/nandi.info\/index.php?rest_route=\/wp\/v2\/users\/1"}],"replies":[{"embeddable":true,"href":"https:\/\/nandi.info\/index.php?rest_route=%2Fwp%2Fv2%2Fcomments&post=15305"}],"version-history":[{"count":0,"href":"https:\/\/nandi.info\/index.php?rest_route=\/wp\/v2\/posts\/15305\/revisions"}],"wp:featuredmedia":[{"embeddable":true,"href":"https:\/\/nandi.info\/index.php?rest_route=\/"}],"wp:attachment":[{"href":"https:\/\/nandi.info\/index.php?rest_route=%2Fwp%2Fv2%2Fmedia&parent=15305"}],"wp:term":[{"taxonomy":"category","embeddable":true,"href":"https:\/\/nandi.info\/index.php?rest_route=%2Fwp%2Fv2%2Fcategories&post=15305"},{"taxonomy":"post_tag","embeddable":true,"href":"https:\/\/nandi.info\/index.php?rest_route=%2Fwp%2Fv2%2Ftags&post=15305"}],"curies":[{"name":"wp","href":"https:\/\/api.w.org\/{rel}","templated":true}]}}