{"id":15183,"date":"2023-09-01T17:15:56","date_gmt":"2023-09-01T15:15:56","guid":{"rendered":"https:\/\/nandi.info\/?p=15183"},"modified":"2023-09-01T17:15:56","modified_gmt":"2023-09-01T15:15:56","slug":"cri-2002-lopportunisme-a-ciel-ouvert-et-la-crise","status":"publish","type":"post","link":"https:\/\/nandi.info\/?p=15183","title":{"rendered":"CRI-2002\u00a0: L\u2019Opportunisme \u00e0 ciel ouvert et la crise"},"content":{"rendered":"\n<p><strong>Septi\u00e8me (7\u00e8me) article de l\u2019an 2023 et 55<sup>\u00e8me<\/sup> au total depuis janvier 2019 la crise qui s\u00e9vit depuis belle lurette au sein de l\u2019association Cri-2002 est saisie par Sall et sa minuscule clique pour faire le beau temps car ha\u00efe par les membres fondateurs qui refusent de le voir se pavaner et parler de Cri-2002 alors qu\u2019il est plus que disqualifi\u00e9 au triple plan coutumier, l\u00e9gal et l\u00e9gitime.<\/strong><\/p>\n\n\n\n<p class=\"has-drop-cap\">Car comment peut-on orchestrer des combines et manigances \u00e0 l\u2019encontre de ses bienfaiteurs (en l\u2019esp\u00e8ce les soci\u00e9taires qui ont fait Sall Pr\u00e9sident, par d\u00e9faut certes), \u00e9chouer dans ce dessein funeste et s\u2019accrocher vaille que vaille \u00e0 son fauteuil moribond&nbsp;?<\/p>\n\n\n\n<p><strong>Bien malin qui peut r\u00e9pondre \u00e0 cette question. Mais Abdoulaye Sall en a la r\u00e9ponse toute nette&nbsp;: sans Cri-2002, il n\u2019est RIEN.<\/strong><\/p>\n\n\n\n<p>Le comportement iconoclaste de Sall est sujet de questionnements pour tout homme imbu du bon sens tant il est singulier \u00e0 bien des \u00e9gards.<\/p>\n\n\n\n<p>L\u2019homme s\u2019emp\u00eatre inlassablement dans des calculs malsains, voire des \u00e9lucubrations qui vont finir par l\u2019envelopper insidieusement et le conduire \u00e0 sa perte d\u00e9finitive et irr\u00e9versible. A qui la faute&nbsp;?<\/p>\n\n\n\n<p>A mi\u2013chemin entre 70 et 80 ans, Sall doit savoir que l\u2019heure n\u2019est plus \u00e0 la recherche effr\u00e9n\u00e9e de poste public de responsabilit\u00e9 qui lui a fait tant d\u00e9faut toute sa vie durant, ni \u00e0 l\u2019accaparement des biens sociaux (v\u00e9hicules Cri-2002), encore moins \u00e0 l\u2019usurpation de titre de Pr\u00e9sident du prestigieux cercle restreint&nbsp; ou think tank (selon les termes du bon c\u0153ur feu Dr Makalou ) qu\u2019est&nbsp; l\u2019association Cri-2002.<\/p>\n\n\n\n<p>En effet, depuis la gifle judiciaire inflig\u00e9e \u00e0 Sall par l\u2019Arr\u00eat de la Cour d\u2019Appel en mai 2020, il n\u2019est plus Pr\u00e9sident de Cri-2002 d\u2019autant que les d\u00e9cisions malhonn\u00eatement prises au cours de la frauduleuse Assembl\u00e9e G\u00e9n\u00e9rale du 12 janvier 2019&nbsp; ont \u00e9t\u00e9 d\u00e9clar\u00e9es \u00ab&nbsp;nulles et de nul effet&nbsp;\u00bb du fait de leur incoh\u00e9rence, de leur barbarie et de leur caract\u00e8re purement haineux&nbsp; \u00e0 l\u2019encontre de ceux qui ont mis Sall sur un pi\u00e9destal mais qui refusent de se plier \u00e0 ses d\u00e9sid\u00e9rata incongrus.<\/p>\n\n\n\n<p>C\u2019est ainsi que ceux \u2013ci ont lanc\u00e9 \u00e0 son encontre une p\u00e9tition en juillet 2021 pour qu\u2019il rende le tablier&nbsp;; ce qui \u00e9quivaut pour lui \u00e0 mourir.<\/p>\n\n\n\n<ol class=\"wp-block-list\" type=\"1\">\n<li><strong><em>Sall dans son ent\u00eatement aveugle, n\u2019a que faire de la p\u00e9tition des membres fondateurs \u00e0 son encontre en juillet 2021<\/em><\/strong><em><\/em><\/li>\n<\/ol>\n\n\n\n<p>Rendre service \u00e0 lui-m\u00eame d\u2019abord, puis \u00e0 l\u2019association Cri-2002 en d\u00e9missionnant serait l\u2019acte salvateur qui couronne la crise interne qui secoue Cri-2002&nbsp; progressivement de fa\u00e7on latente avant de devenir apparente sur la place publique.<\/p>\n\n\n\n<p>Hormis l\u2019Assembl\u00e9e G\u00e9n\u00e9rale de janvier 2004 qui permit \u00e0 Abdoulaye SALL de succ\u00e9der \u00e0 Ma\u00eetre SOW apr\u00e8s d\u00e9sistement de nos deux pr\u00e9f\u00e9r\u00e9s pour cas de force majeure, Sall n\u2019a jamais pu organiser une Assembl\u00e9e G\u00e9n\u00e9rale correcte tant son cachet est empreint d\u2019exclusion., notamment des membres fondateurs de fa\u00e7on progressive en d\u00e9pit des mises en garde r\u00e9p\u00e9t\u00e9es \u00e0 son encontre.<\/p>\n\n\n\n<p>Statutairement, le mandat du Bureau est de cinq (05) ans, renouvelable en Assembl\u00e9e G\u00e9n\u00e9rale uniquement. Or, la derni\u00e8re Assembl\u00e9e G\u00e9n\u00e9rale (mal organis\u00e9e avec l\u2019envoi s\u00e9lectif d\u2019avis de convocation des membres du bureau en date de f\u00e9vrier 2010, soit 6 ans entre deux AG au lieu de 5 pr\u00e9vus.<\/p>\n\n\n\n<p>Pire, Sall mit neuf (9) ans pour organiser la derni\u00e8re AG le 12 janvier 2019 non seulement avec l\u2019outrecuidance de l\u2019envoi s\u00e9lectif de convocation mais aussi en faisant envahir la salle d\u2019AG d\u2019inconnus, de badeaux et de trois de ses fils en complicit\u00e9 avec le pitoyable Secr\u00e9taire G\u00e9n\u00e9ral Modibo Koly KEITA de l\u2019ANPE; toute une armada gueri\u00e8re aux fins d\u2019intimidation des contestataires dont le Permanent. C\u2019est ainsi, qu\u2019il ordonna l\u2019agression d\u2019huissier venu faire les constats du d\u00e9roulement de l\u2019AG sur demande du Permanent; ordre d\u2019agression ex\u00e9cut\u00e9 par le Secr\u00e9taire G\u00e9n\u00e9ral Modibo, le Comptable Ly et son fils Benjamin Mamadou Sall, trio qui l\u2019expulsa violemment de la salle (PV d\u2019huissier en atteste).<\/p>\n\n\n\n<p>Suite \u00e0 cette forfaiture, Sall fit approuver furtivement ses rapports narratif et financier en l\u2019absence du Permanent (archives de l\u2019association), mit en place un bureau \u00e0 sa guise (sans les contestataires).<\/p>\n\n\n\n<p>Comble de l\u2019audace, Sall envoya ce bureau frauduleux et lettres d\u2019exclusions aux contestataires, voulant rester seul ma\u00eetre \u00e0 bord du navire CRI -2002. Mais Dieu ne dort pas comme on le dit.<\/p>\n\n\n\n<p>Il \u00e9choua lamentablement. A l\u2019heure actuelle, Cri-2002 est agonisant. Les \u00e9nergum\u00e8nes qui sont venus remplir la salle d\u2019Assembl\u00e9e g\u00e9n\u00e9rale sur on invitation n\u2019ont plus remis pied \u00e0 nos bureaux tant ils ont \u00e9t\u00e9 d\u00e9sagr\u00e9ablement surpris par la tournure de la fronde contre Sall. Ils \u00e9taient venus pensant int\u00e9grer Cri-2002 et trouver \u00e0 boire et \u00e0 manger alors que Sall voulait se server d\u2019eux comme des moutons de panurge. Bref, Abdoulaye Sall a \u00e9chou\u00e9 sur toute la ligne. M\u00eame ses amis l\u2019ont l\u00e2ch\u00e9 car la VERITE a fini par crever les yeux.<\/p>\n\n\n\n<ul class=\"wp-block-list\">\n<li><strong><em>Les contestataires ayant \u00e9crit \u00e0 tous les partenaires de l\u2019association&nbsp;: SOS, Cri-2002 se meurt<\/em><\/strong><\/li>\n<\/ul>\n\n\n\n<p>Abdoulaye Sall est vraiment un cas n\u00e9faste dans l\u2019histoire associative au Mali. IL S\u2019ACCROCHE AU BIEN D\u2019AUTRUI en ce sens qu\u2019il est \u00e9tranger \u00e0 l\u2019initiation de CRI-2002 en janvier 2000. C\u2019est trois bons (3) mois apr\u00e8s, soit en avril 2000 que feu ME SOW, 1<sup>er<\/sup> Pr\u00e9sident, le D\u00e9mocrate et le D\u00e9vou\u00e9, l\u2019a fait venir avec tant d\u2019autres cadres pour l\u2019impliquer.<\/p>\n\n\n\n<p>C\u2019est \u00e0 la lumi\u00e8re de ce qui pr\u00e9c\u00e8de que le titre opportunisme vaut \u00e0 cet article. Sall rase les murs depuis 2019, ann\u00e9e de la tenue de la derni\u00e8re Assembl\u00e9e G\u00e9n\u00e9rale truqu\u00e9e ayant donn\u00e9 naissance \u00e0 un bureau frauduleux incidemment invalid\u00e9 par dame justice.<\/p>\n\n\n\n<p>Tenez&nbsp;: Sall, contrairement \u00e0 l\u2019apparence ne sait ni \u00e9crire un rapport digne de ce nom ni parler. Chaque fois il ouvre la bouche, il choque et offusque. Or il aime les m\u00e9dias, d\u2019o\u00f9 son impopularit\u00e9 notoire.<\/p>\n\n\n\n<p><strong>Illustration&nbsp;<\/strong>: les deux petits projets qui font vivre Sall et sa petite clique de 3 personnes au nom de Cri-2002 depuis la crise (NDI et Transparency international) sont l\u2019\u0153uvre intellectuelle du Permanent qu\u2019il ne veut pas voir et qui, pourtant, figure parmi les fondateurs qui l\u2019ont fait roi en 2004 pour succ\u00e9der \u00e0 feu Maitre SOW. Des t\u00e9moins sont vivants, membres fondateurs.<\/p>\n\n\n\n<p>Bon nombre de bailleurs de Cri-2002 ont suspendu leur subvention pour cause de crise interne d\u00e9non\u00e7ant la gestion interne d\u2019une organisation qui \u00e9tait cens\u00e9e \u00eatre l\u2019exemple.<\/p>\n\n\n\n<ul class=\"wp-block-list\">\n<li><strong><em>Gesticuler devant les m\u00e9dias \u00e0 la recherche effr\u00e9n\u00e9e de poste public de responsabilit\u00e9 et de gloire met en p\u00e9ril l\u2019essence de la vie associative<\/em><\/strong><\/li>\n<\/ul>\n\n\n\n<p>C\u2019est le cas typique et singuli\u00e8rement n\u00e9gatif de Sall qui ne jure que par le show de m\u2019as-tu vu \u00e0 la t\u00e9l\u00e9 ou m\u2019as \u2013tu entendu sur les ondes&nbsp;? m\u00eame si c\u2019est pour tenir des propos le plus souvent choquants et insens\u00e9s&nbsp;; l\u2019important pour lui c\u2019est d\u2019apparaitre et sortir de l\u2019ombre.<\/p>\n\n\n\n<p>Ce monsieur a l\u2019art de distraire le public en se prenant pour le centre des d\u00e9bats d\u2019int\u00e9r\u00eat national alors que, c\u2019est un secret de polichinelle, il est \u00ab&nbsp;d\u00e9pos\u00e9&nbsp;\u00bb par tous et toutes \u00e0 cause de son opportunisme av\u00e9r\u00e9 et sa traitrise notoire du fait qu\u2019elle ne date pas d\u2019aujourd\u2019hui.<\/p>\n\n\n\n<p><strong>C\u2019est pourquoi, Cri-2002 qui lui a permis de sortir de l\u2019orni\u00e8re en devient sa victime&nbsp;; \u00ab&nbsp;old habits die hard&nbsp;\u00bb dixit les am\u00e9ricains. Traduction&nbsp;: l\u2019habitude \u00e9tant une seconde nature.<\/strong><\/p>\n\n\n\n<p>C\u2019est ainsi qu\u2019il cr\u00e9\u00e9e sciemment de perp\u00e9tuelles situations de conflits dans la collaboration \u00e0 la fois pour masquer sa platitude et pour d\u00e9nigrer l\u2019autre.<\/p>\n\n\n\n<p>Au cr\u00e9puscule de sa vie, Sall n\u2019a pas encore saisi le principe sacro -saint de la vie associative qui est que chacun compte, chaque soci\u00e9taire a de la valeur de fa\u00e7on presque \u00e9galitaire. A la diff\u00e9rence notable de l\u2019entreprise o\u00f9 le chef est roi.&nbsp; S\u2019adapter n\u2019est plus possible pour lui. C\u2019est act\u00e9 d\u00e9finitivement que l\u2019on ne peut rien tirer de positif de lui, sauf lui dire \u00ab&nbsp;<strong><em>bon d\u00e9barras et au revoir monsieur Sall pour avoir, par pur \u00e9go\u00efsme, tent\u00e9 de d\u00e9truire l\u2019instrument qui t\u2019a si bien servi, toi et les siens opportunistes au d\u00e9triment de la majorit\u00e9&nbsp; qui a su\u00e9 et transpir\u00e9 pour que Cri-2002 existe et fasse son chemin sous le leadership \u00e9clair\u00e9 de feu Ma\u00eetre Abdoulaye S\u00e9kou SOW, ancien premier Ministre et Conseiller \u00e0 la cour Constitutionnelle&nbsp;\u00bb. <\/em><\/strong>Dorme en paix, cher Ma\u00eetre, pour ta vision patriotique et tes bienfaits qui profitent \u00e0 d\u2019autres apr\u00e8s toi&nbsp;!<\/p>\n\n\n\n<p>&nbsp;&nbsp;&nbsp;&nbsp;&nbsp;&nbsp;&nbsp;&nbsp;&nbsp;&nbsp;&nbsp;&nbsp;&nbsp;&nbsp;&nbsp;&nbsp;&nbsp;&nbsp;&nbsp;&nbsp;&nbsp;&nbsp;&nbsp;&nbsp;&nbsp;&nbsp;&nbsp;&nbsp;&nbsp;&nbsp;&nbsp;&nbsp;&nbsp;&nbsp;&nbsp;&nbsp;&nbsp;&nbsp;&nbsp;&nbsp;&nbsp;&nbsp;&nbsp;&nbsp;&nbsp;&nbsp;&nbsp;&nbsp;&nbsp;&nbsp;&nbsp;&nbsp;&nbsp;&nbsp;&nbsp;&nbsp;&nbsp;&nbsp;&nbsp;&nbsp;&nbsp;&nbsp;&nbsp;&nbsp;&nbsp;&nbsp;&nbsp;&nbsp;&nbsp;&nbsp;&nbsp;&nbsp;&nbsp;&nbsp;&nbsp;&nbsp;&nbsp;&nbsp;&nbsp; &nbsp;&nbsp;&nbsp;&nbsp;&nbsp;&nbsp;<strong>Mamadou F. KEITA<\/strong><\/p>\n\n\n\n<p><strong>&nbsp;&nbsp;&nbsp;&nbsp;&nbsp;&nbsp;&nbsp;&nbsp;&nbsp;&nbsp;&nbsp;&nbsp;&nbsp;&nbsp;&nbsp;&nbsp;&nbsp;&nbsp;&nbsp;&nbsp;&nbsp;&nbsp;&nbsp;&nbsp;&nbsp;&nbsp;&nbsp;&nbsp;&nbsp;&nbsp;&nbsp;&nbsp;&nbsp;&nbsp;&nbsp;&nbsp;&nbsp;&nbsp;&nbsp;&nbsp;&nbsp;&nbsp;&nbsp;&nbsp;&nbsp;&nbsp;&nbsp;&nbsp;&nbsp;&nbsp;&nbsp;&nbsp;&nbsp;&nbsp;&nbsp;&nbsp; Organisateur en chef depuis ao\u00fbt 2000<\/strong><\/p>\n\n\n\n<p><strong>&nbsp;&nbsp;&nbsp;&nbsp; Conseiller Permanent depuis f\u00e9vrier 2010<\/strong>.<\/p>\n","protected":false},"excerpt":{"rendered":"<p>Septi\u00e8me (7\u00e8me) article de l\u2019an 2023 et 55\u00e8me au total depuis janvier 2019 la crise qui s\u00e9vit depuis belle lurette au sein de l\u2019association Cri-2002 est saisie par Sall et&hellip;<\/p>\n","protected":false},"author":1,"featured_media":15185,"comment_status":"open","ping_status":"closed","sticky":false,"template":"","format":"standard","meta":{"content-type":"","_lmt_disableupdate":"","_lmt_disable":"","_jetpack_memberships_contains_paid_content":false,"footnotes":"","jetpack_publicize_message":"","jetpack_publicize_feature_enabled":true,"jetpack_social_post_already_shared":true,"jetpack_social_options":{"image_generator_settings":{"template":"highway","default_image_id":0,"font":"","enabled":false},"version":2}},"categories":[111,21],"tags":[],"class_list":["post-15183","post","type-post","status-publish","format-standard","has-post-thumbnail","hentry","category-ciwara-info","category-societe"],"jetpack_publicize_connections":[],"featured_image_urls":{"full":"","thumbnail":"","medium":"","medium_large":"","large":"","1536x1536":"","2048x2048":"","penci-recipe-1200x1200":"","penci-recipe-1200x900":"","penci-recipe-1200x675":"","penci-single-full":"","penci-slider-full-thumb":"","penci-full-thumb":"","penci-slider-thumb":"","penci-magazine-slider":"","penci-thumb":"","penci-masonry-thumb":"","penci-thumb-square":"","penci-thumb-vertical":"","penci-thumb-small":""},"author_info":{"display_name":"Nandi","author_link":"https:\/\/nandi.info\/?author=1"},"category_info":"<a href=\"https:\/\/nandi.info\/?cat=111\" rel=\"category\">Ciwara Info<\/a> <a href=\"https:\/\/nandi.info\/?cat=21\" rel=\"category\">Soci\u00e9t\u00e9<\/a>","tag_info":"Soci\u00e9t\u00e9","comment_count":"0","jetpack_featured_media_url":"","jetpack_sharing_enabled":true,"_links":{"self":[{"href":"https:\/\/nandi.info\/index.php?rest_route=\/wp\/v2\/posts\/15183","targetHints":{"allow":["GET"]}}],"collection":[{"href":"https:\/\/nandi.info\/index.php?rest_route=\/wp\/v2\/posts"}],"about":[{"href":"https:\/\/nandi.info\/index.php?rest_route=\/wp\/v2\/types\/post"}],"author":[{"embeddable":true,"href":"https:\/\/nandi.info\/index.php?rest_route=\/wp\/v2\/users\/1"}],"replies":[{"embeddable":true,"href":"https:\/\/nandi.info\/index.php?rest_route=%2Fwp%2Fv2%2Fcomments&post=15183"}],"version-history":[{"count":0,"href":"https:\/\/nandi.info\/index.php?rest_route=\/wp\/v2\/posts\/15183\/revisions"}],"wp:featuredmedia":[{"embeddable":true,"href":"https:\/\/nandi.info\/index.php?rest_route=\/"}],"wp:attachment":[{"href":"https:\/\/nandi.info\/index.php?rest_route=%2Fwp%2Fv2%2Fmedia&parent=15183"}],"wp:term":[{"taxonomy":"category","embeddable":true,"href":"https:\/\/nandi.info\/index.php?rest_route=%2Fwp%2Fv2%2Fcategories&post=15183"},{"taxonomy":"post_tag","embeddable":true,"href":"https:\/\/nandi.info\/index.php?rest_route=%2Fwp%2Fv2%2Ftags&post=15183"}],"curies":[{"name":"wp","href":"https:\/\/api.w.org\/{rel}","templated":true}]}}