{"id":15176,"date":"2023-09-01T16:20:00","date_gmt":"2023-09-01T14:20:00","guid":{"rendered":"https:\/\/nandi.info\/?p=15176"},"modified":"2023-09-01T16:20:00","modified_gmt":"2023-09-01T14:20:00","slug":"affaire-securiport-general-salif-traore-place-sous-mandat-seynabou-diop-auditionnee","status":"publish","type":"post","link":"https:\/\/nandi.info\/?p=15176","title":{"rendered":"Affaire Securiport\u00a0: G\u00e9n\u00e9ral Salif Traor\u00e9 plac\u00e9 sous mandat, Seynabou Diop auditionn\u00e9e"},"content":{"rendered":"\n<p><strong>Dans le cadre de la lutte contre la corruption, les autorit\u00e9s de la transition passent \u00e0 la vitesse sup\u00e9rieure. Apr\u00e8s l\u2019arrestation de L\u2019ancien pr\u00e9sident de l\u2019Assembl\u00e9e nationale du Mali, Isaac Sidib\u00e9, et quatre de ses anciens collaborateurs dont Mamoutou Tour\u00e9 alias Bavieux, pr\u00e9sident de la F\u00e9d\u00e9ration malienne de football pour \u00ab atteintes aux biens publics \u00bb, la machine judiciaire vient de mettre la main sur l\u2019ancien ministre de la S\u00e9curit\u00e9, le g\u00e9n\u00e9ral Salif Traor\u00e9 et deux autres cadres du minist\u00e8re de la jeunesse et des sports, charg\u00e9 de l\u2019instruction civique et de la construction citoyenne.<\/strong><\/p>\n\n\n\n<p class=\"has-drop-cap\">L&rsquo;ancien ministre de la S\u00e9curit\u00e9, G\u00e9n\u00e9ral Salif Traor\u00e9 a \u00e9t\u00e9 plac\u00e9 aujourd&rsquo;hui sous mandat de d\u00e9p\u00f4t dans l&rsquo;affaire Securiport.&nbsp; Deux autres anciens ministres attendent d&rsquo;\u00eatre fix\u00e9s sur leur sort aujourd&rsquo;hui ou demain.&nbsp;&nbsp;<\/p>\n\n\n\n<p>Dans le m\u00eame dossier, l&rsquo;ancienne ministre de l&rsquo;\u00e9quipement et des transports Seynabou Diop quant \u00e0 elle, reste en libert\u00e9. Elle est rentr\u00e9e chez elle apr\u00e8s une journ\u00e9e entre les mains des juges anti-corruption du P\u00f4le \u00e9conomique de Bamako.<\/p>\n\n\n\n<p>En plus de ce dossier, les juges anti-corruption ont frapp\u00e9 \u00e0 la porte du minist\u00e8re de la jeunesse et des sports.<\/p>\n\n\n\n<p>Selon certaines indiscr\u00e9tions, le DFM du Minist\u00e8re de la jeunesse et des sports, charg\u00e9 de l\u2019instruction civique et de la construction citoyenne et un R\u00e9gisseur de ce d\u00e9partement ont \u00e9t\u00e9 plac\u00e9 sous mandat de d\u00e9p\u00f4t \u00e0 la MCA.<\/p>\n\n\n\n<p>Pour rappel, l\u2019ancien pr\u00e9sident de l\u2019Assembl\u00e9e nationale du Mali, Isaac Sidib\u00e9, et quatre de ses anciens collaborateurs ont \u00e9t\u00e9 plac\u00e9s sous mandat de d\u00e9p\u00f4t. Les autres personnalit\u00e9s arr\u00eat\u00e9es sont Modibo Sidib\u00e9, ancien Secr\u00e9taire g\u00e9n\u00e9ral de l\u2019Assembl\u00e9e Nationale, Anfa Kalifa, ex-contr\u00f4leur financier \u00e0 l\u2019AN, Demba Traor\u00e9 ex-comptable \u00e0 l\u2019Assembl\u00e9e Nationale et Mamoutou dit Bavieux Tour\u00e9, ex-Directeur du Service Administratif et Financier de l\u2019AN.<\/p>\n\n\n\n<p>Ils ont \u00e9t\u00e9 arr\u00eat\u00e9s dans le cadre d\u2019une enqu\u00eate pour atteinte aux biens publics, faux et usage de faux et complicit\u00e9, rapporte le m\u00eame m\u00e9dia.<\/p>\n\n\n\n<p>Il leur est reproch\u00e9 d\u2019avoir d\u00e9tourn\u00e9 un montant de 17 milliards de<\/p>\n\n\n\n<p><strong>Kadiatou KONE<\/strong><\/p>\n","protected":false},"excerpt":{"rendered":"<p>Dans le cadre de la lutte contre la corruption, les autorit\u00e9s de la transition passent \u00e0 la vitesse sup\u00e9rieure. Apr\u00e8s l\u2019arrestation de L\u2019ancien pr\u00e9sident de l\u2019Assembl\u00e9e nationale du Mali, Isaac&hellip;<\/p>\n","protected":false},"author":1,"featured_media":15181,"comment_status":"open","ping_status":"closed","sticky":false,"template":"","format":"standard","meta":{"content-type":"","_lmt_disableupdate":"","_lmt_disable":"","_jetpack_memberships_contains_paid_content":false,"footnotes":"","jetpack_publicize_message":"","jetpack_publicize_feature_enabled":true,"jetpack_social_post_already_shared":true,"jetpack_social_options":{"image_generator_settings":{"template":"highway","default_image_id":0,"font":"","enabled":false},"version":2}},"categories":[111,23],"tags":[],"class_list":["post-15176","post","type-post","status-publish","format-standard","has-post-thumbnail","hentry","category-ciwara-info","category-politique"],"jetpack_publicize_connections":[],"featured_image_urls":{"full":"","thumbnail":"","medium":"","medium_large":"","large":"","1536x1536":"","2048x2048":"","penci-recipe-1200x1200":"","penci-recipe-1200x900":"","penci-recipe-1200x675":"","penci-single-full":"","penci-slider-full-thumb":"","penci-full-thumb":"","penci-slider-thumb":"","penci-magazine-slider":"","penci-thumb":"","penci-masonry-thumb":"","penci-thumb-square":"","penci-thumb-vertical":"","penci-thumb-small":""},"author_info":{"display_name":"Nandi","author_link":"https:\/\/nandi.info\/?author=1"},"category_info":"<a href=\"https:\/\/nandi.info\/?cat=111\" rel=\"category\">Ciwara Info<\/a> <a href=\"https:\/\/nandi.info\/?cat=23\" rel=\"category\">Politique<\/a>","tag_info":"Politique","comment_count":"0","jetpack_featured_media_url":"","jetpack_sharing_enabled":true,"_links":{"self":[{"href":"https:\/\/nandi.info\/index.php?rest_route=\/wp\/v2\/posts\/15176","targetHints":{"allow":["GET"]}}],"collection":[{"href":"https:\/\/nandi.info\/index.php?rest_route=\/wp\/v2\/posts"}],"about":[{"href":"https:\/\/nandi.info\/index.php?rest_route=\/wp\/v2\/types\/post"}],"author":[{"embeddable":true,"href":"https:\/\/nandi.info\/index.php?rest_route=\/wp\/v2\/users\/1"}],"replies":[{"embeddable":true,"href":"https:\/\/nandi.info\/index.php?rest_route=%2Fwp%2Fv2%2Fcomments&post=15176"}],"version-history":[{"count":0,"href":"https:\/\/nandi.info\/index.php?rest_route=\/wp\/v2\/posts\/15176\/revisions"}],"wp:featuredmedia":[{"embeddable":true,"href":"https:\/\/nandi.info\/index.php?rest_route=\/"}],"wp:attachment":[{"href":"https:\/\/nandi.info\/index.php?rest_route=%2Fwp%2Fv2%2Fmedia&parent=15176"}],"wp:term":[{"taxonomy":"category","embeddable":true,"href":"https:\/\/nandi.info\/index.php?rest_route=%2Fwp%2Fv2%2Fcategories&post=15176"},{"taxonomy":"post_tag","embeddable":true,"href":"https:\/\/nandi.info\/index.php?rest_route=%2Fwp%2Fv2%2Ftags&post=15176"}],"curies":[{"name":"wp","href":"https:\/\/api.w.org\/{rel}","templated":true}]}}