{"id":15123,"date":"2023-08-28T11:05:20","date_gmt":"2023-08-28T09:05:20","guid":{"rendered":"https:\/\/nandi.info\/?p=15123"},"modified":"2023-08-28T11:05:20","modified_gmt":"2023-08-28T09:05:20","slug":"suite-au-prelevement-fait-sur-les-salaires-pour-cause-de-greve-le-sns-as-pf-du-chu-gabriel-toure-crie-a-linjustice","status":"publish","type":"post","link":"https:\/\/nandi.info\/?p=15123","title":{"rendered":"Suite au pr\u00e9l\u00e8vement fait sur les salaires pour cause de gr\u00e8ve\u00a0: Le SNS-AS-PF du CHU Gabriel Tour\u00e9 crie \u00e0 l\u2019injustice\u00a0!\u00a0\u00a0"},"content":{"rendered":"\n<p><strong><em>Le vendredi 25 Ao\u00fbt dernier, le Syndicat National de la Sant\u00e9, de l\u2019Action Sociale et de la Promotion de la Femme (SNS-AS-PF) a pris d\u2019assaut la devanture de la Direction du Centre Hospitalier Universitaire Gabriel Tour\u00e9 (CHU-GT). Cela, \u00e0 la faveur d\u2019un sit-in suite au pr\u00e9l\u00e8vement effectu\u00e9 sur leurs salaires pour cause de cessation de travail. Ce qui constitue \u00e0 leurs yeux comme de l\u2019injustice.<\/em><\/strong>&nbsp;<\/p>\n\n\n\n<p class=\"has-drop-cap\">C\u2019est durant 2h d\u2019horloge dans la matin\u00e9e du vendredi dernier que le SNS-AS-PF du CHU Gabriel Tour\u00e9 a exprim\u00e9 son m\u00e9contentement et son indignation \u00e0 la suite de l\u2019amputation de leurs salaires par la Direction dudit h\u00f4pital. Cela, en guise de sanction suite \u00e0 un d\u00e9brayage que le personnel observe depuis un moment.<\/p>\n\n\n\n<p>Dans son intervention lors de cette manifestation, le Secr\u00e9taire G\u00e9n\u00e9ral de SNS-AS-PF du CHU Gabriel Tour\u00e9, Dr Losseny Bengaly a d\u00e9clar\u00e9 que ladite rencontre est ax\u00e9e sur un seul point, qui est le constat de pr\u00e9l\u00e8vement de salaires des travailleurs aux montants allant souvent au-del\u00e0 de la moiti\u00e9 par la Direction du CHU Gabriel Tour\u00e9. Et le motif \u00e9voqu\u00e9 par ce dernier est la gr\u00e8ve qu\u2019observent les travailleurs. Selon Dr Bengaly, la loi autorise \u00e0 pr\u00e9lever sur le salaire des travailleurs en cas de gr\u00e8ve. Cependant, que cette m\u00eame loi oblige le Gouvernement \u00e0 ouvrir des n\u00e9gociations en cas de pr\u00e9avis de gr\u00e8ve. \u00ab&nbsp;C\u2019est ce que la Direction n\u2019a pas fait. C\u2019est ce que l\u2019Autorit\u00e9 n\u2019a pas fait. Donc c\u2019est le Gouvernement qui a viol\u00e9 la loi et veut appliquer la m\u00eame loi pour pr\u00e9lever sur les salaires. C\u2019est une injustice et on ne va pas l\u2019admettre\u00bb a-t-il d\u00e9nonc\u00e9.&nbsp;<\/p>\n\n\n\n<p>Par la suite, il a fait savoir que ce Sit-in est la conclusion de leur Assembl\u00e9e G\u00e9n\u00e9rale tenue le jeudi 24 Ao\u00fbt. Lequel a pour objectif d\u2019informer l\u2019opinion publique, y compris les patients, afin qu\u2019ils puissent comprendre ce ras-le-bol commis contre eux par le Directeur de cet h\u00f4pital. Avant de terminer, il a pr\u00e9venu que tant que leurs salaires ne seront pas totalement restaur\u00e9s, le mouvement continuera.<\/p>\n\n\n\n<p>A son adjoint, Badjim\u00e9 Kant\u00e9 de souligner que si les n\u00e9gociations que refusent le Gouvernement \u00e9taient ouvertes, cela pouvait peut-\u00eatre emp\u00eacher cette gr\u00e8ve. \u00ab&nbsp;Vous ne pouvez pas imposer, obliger une corporation, un Syndicat \u00e0 aller en gr\u00e8ve et ensuite appliquer une partie de la loi\u2026Que la loi soit appliqu\u00e9e dans son enti\u00e8ret\u00e9, c\u2019est ce que nous demandons. Et cela doit emmener les Autorit\u00e9s, d\u2019abord, \u00e0 ouvrir des n\u00e9gociations, \u00e0 regarder nos dol\u00e9ances, \u00e0 y apporter des solutions. Et c\u2019est tout ce que nous demandons et je pense que ce n\u2019est pas de la mer \u00e0 boire&nbsp;\u00bba-t-il martel\u00e9. Et de poursuivre en s\u2019adressant au Directeur du CHU Gabriel Tour\u00e9 en ces termes&nbsp;: \u00ab&nbsp;il est temps d\u2019arr\u00eater avec le m\u00e9pris, il est temps d\u2019arr\u00eater avec ces agissements qui n\u2019honorent pas notre structure&nbsp;\u00bb.<\/p>\n\n\n\n<p><strong>Par Mariam Sissoko<\/strong><\/p>\n","protected":false},"excerpt":{"rendered":"<p>Le vendredi 25 Ao\u00fbt dernier, le Syndicat National de la Sant\u00e9, de l\u2019Action Sociale et de la Promotion de la Femme (SNS-AS-PF) a pris d\u2019assaut la devanture de la Direction&hellip;<\/p>\n","protected":false},"author":1,"featured_media":15125,"comment_status":"open","ping_status":"closed","sticky":false,"template":"","format":"standard","meta":{"content-type":"","_lmt_disableupdate":"","_lmt_disable":"","_jetpack_memberships_contains_paid_content":false,"footnotes":"","jetpack_publicize_message":"","jetpack_publicize_feature_enabled":true,"jetpack_social_post_already_shared":true,"jetpack_social_options":{"image_generator_settings":{"template":"highway","default_image_id":0,"font":"","enabled":false},"version":2}},"categories":[67,24],"tags":[],"class_list":["post-15123","post","type-post","status-publish","format-standard","has-post-thumbnail","hentry","category-le-sursaut","category-sante"],"jetpack_publicize_connections":[],"featured_image_urls":{"full":"","thumbnail":"","medium":"","medium_large":"","large":"","1536x1536":"","2048x2048":"","penci-recipe-1200x1200":"","penci-recipe-1200x900":"","penci-recipe-1200x675":"","penci-single-full":"","penci-slider-full-thumb":"","penci-full-thumb":"","penci-slider-thumb":"","penci-magazine-slider":"","penci-thumb":"","penci-masonry-thumb":"","penci-thumb-square":"","penci-thumb-vertical":"","penci-thumb-small":""},"author_info":{"display_name":"Nandi","author_link":"https:\/\/nandi.info\/?author=1"},"category_info":"<a href=\"https:\/\/nandi.info\/?cat=67\" rel=\"category\">Le Sursaut<\/a> <a href=\"https:\/\/nandi.info\/?cat=24\" rel=\"category\">Sant\u00e9<\/a>","tag_info":"Sant\u00e9","comment_count":"0","jetpack_featured_media_url":"","jetpack_sharing_enabled":true,"_links":{"self":[{"href":"https:\/\/nandi.info\/index.php?rest_route=\/wp\/v2\/posts\/15123","targetHints":{"allow":["GET"]}}],"collection":[{"href":"https:\/\/nandi.info\/index.php?rest_route=\/wp\/v2\/posts"}],"about":[{"href":"https:\/\/nandi.info\/index.php?rest_route=\/wp\/v2\/types\/post"}],"author":[{"embeddable":true,"href":"https:\/\/nandi.info\/index.php?rest_route=\/wp\/v2\/users\/1"}],"replies":[{"embeddable":true,"href":"https:\/\/nandi.info\/index.php?rest_route=%2Fwp%2Fv2%2Fcomments&post=15123"}],"version-history":[{"count":0,"href":"https:\/\/nandi.info\/index.php?rest_route=\/wp\/v2\/posts\/15123\/revisions"}],"wp:featuredmedia":[{"embeddable":true,"href":"https:\/\/nandi.info\/index.php?rest_route=\/"}],"wp:attachment":[{"href":"https:\/\/nandi.info\/index.php?rest_route=%2Fwp%2Fv2%2Fmedia&parent=15123"}],"wp:term":[{"taxonomy":"category","embeddable":true,"href":"https:\/\/nandi.info\/index.php?rest_route=%2Fwp%2Fv2%2Fcategories&post=15123"},{"taxonomy":"post_tag","embeddable":true,"href":"https:\/\/nandi.info\/index.php?rest_route=%2Fwp%2Fv2%2Ftags&post=15123"}],"curies":[{"name":"wp","href":"https:\/\/api.w.org\/{rel}","templated":true}]}}