{"id":15112,"date":"2023-08-28T10:28:39","date_gmt":"2023-08-28T08:28:39","guid":{"rendered":"https:\/\/nandi.info\/?p=15112"},"modified":"2023-08-28T10:28:39","modified_gmt":"2023-08-28T08:28:39","slug":"probable-prolongation-de-la-transition-au-dela-de-2024-un-vaste-mouvement-est-il-en-gestation-pour-dire-non","status":"publish","type":"post","link":"https:\/\/nandi.info\/?p=15112","title":{"rendered":"Probable prolongation de la transition au-del\u00e0 de 2024 : Un vaste mouvement est-il en gestation pour dire non ?"},"content":{"rendered":"\n<p><strong><em>Apr\u00e8s la r\u00e9union du cadre des partis politiques avec le ministre de l\u2019administration territoriale et de la d\u00e9centralisation, des signaux beaucoup plus perceptibles indiquent que les autorit\u00e9s n\u2019ont pas la volont\u00e9 de respecter le d\u00e9lai imparti pour la fin de la transition au Mali. Elles semblent \u00eatre favorables \u00e0 une prolongation du d\u00e9lai afin, disent-elles, de r\u00e9unir les conditions pour des \u00e9lections cr\u00e9dibles et transparentes. Ce sch\u00e9ma pour le moins burlesque suscitera \u00e0 coup s\u00fbr des r\u00e9actions au sein de la classe politique et&nbsp; sera lourd des cons\u00e9quences tant sur le plan interne qu\u2019international. Des sources bien introduites font \u00e9tat de la cr\u00e9ation dans un bref d\u00e9lai d\u2019un vaste mouvement&nbsp; pour dire non \u00e0 une prolongation. Ce mouvement qui sera b\u00e2ti autour de l\u2019appel du 20 F\u00e9vrier regrouperait tous les partis politiques et associations oppos\u00e9s \u00e0 la prolongation du d\u00e9lai de la transition. Quel serait l\u2019objectif de ce mouvement&nbsp;? Qui en serait le leader&nbsp;?<\/em><\/strong><\/p>\n\n\n\n<p class=\"has-drop-cap\">Nul besoin d\u2019\u00eatre dans les secrets de Dieu pour savoir que les autorit\u00e9s n\u2019ont pas la volont\u00e9 de se conformer au chronogramme qu\u2019elles ont souverainement propos\u00e9 \u00e0 l\u2019opinion nationale et internationale et qui fixe la fin de la transition au 26 Mars 2024 avec l\u2019investiture d\u2019un nouveau Pr\u00e9sident d\u00e9mocratiquement \u00e9lu. Par cette posture les autorit\u00e9s de la transition pr\u00eates non seulement le flanc aux critiques de l\u2019opinion nationale qui en a ras-le bol de la difficile situation \u00e0 laquelle elle est durement confront\u00e9e et souhaite en m\u00eame temps &nbsp;qu\u2019on en sorte rapidement. Mais aussi elles exposent leur pays \u00e0 des probables sanctions de la Communaut\u00e9 Economique des Etats de l\u2019Afrique de l\u2019Ouest, CEDEAO, qui semble sonner le glas de la r\u00e9cr\u00e9ation avec le slogan tol\u00e9rance z\u00e9ro pour les putschistes. Ce qui fragiliserait davantage les faibles acquis de la p\u00e9riode transitoire. &nbsp;Au de-l\u00e0 des sanctions de la&nbsp; CEDEAO, la classe politique serait vent d\u00e9bout pour dire non \u00e0 la prolongation du d\u00e9lai de la transition. Pour ce faire un vaste mouvement h\u00e9t\u00e9roclite serait en gestation pour constituer un rempart protecteur de la d\u00e9mocratie et pour dire non \u00e0 une transition sans fin.<\/p>\n\n\n\n<p><strong><em>Quel serait l\u2019objectif de ce mouvement&nbsp;?<\/em><\/strong><\/p>\n\n\n\n<p>Selon toute vraisemblance, l\u2019objectif de ce mouvement serait d\u2019emp\u00eacher par les moyens d\u00e9mocratiques et l\u00e9gaux toute prolongation de la transition. A d\u00e9faut de la tenue des \u00e9lections \u00e0 dates \u00e9chues le mouvement proposerait certainement un nouveau sch\u00e9ma qui consisterait \u00e0 mettre \u00e0 plat tous les organes de la transition et \u00e0 proc\u00e9der \u00e0 une nouvelle reconfiguration. En cas de refus des autorit\u00e9s actuelles, le peuple souverain tranchera par des moyens pacifiques, l\u00e9gaux&nbsp; et d\u00e9mocratiques<\/p>\n\n\n\n<p><strong><em>Qui en serait le leader&nbsp;?<\/em><\/strong><\/p>\n\n\n\n<p>Le leader serait probablement un membre de la soci\u00e9t\u00e9 civile ou un responsable de parti. Mais y figureront tous les partis et associations qui sont oppos\u00e9s \u00e0 la prolongation de la transition comme la CODEM, YELEMA, PARENA, Faso Kaw\u00e9l\u00e9 pour ne citer que ces partis politiques. Ils pourraient \u00eatre rejoints par tous les m\u00e9contents ou les blas\u00e9s de la transition. Il est \u00e0 redouter qu\u2019une frange importante du peuple ne se joigne \u00e0 ce mouvement pour en faire un vaste et compact mouvement populaire. La crise sociale aidant les m\u00eames causes qui ont permis la cr\u00e9ation du M5 RFP, peuvent produire les m\u00eames effets de la naissance d\u2019un autre M5.<\/p>\n\n\n\n<p>En somme, les autorit\u00e9s doivent parer au plus presser en organisant juste la pr\u00e9sidentielle pour \u00e9viter \u00e0 notre pays une situation peu enviable et qui pourrait d\u00e9g\u00e9n\u00e9rer en insurrection populaire.<\/p>\n\n\n\n<p><strong>Youssouf Sissoko&nbsp;<\/strong><\/p>\n","protected":false},"excerpt":{"rendered":"<p>Apr\u00e8s la r\u00e9union du cadre des partis politiques avec le ministre de l\u2019administration territoriale et de la d\u00e9centralisation, des signaux beaucoup plus perceptibles indiquent que les autorit\u00e9s n\u2019ont pas la&hellip;<\/p>\n","protected":false},"author":1,"featured_media":15113,"comment_status":"open","ping_status":"closed","sticky":false,"template":"","format":"standard","meta":{"content-type":"","_lmt_disableupdate":"","_lmt_disable":"","_jetpack_memberships_contains_paid_content":false,"footnotes":"","jetpack_publicize_message":"","jetpack_publicize_feature_enabled":true,"jetpack_social_post_already_shared":true,"jetpack_social_options":{"image_generator_settings":{"template":"highway","default_image_id":0,"font":"","enabled":false},"version":2}},"categories":[68,23],"tags":[],"class_list":["post-15112","post","type-post","status-publish","format-standard","has-post-thumbnail","hentry","category-lalternance","category-politique"],"jetpack_publicize_connections":[],"featured_image_urls":{"full":"","thumbnail":"","medium":"","medium_large":"","large":"","1536x1536":"","2048x2048":"","penci-recipe-1200x1200":"","penci-recipe-1200x900":"","penci-recipe-1200x675":"","penci-single-full":"","penci-slider-full-thumb":"","penci-full-thumb":"","penci-slider-thumb":"","penci-magazine-slider":"","penci-thumb":"","penci-masonry-thumb":"","penci-thumb-square":"","penci-thumb-vertical":"","penci-thumb-small":""},"author_info":{"display_name":"Nandi","author_link":"https:\/\/nandi.info\/?author=1"},"category_info":"<a href=\"https:\/\/nandi.info\/?cat=68\" rel=\"category\">L'alternance<\/a> <a href=\"https:\/\/nandi.info\/?cat=23\" rel=\"category\">Politique<\/a>","tag_info":"Politique","comment_count":"0","jetpack_featured_media_url":"","jetpack_sharing_enabled":true,"_links":{"self":[{"href":"https:\/\/nandi.info\/index.php?rest_route=\/wp\/v2\/posts\/15112","targetHints":{"allow":["GET"]}}],"collection":[{"href":"https:\/\/nandi.info\/index.php?rest_route=\/wp\/v2\/posts"}],"about":[{"href":"https:\/\/nandi.info\/index.php?rest_route=\/wp\/v2\/types\/post"}],"author":[{"embeddable":true,"href":"https:\/\/nandi.info\/index.php?rest_route=\/wp\/v2\/users\/1"}],"replies":[{"embeddable":true,"href":"https:\/\/nandi.info\/index.php?rest_route=%2Fwp%2Fv2%2Fcomments&post=15112"}],"version-history":[{"count":0,"href":"https:\/\/nandi.info\/index.php?rest_route=\/wp\/v2\/posts\/15112\/revisions"}],"wp:featuredmedia":[{"embeddable":true,"href":"https:\/\/nandi.info\/index.php?rest_route=\/"}],"wp:attachment":[{"href":"https:\/\/nandi.info\/index.php?rest_route=%2Fwp%2Fv2%2Fmedia&parent=15112"}],"wp:term":[{"taxonomy":"category","embeddable":true,"href":"https:\/\/nandi.info\/index.php?rest_route=%2Fwp%2Fv2%2Fcategories&post=15112"},{"taxonomy":"post_tag","embeddable":true,"href":"https:\/\/nandi.info\/index.php?rest_route=%2Fwp%2Fv2%2Ftags&post=15112"}],"curies":[{"name":"wp","href":"https:\/\/api.w.org\/{rel}","templated":true}]}}