{"id":15100,"date":"2023-08-27T17:44:51","date_gmt":"2023-08-27T15:44:51","guid":{"rendered":"https:\/\/nandi.info\/?p=15100"},"modified":"2023-08-27T17:44:51","modified_gmt":"2023-08-27T15:44:51","slug":"abdoulaye-diop-sur-le-retrait-de-la-minusma-globalement-les-choses-se-passent-bien-avec-lequipe-de-la-minusma","status":"publish","type":"post","link":"https:\/\/nandi.info\/?p=15100","title":{"rendered":"Abdoulaye Diop sur le retrait de la MINUSMA : \u201cGlobalement, les choses se passent bien avec l\u2019\u00e9quipe de la Minusma\u201d"},"content":{"rendered":"\n<p><strong><em>A l\u2019issue d\u2019une r\u00e9union ce mercredi 23 ao\u00fbt 2023 au minist\u00e8re des Affaires \u00e9trang\u00e8res avec le secr\u00e9taire g\u00e9n\u00e9ral adjoint charg\u00e9 de la s\u00e9curit\u00e9 et la s\u00fbret\u00e9 des personnels des Nations unies, Gilles Michaud, le chef de la diplomatie malienne, Abdoulaye Diop a assur\u00e9 que les choses se passent bien avec l\u2019\u00e9quipe de la Minusma.<\/em><\/strong><\/p>\n\n\n\n<p class=\"has-drop-cap\">Depuis la r\u00e9solution 2690 du 30 juin dernier, le Mali est rentr\u00e9 dans une d\u00e9marche avec la Minusma et les Nations unies pour pouvoir mettre en place un plan de retrait de la Minusma d\u2019ici le 31 d\u00e9cembre de cette ann\u00e9e. Ces derni\u00e8res semaines, le ballet diplomatique ne cesse de s\u2019intensifier au minist\u00e8re des Affaires \u00e9trang\u00e8res.<\/p>\n\n\n\n<p>Apr\u00e8s la visite la semaine derni\u00e8re de Jean-Pierre Lacroix, le secr\u00e9taire g\u00e9n\u00e9ral adjoint aux op\u00e9rations de maintien de la paix, c\u2019est le tour du secr\u00e9taire g\u00e9n\u00e9ral adjoint charg\u00e9 de la s\u00e9curit\u00e9 et la s\u00fbret\u00e9 des Nations unies, Gilles Michaud d\u2019effectuer une visite au Mali.<\/p>\n\n\n\n<p>Selon ses dires, l\u2019objectif de cette visite \u00e0 Bamako est de continuer dans l\u2019esprit de collaboration au niveau s\u00e9curit\u00e9 durant le retrait de la Minusma et l\u2019apr\u00e8s-d\u00e9part de la Minusma.<\/p>\n\n\n\n<p>A l\u2019issue de cette r\u00e9union \u00e0 laquelle a pris part le ministre de la S\u00e9curit\u00e9 et de la Protection civile, le g\u00e9n\u00e9ral de brigade Daoud Aly Mohammedine, le chef de la diplomatie malienne a r\u00e9pondu aux pr\u00e9occupations de son h\u00f4te en confirmant que les autorit\u00e9s maliennes assurent la s\u00e9curit\u00e9 du personnel des Nations unies et leurs installations surtout apr\u00e8s le retrait de la Mission \u00e0 la date du 1er janvier 2024.<\/p>\n\n\n\n<p>A en croire le ministre Diop, le Mali n\u2019a pas de plan de B y compris les Nations unies. Dans ce sens, les deux parties doivent tout faire pour cr\u00e9er les conditions et r\u00e9aliser l\u2019ex\u00e9cution de ce plan dans son d\u00e9lai.<\/p>\n\n\n\n<p><em>\u201cGlobalement les choses se passent bien et nous maintenons une bonne collaboration avec l\u2019\u00e9quipe de la Minusma\u201d<\/em>, a d\u00e9clar\u00e9 le chef de la diplomatie malienne.<\/p>\n\n\n\n<p><strong>Ousmane Mahamane<\/strong><\/p>\n\n\n\n<p><strong>Mali Tribune<\/strong><\/p>\n","protected":false},"excerpt":{"rendered":"<p>A l\u2019issue d\u2019une r\u00e9union ce mercredi 23 ao\u00fbt 2023 au minist\u00e8re des Affaires \u00e9trang\u00e8res avec le secr\u00e9taire g\u00e9n\u00e9ral adjoint charg\u00e9 de la s\u00e9curit\u00e9 et la s\u00fbret\u00e9 des personnels des Nations&hellip;<\/p>\n","protected":false},"author":1,"featured_media":8340,"comment_status":"open","ping_status":"closed","sticky":false,"template":"","format":"standard","meta":{"content-type":"","_lmt_disableupdate":"","_lmt_disable":"","_jetpack_memberships_contains_paid_content":false,"footnotes":"","jetpack_publicize_message":"","jetpack_publicize_feature_enabled":true,"jetpack_social_post_already_shared":true,"jetpack_social_options":{"image_generator_settings":{"template":"highway","default_image_id":0,"font":"","enabled":false},"version":2}},"categories":[125,33,59],"tags":[],"class_list":["post-15100","post","type-post","status-publish","format-standard","has-post-thumbnail","hentry","category-actualite","category-mali-tribune","category-nations-unies"],"jetpack_publicize_connections":[],"featured_image_urls":{"full":"","thumbnail":"","medium":"","medium_large":"","large":"","1536x1536":"","2048x2048":"","penci-recipe-1200x1200":"","penci-recipe-1200x900":"","penci-recipe-1200x675":"","penci-single-full":"","penci-slider-full-thumb":"","penci-full-thumb":"","penci-slider-thumb":"","penci-magazine-slider":"","penci-thumb":"","penci-masonry-thumb":"","penci-thumb-square":"","penci-thumb-vertical":"","penci-thumb-small":""},"author_info":{"display_name":"Nandi","author_link":"https:\/\/nandi.info\/?author=1"},"category_info":"<a href=\"https:\/\/nandi.info\/?cat=125\" rel=\"category\">Actualit\u00e9<\/a> <a href=\"https:\/\/nandi.info\/?cat=33\" rel=\"category\">Mali Tribune<\/a> <a href=\"https:\/\/nandi.info\/?cat=59\" rel=\"category\">Nations Unies<\/a>","tag_info":"Nations Unies","comment_count":"0","jetpack_featured_media_url":"","jetpack_sharing_enabled":true,"_links":{"self":[{"href":"https:\/\/nandi.info\/index.php?rest_route=\/wp\/v2\/posts\/15100","targetHints":{"allow":["GET"]}}],"collection":[{"href":"https:\/\/nandi.info\/index.php?rest_route=\/wp\/v2\/posts"}],"about":[{"href":"https:\/\/nandi.info\/index.php?rest_route=\/wp\/v2\/types\/post"}],"author":[{"embeddable":true,"href":"https:\/\/nandi.info\/index.php?rest_route=\/wp\/v2\/users\/1"}],"replies":[{"embeddable":true,"href":"https:\/\/nandi.info\/index.php?rest_route=%2Fwp%2Fv2%2Fcomments&post=15100"}],"version-history":[{"count":0,"href":"https:\/\/nandi.info\/index.php?rest_route=\/wp\/v2\/posts\/15100\/revisions"}],"wp:featuredmedia":[{"embeddable":true,"href":"https:\/\/nandi.info\/index.php?rest_route=\/"}],"wp:attachment":[{"href":"https:\/\/nandi.info\/index.php?rest_route=%2Fwp%2Fv2%2Fmedia&parent=15100"}],"wp:term":[{"taxonomy":"category","embeddable":true,"href":"https:\/\/nandi.info\/index.php?rest_route=%2Fwp%2Fv2%2Fcategories&post=15100"},{"taxonomy":"post_tag","embeddable":true,"href":"https:\/\/nandi.info\/index.php?rest_route=%2Fwp%2Fv2%2Ftags&post=15100"}],"curies":[{"name":"wp","href":"https:\/\/api.w.org\/{rel}","templated":true}]}}