{"id":15063,"date":"2023-08-25T13:59:00","date_gmt":"2023-08-25T11:59:00","guid":{"rendered":"https:\/\/nandi.info\/?p=15063"},"modified":"2023-08-25T13:59:00","modified_gmt":"2023-08-25T11:59:00","slug":"situation-au-niger-lunion-africaine-suspend-la-participation-du-niger-de-toutes-ses-activites","status":"publish","type":"post","link":"https:\/\/nandi.info\/?p=15063","title":{"rendered":"Situation au Niger : L\u2019Union africaine suspend la participation du Niger de toutes ses activit\u00e9s"},"content":{"rendered":"\n<p><strong><em>Dans un communiqu\u00e9, le Conseil de paix et de s\u00e9curit\u00e9 (CPS) de l\u2019Union africaine (UA) a fait savoir que lors de sa 1168e r\u00e9union tenue le 14 ao\u00fbt 2023 sur la situation au Niger, elle a appel\u00e9 les Etats membres \u00e0 mettre pleinement en \u0153uvre les sanctions impos\u00e9es par la C\u00e9d\u00e9ao et rejette toute ing\u00e9rence ext\u00e9rieure d\u2019un acteur ou d\u2019un pays ext\u00e9rieur au continent africain.<\/em><\/strong><\/p>\n\n\n\n<p>u cours de sa r\u00e9union, le Conseil de paix et de s\u00e9curit\u00e9 de l\u2019Union africaine (UA) a rappel\u00e9, entre autres, la D\u00e9claration sur le terrorisme et les changements anticonstitutionnels de gouvernement, adopt\u00e9e par la 16e session extraordinaire de la Conf\u00e9rence des chefs d\u2019Etat et de gouvernement de I\u2019UA tenue \u00e0 Malabo, Guin\u00e9e \u00e9quatoriale, du 27 au 28 mai 2022 ; les d\u00e9cisions adopt\u00e9es par la 35e session ordinaire de la Conf\u00e9rence des chefs d\u2019Etat et de gouvernement de I\u2019OUA tenue \u00e0 Alger, Alg\u00e9rie, du 12 au juillet 1999 ; la D\u00e9claration sur le Cadre pour une r\u00e9ponse de l\u2019OUA au changement anticonstitutionnel de gouvernement, adopt\u00e9e par la 36e Session ordinaire de la Conf\u00e9rence des chefs d\u2019Etat et de gouvernement de I\u2019OUA tenue \u00e0 Lom\u00e9, Togo, du 10 au 12 juillet 2000 (la D\u00e9claration de Lom\u00e9) et la D\u00e9claration solennelle du 50 anniversaire de I\u2019OUA\/UA, adopt\u00e9e \u00e0 Addis-Ab\u00e9ba le 25 mai 2013.<\/p>\n\n\n\n<p>Il a aussi rappel\u00e9, entre autres, ses d\u00e9cisions et prises de position sur la situation au Niger, en particulier le communiqu\u00e9 adopt\u00e9 lors de sa 1164e r\u00e9union tenue le 28 juillet 2023 ; le communiqu\u00e9 de presse du pr\u00e9sident de la Commission de l\u2019UA, S. E. Moussa Faki Mahamat, publi\u00e9 le 26 juillet 2023.<\/p>\n\n\n\n<p>Tout en respectant l\u2019Acte constitutif de I\u2019UA, le Protocole relatif \u00e0 la cr\u00e9ation du Conseil de paix et de s\u00e9curit\u00e9 de l\u2019Union africaine, en particulier l\u2019article 7 (g) et la Charte africaine sur la d\u00e9mocratie, les \u00e9lections et la gouvernance et en r\u00e9it\u00e9rant la tol\u00e9rance z\u00e9ro de l\u2019UA \u00e0 l\u2019\u00e9gard des changements anticonstitutionnels de gouvernement, conform\u00e9ment \u00e0 l\u2019Article 4 (p) de l\u2019Acte constitutif de l\u2019UA, le Conseil de paix et de s\u00e9curit\u00e9 de l\u2019Union africaine (UA) a r\u00e9affirm\u00e9 sa d\u00e9termination \u00e0 faire taire les armes en Afrique \u00e0 l\u2019horizon 2030 et \u00e0 cr\u00e9er les conditions propices \u00e0 la r\u00e9alisation de la vision de l\u2019UA d\u2019une Afrique int\u00e9gr\u00e9e, prosp\u00e8re et pacifique, dirig\u00e9e par ses populations et repr\u00e9sentant une force dynamique sur la sc\u00e8ne mondiale, ainsi que de l\u2019Agenda 2063 de l\u2019UA.<\/p>\n\n\n\n<p>Avant de prendre sa d\u00e9cision, le Conseil de paix et de s\u00e9curit\u00e9 de l\u2019Union africaine (UA) a pris note, entre autres, de l\u2019allocution liminaire de l\u2019ambassadeur Willy Nyamitwe (repr\u00e9sentant permanent de la R\u00e9publique du Burundi aupr\u00e8s de l\u2019UA et pr\u00e9sident du CPS pour le mois d\u2019ao\u00fbt 2023) et des communications de Moussa Faki Mahamat, pr\u00e9sident de la Commission de l\u2019UA, et de l\u2019ambassadeur Bankole Adeoye, commissaire de l\u2019UA aux affaires politiques, \u00e0 la paix et \u00e0 la s\u00e9curit\u00e9, ainsi que des d\u00e9clarations faites par l\u2019ambassadeur Abdel-Fatau Musah, commissaire aux affaires politiques, \u00e0 la paix et \u00e0 la s\u00e9curit\u00e9 de la C\u00e9d\u00e9ao, de l\u2019ambassadeur Amadou Hassane Mai Dawa, repr\u00e9sentant permanent de la R\u00e9publique du Niger aupr\u00e8s de I\u2019UA, et de l\u2019ambassadeur Nasir Aminu, repr\u00e9sentant du pr\u00e9sident de la Conf\u00e9rence des chefs d\u2019Etat et de gouvernement de la Communaut\u00e9 \u00e9conomique des Etats de l\u2019Afrique de l\u2019Ouest.<\/p>\n\n\n\n<p>Agissant en vertu de l\u2019Article 7 de son Protocole, le Conseil de paix et de s\u00e9curit\u00e9 a r\u00e9it\u00e9r\u00e9 sa profonde pr\u00e9occupation face \u00e0 la r\u00e9surgence des coups d\u2019Etat militaires qui compromettent la d\u00e9mocratie, la paix, la s\u00e9curit\u00e9 et la stabilit\u00e9, ainsi que le d\u00e9veloppement du continent. Il a \u00e9galement r\u00e9it\u00e9r\u00e9 sa condamnation sans \u00e9quivoque du coup d\u2019Etat militaire qui a eu lieu le 26 juillet 2023 au Niger et qui a abouti \u00e0 l\u2019\u00e9viction d\u2019un pr\u00e9sident d\u00e9mocratiquement \u00e9lu, Mohamed Bazoum, par une faction d\u2019officiers militaires.<\/p>\n\n\n\n<p>Le Conseil de paix et de s\u00e9curit\u00e9 de l\u2019Union africaine (UA) s\u2019est f\u00e9licit\u00e9 du communiqu\u00e9 final du sommet extraordinaire de l\u2019Autorit\u00e9 des chefs d\u2019Etat et de gouvernement de la C\u00e9d\u00e9ao sur la situation politique au Niger, adopt\u00e9 le 30 juillet 2023, et du communiqu\u00e9 final du 2e sommet extraordinaire de la C\u00e9d\u00e9ao sur la situation politique au Niger, adopt\u00e9 le 10 ao\u00fbt 2023.<\/p>\n\n\n\n<p>Le Conseil de paix et de s\u00e9curit\u00e9 de l\u2019Union africaine (UA) a pris note de la d\u00e9cision de la C\u00e9d\u00e9ao de d\u00e9ployer une Force en attente et demande \u00e0 la Commission de l\u2019UA d\u2019entreprendre une \u00e9valuation des implications \u00e9conomiques, sociales et s\u00e9curitaires du d\u00e9ploiement d\u2019une Force en attente au Niger et d\u2019en faire rapport au Conseil.<\/p>\n\n\n\n<p>Il a r\u00e9affirm\u00e9 sa pleine solidarit\u00e9 avec les efforts de la C\u00e9d\u00e9ao dans son engagement soutenu en faveur du r\u00e9tablissement de l\u2019ordre constitutionnel par des moyens diplomatiques. Il a salu\u00e9 et soutenu fortement les efforts inlassables d\u00e9ploy\u00e9s par la C\u00e9d\u00e9ao en vue du r\u00e9tablissement pacifique de l\u2019ordre constitutionnel dans la R\u00e9publique du Niger ; et demande \u00e0 la Commission de l\u2019UA de nommer et de d\u00e9ployer un Haut Repr\u00e9sentant pour encourager les efforts de m\u00e9diation de la C\u00e9d\u00e9ao.<\/p>\n\n\n\n<p>Ainsi, le Conseil de paix et de s\u00e9curit\u00e9 de l\u2019Union africaine (UA) conform\u00e9ment aux instruments pertinents de l\u2019UA, en particulier l\u2019Acte constitutif de l\u2019UA, le Protocole relatif \u00e0 la cr\u00e9ation du Conseil de paix et de s\u00e9curit\u00e9 de l\u2019Union africaine et la Charte africaine sur la d\u00e9mocratie, les \u00e9lections et la gouvernance, a d\u00e9cid\u00e9 de suspendre imm\u00e9diatement la participation de la R\u00e9publique du Niger de toutes les activit\u00e9s de I\u2019UA et de ses organes et institutions jusqu\u2019au r\u00e9tablissement effectif de l\u2019ordre constitutionnel dans le pays. \u00c0 cet \u00e9gard, il exhorte tous les Etats membres de l\u2019UA et la communaut\u00e9 internationale, y compris les partenaires bilat\u00e9raux et multilat\u00e9raux, \u00e0 rejeter ce changement anticonstitutionnel de gouvernement et \u00e0 s\u2019abstenir de toute action susceptible de conf\u00e9rer une l\u00e9gitimit\u00e9 au r\u00e9gime ill\u00e9gal du Niger.<\/p>\n\n\n\n<p>Le Conseil de paix et de s\u00e9curit\u00e9 de l\u2019Union africaine (UA) se f\u00e9licite du communiqu\u00e9 du pr\u00e9sident de la Commission de I\u2019UA publi\u00e9 le 10 ao\u00fbt 2023 concernant le mauvais \u00e9tat de sant\u00e9 et la d\u00e9tention du pr\u00e9sident Mohamed Bazoum. A cet \u00e9gard, il a r\u00e9it\u00e9r\u00e9 son exigence pour la lib\u00e9ration imm\u00e9diate et inconditionnelle du pr\u00e9sident Mohamed Bazoum et de tous les autres d\u00e9tenus, et le respect de leurs droits humains, y compris la protection de leur sant\u00e9 physique et de leur int\u00e9grit\u00e9 morale.<\/p>\n\n\n\n<p>Le Conseil de paix et de s\u00e9curit\u00e9 de l\u2019Union africaine (UA)&nbsp; a fait sien le paragraphe 10 (k) du communiqu\u00e9 final de l\u2019Autorit\u00e9 des chefs d\u2019Etat et de gouvernement de la C\u00e9d\u00e9ao sur la situation politique au Niger, adopt\u00e9 le 30 juillet 2023, concernant l\u2019imposition de mesures punitives, tout en veillant \u00e0 son application progressive et en minimisant son effet disproportionn\u00e9 sur les citoyens du Niger.<\/p>\n\n\n\n<p>Le Conseil de Paix et de S\u00e9curit\u00e9 de l\u2019Union africaine (UA) demande \u00e0 la Commission de l\u2019UA, en \u00e9troite collaboration avec la Commission de la C\u00e9d\u00e9ao, de compiler et de soumettre d\u2019urgence la liste des membres de la junte militaire et de leurs soutiens militaires et civils, y compris ceux qui sont impliqu\u00e9s dans la violation des droits fondamentaux du pr\u00e9sident Bazoum et d\u2019autres d\u00e9tenus, en vue de sanctions cibl\u00e9es et de l\u2019application de mesures punitives individuelles. Le Conseil de paix et de s\u00e9curit\u00e9 de l\u2019UA a salu\u00e9 les efforts de la C\u00e9d\u00e9ao sous la direction de Bola Ahmed Tinubu, pr\u00e9sident de la R\u00e9publique f\u00e9d\u00e9rale du Nigeria, et a appel\u00e9 les \u00e9tats membres \u00e0 mettre pleinement en \u0153uvre les sanctions impos\u00e9es par la C\u00e9d\u00e9ao et approuv\u00e9es par le CPS et a demand\u00e9 \u00e0 la Commission, en consultation avec la C\u00e9d\u00e9ao, d\u2019informer r\u00e9guli\u00e8rement le Conseil sur les progr\u00e8s r\u00e9alis\u00e9s dans la mise en \u0153uvre des sanctions impos\u00e9e. Le CPS a invit\u00e9 la junte militaire au Niger \u00e0 coop\u00e9rer avec la C\u00e9d\u00e9ao et I\u2019UA en vue d\u2019un r\u00e9tablissement pacifique et rapide de l\u2019ordre constitutionnel et appelle le peuple nig\u00e9rien \u00e0 rester calme, \u00e0 s\u2019abstenir de toute action susceptible d\u2019envenimer la situation et \u00e0 adopter pleinement une approche pacifique en vue du r\u00e9tablissement de l\u2019ordre constitutionnel dans le pays.<\/p>\n\n\n\n<p>Le CPS a rejet\u00e9 fermement toute ing\u00e9rence ext\u00e9rieure d\u2019un acteur ou d\u2019un pays ext\u00e9rieur au Continent dans les questions de paix et de s\u00e9curit\u00e9 en Afrique, y compris les engagements de soci\u00e9t\u00e9s militaires priv\u00e9es sur le continent, conform\u00e9ment \u00e0 la Convention de l\u2019OUA de 1977 pour l\u2019\u00e9limination du mercenariat en Afrique. Il a exhort\u00e9 vivement les militaires \u00e0 placer les int\u00e9r\u00eats supr\u00eames du Niger et de son peuple au-dessus de tout, et de retourner imm\u00e9diatement et sans condition dans les casernes et de se soumettre aux autorit\u00e9s civiles conform\u00e9ment \u00e0 la Constitution du Niger; et D\u00e9cide de demeurer activement saisi de la question.&nbsp;&nbsp;<strong>&nbsp;&nbsp;&nbsp;&nbsp;&nbsp;&nbsp;&nbsp;&nbsp;&nbsp;&nbsp;&nbsp;&nbsp;&nbsp;&nbsp;&nbsp;&nbsp;&nbsp;&nbsp;&nbsp;&nbsp;&nbsp;&nbsp;<\/strong><\/p>\n\n\n\n<p><strong>Siaka Doumbia<\/strong><\/p>\n","protected":false},"excerpt":{"rendered":"<p>Dans un communiqu\u00e9, le Conseil de paix et de s\u00e9curit\u00e9 (CPS) de l\u2019Union africaine (UA) a fait savoir que lors de sa 1168e r\u00e9union tenue le 14 ao\u00fbt 2023 sur&hellip;<\/p>\n","protected":false},"author":1,"featured_media":15038,"comment_status":"open","ping_status":"closed","sticky":false,"template":"","format":"standard","meta":{"content-type":"","_lmt_disableupdate":"","_lmt_disable":"","_jetpack_memberships_contains_paid_content":false,"footnotes":"","jetpack_publicize_message":"","jetpack_publicize_feature_enabled":true,"jetpack_social_post_already_shared":true,"jetpack_social_options":{"image_generator_settings":{"template":"highway","default_image_id":0,"font":"","enabled":false},"version":2}},"categories":[19,21,126],"tags":[],"class_list":["post-15063","post","type-post","status-publish","format-standard","has-post-thumbnail","hentry","category-aujourdhui-mali","category-societe","category-union-africaine"],"jetpack_publicize_connections":[],"featured_image_urls":{"full":"","thumbnail":"","medium":"","medium_large":"","large":"","1536x1536":"","2048x2048":"","penci-recipe-1200x1200":"","penci-recipe-1200x900":"","penci-recipe-1200x675":"","penci-single-full":"","penci-slider-full-thumb":"","penci-full-thumb":"","penci-slider-thumb":"","penci-magazine-slider":"","penci-thumb":"","penci-masonry-thumb":"","penci-thumb-square":"","penci-thumb-vertical":"","penci-thumb-small":""},"author_info":{"display_name":"Nandi","author_link":"https:\/\/nandi.info\/?author=1"},"category_info":"<a href=\"https:\/\/nandi.info\/?cat=19\" rel=\"category\">Aujourd\u2019hui Mali<\/a> <a href=\"https:\/\/nandi.info\/?cat=21\" rel=\"category\">Soci\u00e9t\u00e9<\/a> <a href=\"https:\/\/nandi.info\/?cat=126\" rel=\"category\">Union Africaine<\/a>","tag_info":"Union Africaine","comment_count":"0","jetpack_featured_media_url":"","jetpack_sharing_enabled":true,"_links":{"self":[{"href":"https:\/\/nandi.info\/index.php?rest_route=\/wp\/v2\/posts\/15063","targetHints":{"allow":["GET"]}}],"collection":[{"href":"https:\/\/nandi.info\/index.php?rest_route=\/wp\/v2\/posts"}],"about":[{"href":"https:\/\/nandi.info\/index.php?rest_route=\/wp\/v2\/types\/post"}],"author":[{"embeddable":true,"href":"https:\/\/nandi.info\/index.php?rest_route=\/wp\/v2\/users\/1"}],"replies":[{"embeddable":true,"href":"https:\/\/nandi.info\/index.php?rest_route=%2Fwp%2Fv2%2Fcomments&post=15063"}],"version-history":[{"count":0,"href":"https:\/\/nandi.info\/index.php?rest_route=\/wp\/v2\/posts\/15063\/revisions"}],"wp:featuredmedia":[{"embeddable":true,"href":"https:\/\/nandi.info\/index.php?rest_route=\/"}],"wp:attachment":[{"href":"https:\/\/nandi.info\/index.php?rest_route=%2Fwp%2Fv2%2Fmedia&parent=15063"}],"wp:term":[{"taxonomy":"category","embeddable":true,"href":"https:\/\/nandi.info\/index.php?rest_route=%2Fwp%2Fv2%2Fcategories&post=15063"},{"taxonomy":"post_tag","embeddable":true,"href":"https:\/\/nandi.info\/index.php?rest_route=%2Fwp%2Fv2%2Ftags&post=15063"}],"curies":[{"name":"wp","href":"https:\/\/api.w.org\/{rel}","templated":true}]}}