{"id":15027,"date":"2023-08-22T12:09:33","date_gmt":"2023-08-22T10:09:33","guid":{"rendered":"https:\/\/nandi.info\/?p=15027"},"modified":"2023-08-22T12:09:33","modified_gmt":"2023-08-22T10:09:33","slug":"conseil-national-de-transition-les-membres-inities-a-la-technique-de-la-gestion-axee-sur-les-resultats","status":"publish","type":"post","link":"https:\/\/nandi.info\/?p=15027","title":{"rendered":"Conseil national de transition : Les membres initi\u00e9s \u00e0 la technique de la gestion ax\u00e9e sur les r\u00e9sultats"},"content":{"rendered":"\n<p class=\"has-drop-cap\">Le Centre international de conf\u00e9rence de Bamako (CICB) a abrit\u00e9, le vendredi 18 ao\u00fbt 2023, l\u2019atelier de formation des membres du Conseil national de transition (CNT) sur la gestion budg\u00e9taire ax\u00e9e sur les r\u00e9sultats (GAR) et sur la pr\u00e9paration, l\u2019adoption et l\u2019ex\u00e9cution du budget en mode programme. Ledit atelier est organis\u00e9 par la Commission des Finances, de l\u2019Economie, du Plan, de la Promotion du Secteur Priv\u00e9 et des Industries du CNT en collaboration avec la Direction G\u00e9n\u00e9rale du Budget. La c\u00e9r\u00e9monie d\u2019ouverture des travaux \u00e9tait pr\u00e9sid\u00e9e par le repr\u00e9sentant du Pr\u00e9sident du CNT, Mamadou Tour\u00e9, non moins, pr\u00e9sident de la Commission des Finances du CNT, en pr\u00e9sence du repr\u00e9sentant du ministre l\u2019Economie et des Finances, Amadou Tidiani Ha\u00efdara, non moins, Directeur G\u00e9n\u00e9ral du Budget et d\u2019autres personnalit\u00e9s.<\/p>\n\n\n\n<p>Selon le repr\u00e9sentant du ministre l\u2019Economie et des Finances, Amadou Tidiani Ha\u00efdara, la pr\u00e9sente session de formation s\u2019inscrit dans le prolongement des pr\u00e9c\u00e9dentes organis\u00e9es en 2021 et 2022. \u00ab Elle contribue \u00e0 renforcer et \u00e0 am\u00e9liorer la qualit\u00e9 du travail parlementaire dans le domaine des finances publiques et particuli\u00e8rement sur la r\u00e9forme du budget-programmes \u00bb, a-t-il dit.<\/p>\n\n\n\n<p>Il a indiqu\u00e9 que le Mali, \u00e0 l\u2019instar des autres pays de l\u2019UEMOA, est engag\u00e9 dans un processus de modernisation de la gestion des finances publiques dont le couronnement a \u00e9t\u00e9 le basculement en budget-programmes depuis janvier 2018.<\/p>\n\n\n\n<p>Il a fait savoir que les deux th\u00e8mes phares qui seront pr\u00e9sent\u00e9s sont la gestion budg\u00e9taire ax\u00e9e sur les r\u00e9sultats ; et la pr\u00e9paration, vote et ex\u00e9cution du budget en mode programme.<\/p>\n\n\n\n<p>Quant au repr\u00e9sentant du Pr\u00e9sident du CNT, Mamadou Tour\u00e9, cette formation entend anticiper l\u2019initiation des membres du CNT \u00e0 la technique de la gestion ax\u00e9e sur les r\u00e9sultats, avant l\u2019examen du budget 2024. \u00ab Deux jours durant, les diff\u00e9rents participants s\u2019approprieront des modules consacr\u00e9s \u00e0 la Gestion ax\u00e9e sur les r\u00e9sultats ainsi que l\u2019\u00e9laboration et l\u2019ex\u00e9cution de budget en mode programme. Je vous invite \u00e0 plus d\u2019assiduit\u00e9 et de curiosit\u00e9 intellectuelle pour tirer le meilleur avantage de cet atelier de formation qui vise la performance de la gouvernance financi\u00e8re publique, afin d\u2019atteindre les objectifs fix\u00e9s par le Plan de r\u00e9forme de la gestion des finances publiques au Mali (PREM) \u00bb, a conclu Mamadou Tour\u00e9.<\/p>\n\n\n\n<p><strong>Aguibou Sogodogo<\/strong><\/p>\n","protected":false},"excerpt":{"rendered":"<p>Le Centre international de conf\u00e9rence de Bamako (CICB) a abrit\u00e9, le vendredi 18 ao\u00fbt 2023, l\u2019atelier de formation des membres du Conseil national de transition (CNT) sur la gestion budg\u00e9taire&hellip;<\/p>\n","protected":false},"author":1,"featured_media":14963,"comment_status":"open","ping_status":"closed","sticky":false,"template":"","format":"standard","meta":{"content-type":"","_lmt_disableupdate":"","_lmt_disable":"","_jetpack_memberships_contains_paid_content":false,"footnotes":"","jetpack_publicize_message":"","jetpack_publicize_feature_enabled":true,"jetpack_social_post_already_shared":true,"jetpack_social_options":{"image_generator_settings":{"template":"highway","default_image_id":0,"font":"","enabled":false},"version":2}},"categories":[69,23],"tags":[],"class_list":["post-15027","post","type-post","status-publish","format-standard","has-post-thumbnail","hentry","category-le-republicain-mali","category-politique"],"jetpack_publicize_connections":[],"featured_image_urls":{"full":"","thumbnail":"","medium":"","medium_large":"","large":"","1536x1536":"","2048x2048":"","penci-recipe-1200x1200":"","penci-recipe-1200x900":"","penci-recipe-1200x675":"","penci-single-full":"","penci-slider-full-thumb":"","penci-full-thumb":"","penci-slider-thumb":"","penci-magazine-slider":"","penci-thumb":"","penci-masonry-thumb":"","penci-thumb-square":"","penci-thumb-vertical":"","penci-thumb-small":""},"author_info":{"display_name":"Nandi","author_link":"https:\/\/nandi.info\/?author=1"},"category_info":"<a href=\"https:\/\/nandi.info\/?cat=69\" rel=\"category\">Le R\u00e9publicain Mali<\/a> <a href=\"https:\/\/nandi.info\/?cat=23\" rel=\"category\">Politique<\/a>","tag_info":"Politique","comment_count":"0","jetpack_featured_media_url":"","jetpack_sharing_enabled":true,"_links":{"self":[{"href":"https:\/\/nandi.info\/index.php?rest_route=\/wp\/v2\/posts\/15027","targetHints":{"allow":["GET"]}}],"collection":[{"href":"https:\/\/nandi.info\/index.php?rest_route=\/wp\/v2\/posts"}],"about":[{"href":"https:\/\/nandi.info\/index.php?rest_route=\/wp\/v2\/types\/post"}],"author":[{"embeddable":true,"href":"https:\/\/nandi.info\/index.php?rest_route=\/wp\/v2\/users\/1"}],"replies":[{"embeddable":true,"href":"https:\/\/nandi.info\/index.php?rest_route=%2Fwp%2Fv2%2Fcomments&post=15027"}],"version-history":[{"count":0,"href":"https:\/\/nandi.info\/index.php?rest_route=\/wp\/v2\/posts\/15027\/revisions"}],"wp:featuredmedia":[{"embeddable":true,"href":"https:\/\/nandi.info\/index.php?rest_route=\/"}],"wp:attachment":[{"href":"https:\/\/nandi.info\/index.php?rest_route=%2Fwp%2Fv2%2Fmedia&parent=15027"}],"wp:term":[{"taxonomy":"category","embeddable":true,"href":"https:\/\/nandi.info\/index.php?rest_route=%2Fwp%2Fv2%2Fcategories&post=15027"},{"taxonomy":"post_tag","embeddable":true,"href":"https:\/\/nandi.info\/index.php?rest_route=%2Fwp%2Fv2%2Ftags&post=15027"}],"curies":[{"name":"wp","href":"https:\/\/api.w.org\/{rel}","templated":true}]}}