{"id":15013,"date":"2023-08-21T12:31:49","date_gmt":"2023-08-21T10:31:49","guid":{"rendered":"https:\/\/nandi.info\/?p=15013"},"modified":"2023-08-21T12:31:49","modified_gmt":"2023-08-21T10:31:49","slug":"rapport-de-loicm-2022-2023-sur-la-migration-plus-de-4500-migrants-ont-perdu-la-vie","status":"publish","type":"post","link":"https:\/\/nandi.info\/?p=15013","title":{"rendered":"Rapport de L&rsquo;OICM\u00a0 2022-2023 sur la migration : Plus\u00a0 de 4500 migrants\u00a0 ont perdu\u00a0 la vie"},"content":{"rendered":"\n<p class=\"has-drop-cap\">Ce&nbsp; rapport&nbsp; sombre&nbsp;&nbsp; qui&nbsp; est&nbsp; celui&nbsp; de l&rsquo;Organisation&nbsp; internationale&nbsp; pour la migration ( OIM) en&nbsp; Afrique,&nbsp; particuli\u00e8rement&nbsp;&nbsp; subsaharienne&nbsp; remonte de&nbsp; 2022 jusqu&rsquo;au&nbsp; 1er&nbsp; trimestre&nbsp; 2023.&nbsp;&nbsp; Pour&nbsp; all\u00e9ger ces flux&nbsp; migratoires,&nbsp; les&nbsp; autorit\u00e9s&nbsp; maliennes&nbsp; notamment&nbsp; celles&nbsp; en charge&nbsp; des Maliens&nbsp; \u00c9tablis \u00e0 l&rsquo;ext\u00e9rieur&nbsp; ont&nbsp;&nbsp; organis\u00e9,&nbsp;&nbsp;&nbsp; la&nbsp; semaine&nbsp; derni\u00e8re,&nbsp;&nbsp; les&nbsp; \u00e9tats&nbsp; g\u00e9n\u00e9raux&nbsp; sur&nbsp; la migration et des concertations&nbsp; avec&nbsp; les Maliens&nbsp; \u00e9tablis&nbsp; \u00e0&nbsp; l&rsquo;ext\u00e9rieur&nbsp;&nbsp; dans&nbsp; le&nbsp; but&nbsp; de relever&nbsp; les d\u00e9fis.<\/p>\n\n\n\n<p>&nbsp;&nbsp; Bamako&nbsp; a&nbsp; accueilli&nbsp; du 17 au 19 ao\u00fbt&nbsp; 2023, les \u00c9tats&nbsp; g\u00e9n\u00e9raux&nbsp; sur la migration.&nbsp;&nbsp; \u00c0 l&rsquo;issue&nbsp; de&nbsp; ces&nbsp; rencontres,&nbsp; les&nbsp; autorit\u00e9s&nbsp;&nbsp; maliennes&nbsp; \u00e0 travers&nbsp; le minist\u00e8re&nbsp; de&nbsp; tutelle,&nbsp;&nbsp; entend&nbsp; faire de cette question&nbsp; cruciale,&nbsp; une priorit\u00e9&nbsp; gouvernementale.&nbsp;&nbsp;&nbsp; Durant&nbsp; ces&nbsp; trois&nbsp; jours&nbsp; d&rsquo;activit\u00e9s,&nbsp; les&nbsp;&nbsp; participants&nbsp; venus d&rsquo;un peu&nbsp; partout&nbsp; de l&rsquo;Afrique&nbsp;&nbsp; ont&nbsp;&nbsp; \u00e9chang\u00e9&nbsp;&nbsp; sur&nbsp;&nbsp; des enjeux&nbsp; migratoires&nbsp; tout en&nbsp; formulant&nbsp;&nbsp; des&nbsp; recommandations&nbsp;&nbsp; en vue&nbsp; de&nbsp;&nbsp; promouvoir&nbsp; le&nbsp; r\u00f4le&nbsp; de la diaspora&nbsp;&nbsp;&nbsp; dans&nbsp; le processus&nbsp; du d\u00e9veloppement&nbsp; national&nbsp; y&nbsp; compris leur&nbsp; insertion&nbsp; socio-politique&nbsp; et&nbsp;&nbsp; administrative.&nbsp;&nbsp; Les migrants, \u00e9tant&nbsp; confront\u00e9s&nbsp; \u00e0&nbsp; des difficult\u00e9s&nbsp; dans les pays d&rsquo;accueils&nbsp; traduisant&nbsp; ainsi,&nbsp;&nbsp; \u00e0&nbsp; des expulsions&nbsp; massives&nbsp; qualifi\u00e9es&nbsp;&nbsp; d&rsquo;inhumaines,&nbsp; beaucoup&nbsp; d&rsquo;entre&nbsp; eux,&nbsp; perdent&nbsp; la vie&nbsp; chaque&nbsp; ann\u00e9e&nbsp; en voulant&nbsp; se faire une vie meilleure&nbsp; \u00e0 l&rsquo;ext\u00e9rieur.&nbsp;&nbsp; Un ph\u00e9nom\u00e8ne&nbsp; tr\u00e8s&nbsp; rependu&nbsp; qui&nbsp; doit&nbsp; interpeller&nbsp; toutes&nbsp; les sensibilit\u00e9s&nbsp; du pays&nbsp; \u00e0 prendre&nbsp; \u00e0&nbsp; bras&nbsp; le corps&nbsp;&nbsp; cette&nbsp; situation&nbsp;&nbsp; d&rsquo;autant&nbsp; que&nbsp; le tableau de morts dress\u00e9&nbsp;&nbsp; chaque&nbsp; ann\u00e9e&nbsp; par les organisations&nbsp; migratoires&nbsp;&nbsp; se&nbsp; r\u00e9v\u00e8le&nbsp; tragique.&nbsp;&nbsp;&nbsp;&nbsp;&nbsp; Selon&nbsp;&nbsp; l&rsquo;Organisation&nbsp; internationale&nbsp; pour la migration ( OIM),&nbsp; en Afrique&nbsp;&nbsp; plus de 50 000&nbsp; migrants&nbsp; ont perdu la vie&nbsp; de 2014 \u00e0 nos jours,&nbsp; dont plus&nbsp; de&nbsp; 4000 en 2022 et au cours&nbsp; du&nbsp;&nbsp; premier trimestre 2023&nbsp;&nbsp; la m\u00eame&nbsp;&nbsp; source&nbsp;&nbsp; indique&nbsp; que&nbsp;&nbsp;&nbsp; pr\u00e8s de 500 migrants&nbsp; auraient perdu la vie en voulant&nbsp; traverser&nbsp;&nbsp; la m\u00e9diterran\u00e9e.&nbsp; Rappelons&nbsp; que la c\u00e9r\u00e9monie&nbsp; &nbsp;d&rsquo;ouverture&nbsp;&nbsp; sur&nbsp; les \u00e9tats&nbsp; g\u00e9n\u00e9raux&nbsp; de&nbsp; la&nbsp; migration&nbsp; \u00e9tait&nbsp; plac\u00e9e sous&nbsp;&nbsp; le th\u00e8me :&nbsp; \u300a Mobilit\u00e9s&nbsp; humaines,&nbsp; facteurs&nbsp; d&rsquo;int\u00e9gration,&nbsp; de d\u00e9veloppement et d&rsquo;enrichissement&nbsp; culturel:&nbsp; quelle&nbsp; contribution&nbsp; des Maliens&nbsp; \u00e9tablis \u00e0 l&rsquo;ext\u00e9rieur&nbsp; \u00e0 la refondation de l&rsquo;Etat ?\u300b.&nbsp;&nbsp;&nbsp;&nbsp;&nbsp;&nbsp;&nbsp;&nbsp;&nbsp;&nbsp;&nbsp;&nbsp;&nbsp;&nbsp;&nbsp;&nbsp;&nbsp;&nbsp;&nbsp;&nbsp;&nbsp;&nbsp;&nbsp;&nbsp;&nbsp;&nbsp;&nbsp;&nbsp;&nbsp;&nbsp;&nbsp;&nbsp;&nbsp;&nbsp;&nbsp;&nbsp;&nbsp;&nbsp;&nbsp;&nbsp;&nbsp;&nbsp;&nbsp;&nbsp;&nbsp;&nbsp;&nbsp;&nbsp;&nbsp;&nbsp;&nbsp;&nbsp;&nbsp;&nbsp;&nbsp;&nbsp;&nbsp;&nbsp;&nbsp;&nbsp;&nbsp;&nbsp;&nbsp;&nbsp;&nbsp;&nbsp;&nbsp;&nbsp;&nbsp;&nbsp;&nbsp;&nbsp;&nbsp;&nbsp;&nbsp;&nbsp;&nbsp;&nbsp;&nbsp;&nbsp;&nbsp;&nbsp;&nbsp;&nbsp;&nbsp;&nbsp;&nbsp;&nbsp;&nbsp;&nbsp;&nbsp;&nbsp;&nbsp;&nbsp;&nbsp;&nbsp;&nbsp;&nbsp;&nbsp;&nbsp;&nbsp;&nbsp;&nbsp;&nbsp;&nbsp;&nbsp;&nbsp;&nbsp;&nbsp;&nbsp;&nbsp;&nbsp;&nbsp;&nbsp;&nbsp;&nbsp;&nbsp;&nbsp;&nbsp;&nbsp;&nbsp;&nbsp;&nbsp;&nbsp;&nbsp;&nbsp;&nbsp; &nbsp;&nbsp;&nbsp;&nbsp;&nbsp;&nbsp;&nbsp;&nbsp;&nbsp;&nbsp;&nbsp;&nbsp;<\/p>\n\n\n\n<p><strong>\u00a0\u00a0\u00a0\u00a0\u00a0\u00a0\u00a0\u00a0\u00a0\u00a0\u00a0\u00a0\u00a0\u00a0\u00a0\u00a0\u00a0\u00a0\u00a0\u00a0\u00a0\u00a0\u00a0\u00a0\u00a0\u00a0\u00a0\u00a0\u00a0\u00a0\u00a0\u00a0\u00a0\u00a0\u00a0\u00a0\u00a0\u00a0\u00a0\u00a0\u00a0\u00a0\u00a0\u00a0\u00a0\u00a0\u00a0\u00a0\u00a0\u00a0\u00a0\u00a0\u00a0\u00a0\u00a0\u00a0\u00a0\u00a0\u00a0\u00a0\u00a0\u00a0\u00a0\u00a0\u00a0\u00a0\u00a0\u00a0\u00a0\u00a0\u00a0\u00a0\u00a0\u00a0\u00a0\u00a0\u00a0\u00a0\u00a0\u00a0\u00a0\u00a0\u00a0\u00a0\u00a0\u00a0\u00a0\u00a0\u00a0\u00a0\u00a0\u00a0\u00a0\u00a0\u00a0\u00a0\u00a0\u00a0\u00a0\u00a0\u00a0\u00a0\u00a0\u00a0\u00a0\u00a0\u00a0\u00a0\u00a0\u00a0\u00a0\u00a0\u00a0\u00a0\u00a0\u00a0\u00a0\u00a0\u00a0\u00a0\u00a0\u00a0\u00a0\u00a0\u00a0\u00a0 <\/strong><\/p>\n\n\n\n<p><strong>Yacouba\u00a0 COULIBALY\u00a0<\/strong><\/p>\n","protected":false},"excerpt":{"rendered":"<p>Ce&nbsp; rapport&nbsp; sombre&nbsp;&nbsp; qui&nbsp; est&nbsp; celui&nbsp; de l&rsquo;Organisation&nbsp; internationale&nbsp; pour la migration ( OIM) en&nbsp; Afrique,&nbsp; particuli\u00e8rement&nbsp;&nbsp; subsaharienne&nbsp; remonte de&nbsp; 2022 jusqu&rsquo;au&nbsp; 1er&nbsp; trimestre&nbsp; 2023.&nbsp;&nbsp; Pour&nbsp; all\u00e9ger ces flux&nbsp; migratoires,&nbsp;&hellip;<\/p>\n","protected":false},"author":1,"featured_media":15015,"comment_status":"open","ping_status":"closed","sticky":false,"template":"","format":"standard","meta":{"content-type":"","_lmt_disableupdate":"","_lmt_disable":"","_jetpack_memberships_contains_paid_content":false,"footnotes":"","jetpack_publicize_message":"","jetpack_publicize_feature_enabled":true,"jetpack_social_post_already_shared":true,"jetpack_social_options":{"image_generator_settings":{"template":"highway","default_image_id":0,"font":"","enabled":false},"version":2}},"categories":[68,21],"tags":[],"class_list":["post-15013","post","type-post","status-publish","format-standard","has-post-thumbnail","hentry","category-lalternance","category-societe"],"jetpack_publicize_connections":[],"featured_image_urls":{"full":"","thumbnail":"","medium":"","medium_large":"","large":"","1536x1536":"","2048x2048":"","penci-recipe-1200x1200":"","penci-recipe-1200x900":"","penci-recipe-1200x675":"","penci-single-full":"","penci-slider-full-thumb":"","penci-full-thumb":"","penci-slider-thumb":"","penci-magazine-slider":"","penci-thumb":"","penci-masonry-thumb":"","penci-thumb-square":"","penci-thumb-vertical":"","penci-thumb-small":""},"author_info":{"display_name":"Nandi","author_link":"https:\/\/nandi.info\/?author=1"},"category_info":"<a href=\"https:\/\/nandi.info\/?cat=68\" rel=\"category\">L'alternance<\/a> <a href=\"https:\/\/nandi.info\/?cat=21\" rel=\"category\">Soci\u00e9t\u00e9<\/a>","tag_info":"Soci\u00e9t\u00e9","comment_count":"0","jetpack_featured_media_url":"","jetpack_sharing_enabled":true,"_links":{"self":[{"href":"https:\/\/nandi.info\/index.php?rest_route=\/wp\/v2\/posts\/15013","targetHints":{"allow":["GET"]}}],"collection":[{"href":"https:\/\/nandi.info\/index.php?rest_route=\/wp\/v2\/posts"}],"about":[{"href":"https:\/\/nandi.info\/index.php?rest_route=\/wp\/v2\/types\/post"}],"author":[{"embeddable":true,"href":"https:\/\/nandi.info\/index.php?rest_route=\/wp\/v2\/users\/1"}],"replies":[{"embeddable":true,"href":"https:\/\/nandi.info\/index.php?rest_route=%2Fwp%2Fv2%2Fcomments&post=15013"}],"version-history":[{"count":0,"href":"https:\/\/nandi.info\/index.php?rest_route=\/wp\/v2\/posts\/15013\/revisions"}],"wp:featuredmedia":[{"embeddable":true,"href":"https:\/\/nandi.info\/index.php?rest_route=\/"}],"wp:attachment":[{"href":"https:\/\/nandi.info\/index.php?rest_route=%2Fwp%2Fv2%2Fmedia&parent=15013"}],"wp:term":[{"taxonomy":"category","embeddable":true,"href":"https:\/\/nandi.info\/index.php?rest_route=%2Fwp%2Fv2%2Fcategories&post=15013"},{"taxonomy":"post_tag","embeddable":true,"href":"https:\/\/nandi.info\/index.php?rest_route=%2Fwp%2Fv2%2Ftags&post=15013"}],"curies":[{"name":"wp","href":"https:\/\/api.w.org\/{rel}","templated":true}]}}