{"id":15010,"date":"2023-08-21T12:20:56","date_gmt":"2023-08-21T10:20:56","guid":{"rendered":"https:\/\/nandi.info\/?p=15010"},"modified":"2023-08-21T12:20:56","modified_gmt":"2023-08-21T10:20:56","slug":"3ieme-anniversaire-de-la-chute-du-regime-ibk-les-maliens-entre-deception-et-desenchantement","status":"publish","type":"post","link":"https:\/\/nandi.info\/?p=15010","title":{"rendered":"3IEME anniversaire de la chute du r\u00e9gime IBK\u00a0: Les Maliens entre d\u00e9ception et d\u00e9senchantement"},"content":{"rendered":"\n<p><strong><em>Jamais l\u2019av\u00e8nement d\u2019une transition n\u2019a suscit\u00e9 autant d\u2019espoirs et d\u2019esp\u00e9rance que celle issue du coup d\u2019Etat du 18 Ao\u00fbt 2020, tant par sa douceur, sans effusion de sang, &nbsp;que par la mani\u00e8re dont elle est survenue, \u00e0 savoir apr\u00e8s une lutte \u00e0 la fois h\u00e9ro\u00efque et populaire du peuple malien. Ce combat parachev\u00e9 par une frange de l\u2019arm\u00e9e semble non seulement \u00eatre d\u00e9tourn\u00e9 par cette derni\u00e8re, mais aussi et surtout n\u2019aura pas servi \u00e0 grand-chose pour ne pas dire qu\u2019il a \u00e9t\u00e9 un \u00e9chec cuisant eu \u00e9gard au bilan post IBK. En d\u2019autres termes la montagne a &nbsp;tout simplement accouch\u00e9 d\u2019une maigre souris tant les attentes ont \u00e9t\u00e9 d\u00e9\u00e7ues et l\u2019espoir d\u2019un Mali stable et prosp\u00e8re d\u00e9barrass\u00e9 de tous les maux est devenu un mirage. De la lutte contre la corruption et le client\u00e9lisme, \u00e0 celle contre le terrorisme, voire l\u2019ins\u00e9curit\u00e9 en passant par la promotion de la bonne gouvernance, les fruits n\u2019ont simplement pas respect\u00e9 la promesse des fleurs. Les langues commencent m\u00eame &nbsp;\u00e0 se d\u00e9lier pour exprimer une certaine d\u00e9ception. IBK du fond de sa tombe va-t-il se retourner, voire rire de ses successeurs&nbsp;? Le Combat du M5 RFP n\u2019a-t-il pas \u00e9t\u00e9 galvaud\u00e9 par le CNSP&nbsp;? Le r\u00e9gime IBK \u00e9tait-il pr\u00e9f\u00e9rable \u00e0 celui d\u2019Assimi Go\u00efta&nbsp;? &nbsp;<\/em><\/strong><\/p>\n\n\n\n<p class=\"has-drop-cap\">Si les maliens dans leur \u00e9crasante majorit\u00e9 ont applaudi les h\u00e9ros du 18 Aout 2023, c\u2019est parce qu\u2019ils en avaient Ras-le bol du r\u00e9gime d\u2019Ibrahim Boubacar Keita, qui pendant sept longues ann\u00e9es a tir\u00e9 vers le bas le Mali sur tous les plans. C\u2019est pourquoi, bien qu\u2019\u00e9tant un crime imprescriptible contre le peuple, nombreux \u00e9taient les d\u00e9mocrates \u00e0 apporter leur soutien aux auteurs du coup d\u2019Etat et cela dans l\u2019espoir de voir enfin leur pays sortir de l\u2019abyssal trou dans lequel on l\u2019a plong\u00e9. Trois ans apr\u00e8s, interrogeons le bilan. Il est tout simplement en d\u00e9ca des attentes des maliens. Certains regrettent m\u00eame, pour ne pas dire, \u00e9prouvent une immense nostalgie pour l\u2019ancien r\u00e9gime, tant leur d\u00e9ception a \u00e9t\u00e9 grande et leur d\u00e9sillusion incommensurable. Pour rappel, le r\u00e9gime IBK a chut\u00e9 au prix d\u2019\u00e9normes sacrifices tant mat\u00e9riels qu\u2019humains, donc il serait inconcevable que tous ces efforts soient vains. Et pourtant l\u2019on tend vers un \u00e9chec cuisant, car le seul domaine dit de pr\u00e9dilection des militaires qui est le domaine s\u00e9curitaire se d\u00e9grade fortement apr\u00e8s une mont\u00e9e en puissance&nbsp; ind\u00e9niable des FAMas. La lueur d\u2019espoir est-elle en train de se muer en leurre&nbsp;? L\u2019honn\u00eatet\u00e9 intellectuelle recommande qu\u2019on reconnaisse que les Forces de d\u00e9fense et de s\u00e9curit\u00e9 ont \u00e9t\u00e9 dot\u00e9es d\u2019\u00e9quipements&nbsp; et il y a eu des prouesses v\u00e9ritables dans le combat contre les terroristes, m\u00eame si ces trois derniers mois on constate une escalade de la violence avec des d\u00e9placements massifs des populations. Donc c\u2019est &nbsp;sur le plan s\u00e9curitaire qu\u2019on pourrait parler de relatives avanc\u00e9es.<\/p>\n\n\n\n<p><strong>Que dire des autres domaines&nbsp;?&nbsp;<\/strong><\/p>\n\n\n\n<p><strong><em>D\u2019abord sur le plan diplomatique<\/em><\/strong>, contrairement \u00e0 une certaine propagande tendant \u00e0 dire que notre diplomatie est bonne voie, c\u2019est plut\u00f4t la grande d\u00e9ception sur ce plan car le Mali est isol\u00e9. Il n\u2019a, en r\u00e9alit\u00e9, &nbsp;que la Russie comme partenaire et ce partenaire est en guerre avec l\u2019Ukraine ce que le permet pas de se consacrer \u00e0 ce partenariat dit gagnant-gagnant. Le Mali en tournant dos \u00e0 l\u2019occident a fait le&nbsp; mauvais choix de se priver des ressources financi\u00e8res, car toutes les institutions financi\u00e8res sont sous la coupole de l\u2019occident,&nbsp; alors que l\u2019argent est le nerf de la guerre. La preuve nos sources d\u2019approvisionnement ont tari ou bien sont bloqu\u00e9es, avec comme cons\u00e9quences l\u2019arr\u00eat de l\u2019\u00e9conomie et la souffrance de la population. La diplomatie sous Assimi est v\u00e9ritablement moribonde et exclusive car le Mali n\u2019est ami \u00e0 aucun pays de la sous-r\u00e9gion except\u00e9 les pays qui subissent le m\u00eame sort que lui. Il est isol\u00e9 sur le continent car suspendu dans toutes les instances continentales. Sur le plan international sa voix est moins audible dans les foras sauf quand il s\u2019agit de tancer la France.<\/p>\n\n\n\n<p><strong><em>Sur le plan \u00e9conomique et financier<\/em><\/strong>, les finances sont en souffrance tandis que l\u2019\u00e9conomie est totalement \u00e0 l\u2019arr\u00eat. Aujourd\u2019hui except\u00e9 les salaires des fonctionnaires et certainement les besoins de l\u2019arm\u00e9e, tous les autres secteurs sont moribonds \u00e0, commencer par le secteur priv\u00e9. Les entreprises priv\u00e9es sont totalement asphyxi\u00e9es aucun grand chantier de d\u00e9veloppement n\u2019est ouvert, aucune initiative de relance de l\u2019\u00e9conomie n\u2019est en vue. En bon fataliste le malien ne fait qu\u2019implorer le bon Dieu pour qu\u2019il lui accorde sa mis\u00e9ricorde. Comment un pays pourrait-il amorcer son d\u00e9veloppement \u00e9tant isol\u00e9&nbsp;? La posture sinon les choix politiques du Mali ont&nbsp; fait que tous les investisseurs ont quitt\u00e9 le pays. Cette place laiss\u00e9e vacante par certains partenaires n\u2019a jusque-l\u00e0 pas \u00e9t\u00e9 occup\u00e9e par les nouveaux alli\u00e9s du Mali comme la Russie et la Chine. Par contre, la BECEAO, l\u2019institution financi\u00e8re de la sous-r\u00e9gion a d\u00e9cid\u00e9 d\u2019asphyxier l\u2019\u00e9conomie malienne en laissant sortir \u00e0 compte-goutte l\u2019argent. Bref aucune solution alternative n\u2019est en vue pour pallier l\u2019\u00e9norme manque en ressources financi\u00e8res.<\/p>\n\n\n\n<p><strong><em>Sur le plan sociopolitique<\/em><\/strong><\/p>\n\n\n\n<p>La transition \u00e9tait attendue non seulement pour des grandes r\u00e9formes, mais aussi et surtout &nbsp;pour rassembler la classe politique afin qu\u2019elle puisse jouer pleinement son r\u00f4le d\u2019animation de la vie politique pour qu\u2019au finish les maliens puissent choisir enfin des bons dirigeants au terme de la transition. Si la nouvelle R\u00e9publique c\u2019est-\u00e0-dire la quatri\u00e8me est n\u00e9e \u00e0 travers une nouvelle constitution, nous devrions reconnaitre que son adoption est loin d\u2019\u00eatre consensuelle. Pire les maliens en g\u00e9n\u00e9ral et la classe politique en particulier&nbsp; n\u2019ont&nbsp; \u00e9t\u00e9 autant divis\u00e9s que sous la transition &nbsp;du Colonel Assimi au point qu\u2019on s\u2019est cru dans une p\u00e9riode normale avec une majorit\u00e9 qui gouverne et une opposition qui critique et qui s\u2019oppose. Autres tares politiques de la transition c\u2019est l\u2019affaiblissement des partis politiques. Les leaders politiques&nbsp; rasent les murs et ne savent pas \u00e0 quel saint se vouer, alors que s\u2019il n y a&nbsp; pas d\u2019autres alternatives \u00e0 la d\u00e9mocratie, affaiblir les partis politiques finirait ind\u00e9niablement par l\u2019affaiblissement de la d\u00e9mocratie. &nbsp;Si nous conviendrons tous qu\u2019il n y a pas de d\u00e9mocratie sans&nbsp; les partis politiques, nous devrions en conclure qu\u2019il n y a pas tout de m\u00eame &nbsp;de politique en dehors des partis.<\/p>\n\n\n\n<p><strong><em>Sur le plan social<\/em><\/strong> jamais les maliens n\u2019ont \u00e9t\u00e9 aussi \u00e9prouv\u00e9s, aussi affam\u00e9s que sous la transition. En plus des coupures intempestives d\u2019\u00e9lectricit\u00e9, qui portent un coup d\u2019arr\u00eat&nbsp; aux activit\u00e9s \u00e9conomiques, il y a \u00e9galement la vie ch\u00e8re avec son corollaire des flamb\u00e9es exorbitantes des prix des &nbsp;denr\u00e9es&nbsp; de premi\u00e8re n\u00e9cessit\u00e9. Tout est cher et l\u2019argent est devenu une denr\u00e9e introuvable.<\/p>\n\n\n\n<p><strong><em>Sur le plan judiciaire <\/em><\/strong>Sous ordre du prince du jouralors qu\u2019elle \u00e9tait attendue pour \u00eatre le rem\u00e8de \u00e0 beaucoup d\u2019in\u00e9galit\u00e9s et d\u2019injustices dont les citoyens sont victimes, la justice est sans nul doute l\u2019un des maillons faibles de la transition. Elle est distribu\u00e9e selon la t\u00eate du client et conform\u00e9ment aux d\u00e9sid\u00e9ratas du plus fortun\u00e9 ou du plus fort. Son ind\u00e9pendance qui \u00e9tait r\u00e9clam\u00e9e est devenue un mirage.<\/p>\n\n\n\n<p>En somme, si nul ne pourrait regretter le r\u00e9gime IBK, il est tout aussi ind\u00e9niable que le bilan de la transition est largement en de\u00e7\u00e0 des attentes, bref des aspirations des maliens n\u2019ont pas \u00e9t\u00e9 combl\u00e9es &nbsp;et le bilan &nbsp;sonne aujourd\u2019hui &nbsp;comme une trahison de la m\u00e9moire &nbsp;des martyrs tomb\u00e9s lors &nbsp;du grand soul\u00e8vement populaire du M5RFP<strong>&nbsp;&nbsp;&nbsp;&nbsp;&nbsp;&nbsp;&nbsp;&nbsp;&nbsp;&nbsp;&nbsp;&nbsp;&nbsp;&nbsp;&nbsp;&nbsp;&nbsp;&nbsp;&nbsp;&nbsp;&nbsp;&nbsp;&nbsp;&nbsp;&nbsp;&nbsp;&nbsp;&nbsp;&nbsp;&nbsp;&nbsp;&nbsp;&nbsp;&nbsp;&nbsp;&nbsp;&nbsp;&nbsp;&nbsp;&nbsp;&nbsp;&nbsp;&nbsp;&nbsp;&nbsp;&nbsp;&nbsp;&nbsp;&nbsp;&nbsp;&nbsp;&nbsp;&nbsp;&nbsp;&nbsp;&nbsp;&nbsp;&nbsp;&nbsp;&nbsp;&nbsp;&nbsp;&nbsp;&nbsp;&nbsp;&nbsp;&nbsp;&nbsp;&nbsp;&nbsp;&nbsp;&nbsp;&nbsp;&nbsp;&nbsp;&nbsp; &nbsp;&nbsp;&nbsp;&nbsp;&nbsp;&nbsp;&nbsp;&nbsp;&nbsp;&nbsp;&nbsp;&nbsp;&nbsp;&nbsp;&nbsp;&nbsp;&nbsp;&nbsp;&nbsp;&nbsp;&nbsp;&nbsp;&nbsp;&nbsp;&nbsp;&nbsp;&nbsp;&nbsp;&nbsp;&nbsp;&nbsp;&nbsp;&nbsp;&nbsp;&nbsp;&nbsp;&nbsp;&nbsp;&nbsp;&nbsp;&nbsp;&nbsp;&nbsp;&nbsp;&nbsp;&nbsp;&nbsp;&nbsp;Youssouf Sissoko&nbsp;&nbsp;&nbsp;&nbsp;&nbsp;&nbsp;&nbsp;&nbsp;&nbsp;&nbsp; &nbsp; &nbsp;&nbsp;<em>&nbsp;&nbsp;&nbsp;&nbsp;&nbsp;&nbsp;<\/em><\/strong><\/p>\n","protected":false},"excerpt":{"rendered":"<p>Jamais l\u2019av\u00e8nement d\u2019une transition n\u2019a suscit\u00e9 autant d\u2019espoirs et d\u2019esp\u00e9rance que celle issue du coup d\u2019Etat du 18 Ao\u00fbt 2020, tant par sa douceur, sans effusion de sang, &nbsp;que par&hellip;<\/p>\n","protected":false},"author":1,"featured_media":12599,"comment_status":"open","ping_status":"closed","sticky":false,"template":"","format":"standard","meta":{"content-type":"","_lmt_disableupdate":"","_lmt_disable":"","_jetpack_memberships_contains_paid_content":false,"footnotes":"","jetpack_publicize_message":"","jetpack_publicize_feature_enabled":true,"jetpack_social_post_already_shared":true,"jetpack_social_options":{"image_generator_settings":{"template":"highway","default_image_id":0,"font":"","enabled":false},"version":2}},"categories":[68,21],"tags":[],"class_list":["post-15010","post","type-post","status-publish","format-standard","has-post-thumbnail","hentry","category-lalternance","category-societe"],"jetpack_publicize_connections":[],"featured_image_urls":{"full":"","thumbnail":"","medium":"","medium_large":"","large":"","1536x1536":"","2048x2048":"","penci-recipe-1200x1200":"","penci-recipe-1200x900":"","penci-recipe-1200x675":"","penci-single-full":"","penci-slider-full-thumb":"","penci-full-thumb":"","penci-slider-thumb":"","penci-magazine-slider":"","penci-thumb":"","penci-masonry-thumb":"","penci-thumb-square":"","penci-thumb-vertical":"","penci-thumb-small":""},"author_info":{"display_name":"Nandi","author_link":"https:\/\/nandi.info\/?author=1"},"category_info":"<a href=\"https:\/\/nandi.info\/?cat=68\" rel=\"category\">L'alternance<\/a> <a href=\"https:\/\/nandi.info\/?cat=21\" rel=\"category\">Soci\u00e9t\u00e9<\/a>","tag_info":"Soci\u00e9t\u00e9","comment_count":"0","jetpack_featured_media_url":"","jetpack_sharing_enabled":true,"_links":{"self":[{"href":"https:\/\/nandi.info\/index.php?rest_route=\/wp\/v2\/posts\/15010","targetHints":{"allow":["GET"]}}],"collection":[{"href":"https:\/\/nandi.info\/index.php?rest_route=\/wp\/v2\/posts"}],"about":[{"href":"https:\/\/nandi.info\/index.php?rest_route=\/wp\/v2\/types\/post"}],"author":[{"embeddable":true,"href":"https:\/\/nandi.info\/index.php?rest_route=\/wp\/v2\/users\/1"}],"replies":[{"embeddable":true,"href":"https:\/\/nandi.info\/index.php?rest_route=%2Fwp%2Fv2%2Fcomments&post=15010"}],"version-history":[{"count":0,"href":"https:\/\/nandi.info\/index.php?rest_route=\/wp\/v2\/posts\/15010\/revisions"}],"wp:featuredmedia":[{"embeddable":true,"href":"https:\/\/nandi.info\/index.php?rest_route=\/"}],"wp:attachment":[{"href":"https:\/\/nandi.info\/index.php?rest_route=%2Fwp%2Fv2%2Fmedia&parent=15010"}],"wp:term":[{"taxonomy":"category","embeddable":true,"href":"https:\/\/nandi.info\/index.php?rest_route=%2Fwp%2Fv2%2Fcategories&post=15010"},{"taxonomy":"post_tag","embeddable":true,"href":"https:\/\/nandi.info\/index.php?rest_route=%2Fwp%2Fv2%2Ftags&post=15010"}],"curies":[{"name":"wp","href":"https:\/\/api.w.org\/{rel}","templated":true}]}}