{"id":14953,"date":"2023-08-17T19:12:38","date_gmt":"2023-08-17T17:12:38","guid":{"rendered":"https:\/\/nandi.info\/?p=14953"},"modified":"2024-01-17T16:13:32","modified_gmt":"2024-01-17T15:13:32","slug":"%f0%9d%90%82%f0%9d%90%80%f0%9d%90%8d%f0%9d%90%80%f0%9d%90%8c-%f0%9d%90%8b%f0%9d%90%9e-%f0%9d%90%a7%f0%9d%90%a8%f0%9d%90%ae%f0%9d%90%af%f0%9d%90%9e%f0%9d%90%9a%f0%9d%90%ae-%f0%9d%90%9b%f0%9d%90%ae","status":"publish","type":"post","link":"https:\/\/nandi.info\/?p=14953","title":{"rendered":"\ud835\udc0b\ud835\udc1e \ud835\udc03irecteur \ud835\udc06\u00e9n\u00e9ral de la \u00a0C\ud835\udc00\ud835\udc0d\ud835\udc00\ud835\udc0c \u00a0a re\u00e7u le \ud835\udc27\ud835\udc28\ud835\udc2e\ud835\udc2f\ud835\udc1e\ud835\udc1a\ud835\udc2e \ud835\udc1b\ud835\udc2e\ud835\udc2b\ud835\udc1e\ud835\udc1a\ud835\udc2e \ud835\udc2c\ud835\udc32\ud835\udc27\ud835\udc1d\ud835\udc22\ud835\udc1c\ud835\udc1a\ud835\udc25, \u00e9lu le 03 ao\u00fbt"},"content":{"rendered":"\n<p><strong>Lors de la r\u00e9ception du tout nouveau bureau du comit\u00e9 syndical de la Caisse Nationale d&rsquo;Assurance Maladie (CANAM) ce jeudi 17 ao\u00fbt 2023, le Directeur G\u00e9n\u00e9ral, le m\u00e9decin g\u00e9n\u00e9ral Brigade Boubacar&nbsp; Demb\u00e9l\u00e9, a eu l&rsquo;opportunit\u00e9 de f\u00e9liciter chaleureusement le secr\u00e9taire g\u00e9n\u00e9ral nouvellement \u00e9lu, T\u00e9coura Doumbia, ainsi que les autres membres de son bureau.&nbsp;<\/strong><\/p>\n\n\n\n<p class=\"has-drop-cap\">En f\u00e9licitant le secr\u00e9taire g\u00e9n\u00e9ral T\u00e9coura Doumbia et les membres du bureau, le DG a reconnu la responsabilit\u00e9 importante qui leur incombe en tant que repr\u00e9sentants des employ\u00e9s.&nbsp;<\/p>\n\n\n\n<p>Il a salu\u00e9 leur d\u00e9termination \u00e0 servir les int\u00e9r\u00eats des employ\u00e9s de la CANAM et \u00e0 contribuer \u00e0 un environnement de travail positif et \u00e9panouissant.<\/p>\n\n\n\n<p>Le moment \u00e9tait \u00e9galement propice pour le Directeur G\u00e9n\u00e9ral de partager des conseils avis\u00e9s avec le nouveau bureau syndical, dans le but de favoriser une collaboration fructueuse et de poursuivre les objectifs communs.&nbsp;<\/p>\n\n\n\n<p>Parmi ces conseils figuraient l&rsquo;importance d&rsquo;une communication transparente, de l&rsquo;\u00e9coute active, de la recherche de solutions constructives et du respect mutuel entre toutes les parties.<\/p>\n\n\n\n<p>Le nouveau Secr\u00e9taire g\u00e9n\u00e9ral du syndicat, T\u00e9coura Doumbia, qui vient d&rsquo;\u00eatre reconduit pour un nouveau mandat de 5 ans, a exprim\u00e9 sa sinc\u00e8re gratitude envers le Directeur G\u00e9n\u00e9ral pour les sages conseils qu&rsquo;il a prodigu\u00e9s lors de la r\u00e9ception du nouveau bureau. Il a tenu \u00e0 souligner l&rsquo;importance de ces conseils pour guider le travail du syndicat dans les ann\u00e9es \u00e0 venir.<\/p>\n\n\n\n<p>T\u00e9coura Doumbia a exprim\u00e9 sa reconnaissance envers le Directeur G\u00e9n\u00e9ral pour sa disponibilit\u00e9 \u00e0 partager ses connaissances et son exp\u00e9rience, et pour son engagement envers une collaboration fructueuse entre le syndicat et la Direction G\u00e9n\u00e9rale. Il a reconnu que cette<\/p>\n\n\n\n<p>collaboration \u00e9tait essentielle pour parvenir \u00e0 des solutions constructives et pour am\u00e9liorer les conditions de travail de l&rsquo;ensemble des travailleurs.<\/p>\n\n\n\n<p>Le Secr\u00e9taire g\u00e9n\u00e9ral a \u00e9galement r\u00e9it\u00e9r\u00e9 son engagement \u00e0 travailler en symbiose avec la Direction G\u00e9n\u00e9rale dans l&rsquo;int\u00e9r\u00eat des travailleurs de la CANAM.<\/p>\n\n\n\n<p>SERCOM\/CANAM<\/p>\n","protected":false},"excerpt":{"rendered":"<p>Lors de la r\u00e9ception du tout nouveau bureau du comit\u00e9 syndical de la Caisse Nationale d&rsquo;Assurance Maladie (CANAM) ce jeudi 17 ao\u00fbt 2023, le Directeur G\u00e9n\u00e9ral, le m\u00e9decin g\u00e9n\u00e9ral Brigade&hellip;<\/p>\n","protected":false},"author":1,"featured_media":16807,"comment_status":"open","ping_status":"closed","sticky":false,"template":"","format":"standard","meta":{"content-type":"","_lmt_disableupdate":"","_lmt_disable":"","_jetpack_memberships_contains_paid_content":false,"footnotes":"","jetpack_publicize_message":"","jetpack_publicize_feature_enabled":true,"jetpack_social_post_already_shared":true,"jetpack_social_options":{"image_generator_settings":{"template":"highway","default_image_id":0,"font":"","enabled":false},"version":2}},"categories":[43,21],"tags":[],"class_list":["post-14953","post","type-post","status-publish","format-standard","has-post-thumbnail","hentry","category-nandi-info","category-societe"],"jetpack_publicize_connections":[],"featured_image_urls":{"full":["https:\/\/nandi.info\/wp-content\/uploads\/2024\/01\/Medecin-General-de-Brigade-Boubacar-Dembele-Directeur-general-de-la-CANAM-1.jpg",2048,1365,false],"thumbnail":["https:\/\/nandi.info\/wp-content\/uploads\/2024\/01\/Medecin-General-de-Brigade-Boubacar-Dembele-Directeur-general-de-la-CANAM-1-150x150.jpg",150,150,true],"medium":["https:\/\/nandi.info\/wp-content\/uploads\/2024\/01\/Medecin-General-de-Brigade-Boubacar-Dembele-Directeur-general-de-la-CANAM-1-300x200.jpg",300,200,true],"medium_large":["https:\/\/nandi.info\/wp-content\/uploads\/2024\/01\/Medecin-General-de-Brigade-Boubacar-Dembele-Directeur-general-de-la-CANAM-1-768x512.jpg",768,512,true],"large":["https:\/\/nandi.info\/wp-content\/uploads\/2024\/01\/Medecin-General-de-Brigade-Boubacar-Dembele-Directeur-general-de-la-CANAM-1-1024x683.jpg",1024,683,true],"1536x1536":["https:\/\/nandi.info\/wp-content\/uploads\/2024\/01\/Medecin-General-de-Brigade-Boubacar-Dembele-Directeur-general-de-la-CANAM-1-1536x1024.jpg",1536,1024,true],"2048x2048":["https:\/\/nandi.info\/wp-content\/uploads\/2024\/01\/Medecin-General-de-Brigade-Boubacar-Dembele-Directeur-general-de-la-CANAM-1.jpg",2048,1365,false],"penci-recipe-1200x1200":["https:\/\/nandi.info\/wp-content\/uploads\/2024\/01\/Medecin-General-de-Brigade-Boubacar-Dembele-Directeur-general-de-la-CANAM-1.jpg",1200,800,false],"penci-recipe-1200x900":["https:\/\/nandi.info\/wp-content\/uploads\/2024\/01\/Medecin-General-de-Brigade-Boubacar-Dembele-Directeur-general-de-la-CANAM-1.jpg",1200,800,false],"penci-recipe-1200x675":["https:\/\/nandi.info\/wp-content\/uploads\/2024\/01\/Medecin-General-de-Brigade-Boubacar-Dembele-Directeur-general-de-la-CANAM-1.jpg",1013,675,false],"penci-single-full":["https:\/\/nandi.info\/wp-content\/uploads\/2024\/01\/Medecin-General-de-Brigade-Boubacar-Dembele-Directeur-general-de-la-CANAM-1.jpg",1920,1280,false],"penci-slider-full-thumb":["https:\/\/nandi.info\/wp-content\/uploads\/2024\/01\/Medecin-General-de-Brigade-Boubacar-Dembele-Directeur-general-de-la-CANAM-1.jpg",1200,800,false],"penci-full-thumb":["https:\/\/nandi.info\/wp-content\/uploads\/2024\/01\/Medecin-General-de-Brigade-Boubacar-Dembele-Directeur-general-de-la-CANAM-1.jpg",1170,780,false],"penci-slider-thumb":["https:\/\/nandi.info\/wp-content\/uploads\/2024\/01\/Medecin-General-de-Brigade-Boubacar-Dembele-Directeur-general-de-la-CANAM-1.jpg",995,663,false],"penci-magazine-slider":["https:\/\/nandi.info\/wp-content\/uploads\/2024\/01\/Medecin-General-de-Brigade-Boubacar-Dembele-Directeur-general-de-la-CANAM-1.jpg",774,516,false],"penci-thumb":["https:\/\/nandi.info\/wp-content\/uploads\/2024\/01\/Medecin-General-de-Brigade-Boubacar-Dembele-Directeur-general-de-la-CANAM-1.jpg",585,390,false],"penci-masonry-thumb":["https:\/\/nandi.info\/wp-content\/uploads\/2024\/01\/Medecin-General-de-Brigade-Boubacar-Dembele-Directeur-general-de-la-CANAM-1.jpg",585,390,false],"penci-thumb-square":["https:\/\/nandi.info\/wp-content\/uploads\/2024\/01\/Medecin-General-de-Brigade-Boubacar-Dembele-Directeur-general-de-la-CANAM-1.jpg",585,390,false],"penci-thumb-vertical":["https:\/\/nandi.info\/wp-content\/uploads\/2024\/01\/Medecin-General-de-Brigade-Boubacar-Dembele-Directeur-general-de-la-CANAM-1.jpg",480,320,false],"penci-thumb-small":["https:\/\/nandi.info\/wp-content\/uploads\/2024\/01\/Medecin-General-de-Brigade-Boubacar-Dembele-Directeur-general-de-la-CANAM-1.jpg",263,175,false]},"author_info":{"display_name":"Nandi","author_link":"https:\/\/nandi.info\/?author=1"},"category_info":"<a href=\"https:\/\/nandi.info\/?cat=43\" rel=\"category\">Nandi.info<\/a> <a href=\"https:\/\/nandi.info\/?cat=21\" rel=\"category\">Soci\u00e9t\u00e9<\/a>","tag_info":"Soci\u00e9t\u00e9","comment_count":"0","jetpack_featured_media_url":"https:\/\/nandi.info\/wp-content\/uploads\/2024\/01\/Medecin-General-de-Brigade-Boubacar-Dembele-Directeur-general-de-la-CANAM-1.jpg","jetpack_sharing_enabled":true,"_links":{"self":[{"href":"https:\/\/nandi.info\/index.php?rest_route=\/wp\/v2\/posts\/14953","targetHints":{"allow":["GET"]}}],"collection":[{"href":"https:\/\/nandi.info\/index.php?rest_route=\/wp\/v2\/posts"}],"about":[{"href":"https:\/\/nandi.info\/index.php?rest_route=\/wp\/v2\/types\/post"}],"author":[{"embeddable":true,"href":"https:\/\/nandi.info\/index.php?rest_route=\/wp\/v2\/users\/1"}],"replies":[{"embeddable":true,"href":"https:\/\/nandi.info\/index.php?rest_route=%2Fwp%2Fv2%2Fcomments&post=14953"}],"version-history":[{"count":1,"href":"https:\/\/nandi.info\/index.php?rest_route=\/wp\/v2\/posts\/14953\/revisions"}],"predecessor-version":[{"id":16808,"href":"https:\/\/nandi.info\/index.php?rest_route=\/wp\/v2\/posts\/14953\/revisions\/16808"}],"wp:featuredmedia":[{"embeddable":true,"href":"https:\/\/nandi.info\/index.php?rest_route=\/wp\/v2\/media\/16807"}],"wp:attachment":[{"href":"https:\/\/nandi.info\/index.php?rest_route=%2Fwp%2Fv2%2Fmedia&parent=14953"}],"wp:term":[{"taxonomy":"category","embeddable":true,"href":"https:\/\/nandi.info\/index.php?rest_route=%2Fwp%2Fv2%2Fcategories&post=14953"},{"taxonomy":"post_tag","embeddable":true,"href":"https:\/\/nandi.info\/index.php?rest_route=%2Fwp%2Fv2%2Ftags&post=14953"}],"curies":[{"name":"wp","href":"https:\/\/api.w.org\/{rel}","templated":true}]}}