{"id":14892,"date":"2023-08-12T16:34:00","date_gmt":"2023-08-12T14:34:00","guid":{"rendered":"https:\/\/nandi.info\/?p=14892"},"modified":"2023-11-05T01:10:43","modified_gmt":"2023-11-05T00:10:43","slug":"commemoration-de-la-journee-panafricaine-des-femmes-lurtel-accompagne-les-femmes-maliennes","status":"publish","type":"post","link":"https:\/\/nandi.info\/?p=14892","title":{"rendered":"Commemoration de la journ\u00e9e panafricaine des femmes : L\u2019Urtel accompagne les femmes maliennes !"},"content":{"rendered":"\n<p><strong><em>Dans le cadre de la c\u00e9l\u00e9bration du 31 juillet 2023, l\u2019Union des radios et t\u00e9l\u00e9visions libres du Mali (Urtel) a initi\u00e9 une conf\u00e9rence d\u00e9bat dont le th\u00e8me s\u2019intitulait : \u201cL\u2019Urtel s\u2019engage pour la participation effective des femmes au d\u00e9veloppement de la nation\u201d. Cette rencontre a eu lieu le mercredi 2 ao\u00fbt 2023 \u00e0 la Maison de la presse.<\/em><\/strong><\/p>\n\n\n\n<p>Cette c\u00e9l\u00e9bration de la journ\u00e9e panafricaine des femmes a r\u00e9uni les anciennes ministres, d\u00e9put\u00e9s, l\u2019Organisation panafricaine des femmes et plusieurs associations f\u00e9minines. Au cours de la rencontre, l\u2019accent a \u00e9t\u00e9 mis sur la repr\u00e9sentation et la participation des femmes dans les processus \u00e9lectoraux \u00e0 tous les niveaux.<\/p>\n\n\n\n<p>Le pr\u00e9sident de la Maison de la presse, Bandiougou Dant\u00e9, a invit\u00e9 les femmes \u00e0 continuer \u00e0 se battre pour leur cause. Esp\u00e9rant que cette premi\u00e8re initiative de l\u2019Urtel sera soutenue et encourag\u00e9e, il a estim\u00e9 que chacun pourra profiter de la grande exp\u00e9rience de ces grandes dames qui ont fait le Mali d\u2019hier, qui font le Mali d\u2019aujourd\u2019hui et feront le Mali de demain.<\/p>\n\n\n\n<p>Le pr\u00e9sident de l\u2019Urtel, Mamoudou Bocoum, initiateur de la rencontre, a encourag\u00e9 les femmes \u00e0 se battre davantage pour occuper toutes leurs places dans la soci\u00e9t\u00e9. Au plan continental, le th\u00e8me du 31 juillet \u00e9tait&nbsp;<em>\u201cLe savoir-faire et le potentiel des femmes au service de paix en vue d\u2019acc\u00e9l\u00e9rer la mise en \u0153uvre de la Zone de libre-\u00e9change continental africaine\u201d.<\/em><\/p>\n\n\n\n<p>Mme Diallo Maman Sakiliba, pr\u00e9sidente de l\u2019Organisation panafricaine des femmes dans la sous-r\u00e9gion ouest-africaine, a d\u2019abord d\u00e9fini le panafricanisme tout en rendant hommage \u00e0 la doyenne de toutes les luttes pour les femmes. Il s\u2019agit de feu Aoua K\u00e9ita, qui continue de vivre dans les c\u0153urs de toutes les femmes battantes.<\/p>\n\n\n\n<p><em>\u201cL\u2019implication des femmes est un vecteur incontournable parce que la stabilit\u00e9 du pays, c\u2019est d\u2019abord la famille. Nous avons choisi ce th\u00e8me par rapport \u00e0 la Zone de libre-\u00e9change continental parce qu\u2019il y a aussi un engagement international des Etats qui veut que les femmes soient impliqu\u00e9es dans la pr\u00e9vention et la gestion des conflits. Mais dans la plupart du temps, les femmes sont misent \u00e0 c\u00f4t\u00e9 ou elles viennent en minorit\u00e9 dans les organes de gestion des conflits, cela ne peut pas r\u00e9soudre le probl\u00e8me. On ne peut pas pr\u00e9tendre d\u00e9velopper un pays en laissant la majorit\u00e9 \u00e0 la traine.<\/em><\/p>\n\n\n\n<p><em>&nbsp;Nous sommes aujourd\u2019hui dans une lutte de d\u00e9veloppement et non une lutte de leadership ou une lutte de place\u201d<\/em>, a expliqu\u00e9 la conf\u00e9renci\u00e8re.<\/p>\n\n\n\n<p>Mme Diallo Maman Sakiliba signalera que dans la Zlecaf, il y a un march\u00e9 commun africain ouvert \u00e0 tout le monde dans les r\u00e8gles de l\u2019art.&nbsp;<em>\u201cCette Zone de libre-\u00e9change continental ne peut pas \u00eatre acc\u00e9l\u00e9r\u00e9e sans les femmes, car elle implique la suppression des barri\u00e8res tarifaires, des barri\u00e8res douani\u00e8res, les taxes vont tomber. Cela aboutira \u00e0 l\u2019autonomisation des femmes, car l\u2019accent est mis sur la transformation, le renforcement des capacit\u00e9s en termes de&nbsp; chaines de valeur qui rapportent beaucoup aux femmes\u201d,<\/em>&nbsp;a invit\u00e9 la pr\u00e9sidente de l\u2019OPF.<\/p>\n\n\n\n<p>Mme Ha\u00efdara A\u00efchata Ciss\u00e9 dite Chato a remerci\u00e9 Mme Sangar\u00e9 Oumou Bah pour son combat en faveur de l\u2019adoption de la 052 en conseil des ministres. \u201cLes femmes, quand elles sont engag\u00e9es, elles n\u2019ont pas de limites et elles ont beaucoup de strat\u00e9gies. Il faut qu\u2019elles se fassent confiance, qu\u2019elles soient solidaires les unes envers les autres et la coh\u00e9sion. Les femmes sont tellement valables, elles ont des comp\u00e9tences et doivent se donner la main pour avancer, mener \u00e0 bien le combat\u201d, a indiqu\u00e9 la pr\u00e9sidente du R\u00e9seau des femmes parlementaires. Cet \u00e9change a pris fin par une remise d\u2019attestation de reconnaissance \u00e0 Mme Sangar\u00e9 Oumou Bah, la femme battante.&nbsp;<strong>&nbsp;&nbsp;&nbsp;&nbsp;&nbsp;&nbsp;&nbsp;&nbsp;&nbsp;&nbsp;&nbsp;&nbsp;&nbsp;&nbsp;&nbsp;&nbsp;&nbsp;&nbsp;&nbsp;&nbsp;&nbsp;&nbsp;&nbsp;&nbsp;&nbsp;&nbsp;&nbsp;&nbsp;<\/strong><\/p>\n\n\n\n<p><strong>&nbsp;&nbsp;&nbsp;&nbsp;&nbsp;&nbsp;&nbsp;&nbsp;&nbsp;&nbsp;&nbsp;&nbsp;&nbsp;&nbsp;&nbsp;&nbsp;&nbsp;&nbsp;&nbsp;&nbsp;&nbsp;&nbsp;&nbsp;&nbsp;&nbsp;&nbsp;&nbsp;&nbsp;&nbsp; <\/strong><\/p>\n\n\n\n<p><strong>Marie Demb\u00e9l\u00e9<\/strong><\/p>\n\n\n\n<p><strong>Aujourd&rsquo;hui Mali<\/strong><\/p>\n","protected":false},"excerpt":{"rendered":"<p>Dans le cadre de la c\u00e9l\u00e9bration du 31 juillet 2023, l\u2019Union des radios et t\u00e9l\u00e9visions libres du Mali (Urtel) a initi\u00e9 une conf\u00e9rence d\u00e9bat dont le th\u00e8me s\u2019intitulait : \u201cL\u2019Urtel&hellip;<\/p>\n","protected":false},"author":1,"featured_media":15495,"comment_status":"open","ping_status":"closed","sticky":false,"template":"","format":"standard","meta":{"content-type":"","_lmt_disableupdate":"","_lmt_disable":"","_jetpack_memberships_contains_paid_content":false,"footnotes":"","jetpack_publicize_message":"","jetpack_publicize_feature_enabled":true,"jetpack_social_post_already_shared":true,"jetpack_social_options":{"image_generator_settings":{"template":"highway","default_image_id":0,"font":"","enabled":false},"version":2}},"categories":[19,27],"tags":[],"class_list":["post-14892","post","type-post","status-publish","format-standard","has-post-thumbnail","hentry","category-aujourdhui-mali","category-femmes"],"jetpack_publicize_connections":[],"featured_image_urls":{"full":["https:\/\/nandi.info\/wp-content\/uploads\/2023\/11\/URTEL-femme.jpg",650,362,false],"thumbnail":["https:\/\/nandi.info\/wp-content\/uploads\/2023\/11\/URTEL-femme-150x150.jpg",150,150,true],"medium":["https:\/\/nandi.info\/wp-content\/uploads\/2023\/11\/URTEL-femme-300x167.jpg",300,167,true],"medium_large":["https:\/\/nandi.info\/wp-content\/uploads\/2023\/11\/URTEL-femme.jpg",650,362,false],"large":["https:\/\/nandi.info\/wp-content\/uploads\/2023\/11\/URTEL-femme.jpg",650,362,false],"1536x1536":["https:\/\/nandi.info\/wp-content\/uploads\/2023\/11\/URTEL-femme.jpg",650,362,false],"2048x2048":["https:\/\/nandi.info\/wp-content\/uploads\/2023\/11\/URTEL-femme.jpg",650,362,false],"penci-recipe-1200x1200":["https:\/\/nandi.info\/wp-content\/uploads\/2023\/11\/URTEL-femme.jpg",650,362,false],"penci-recipe-1200x900":["https:\/\/nandi.info\/wp-content\/uploads\/2023\/11\/URTEL-femme.jpg",650,362,false],"penci-recipe-1200x675":["https:\/\/nandi.info\/wp-content\/uploads\/2023\/11\/URTEL-femme.jpg",650,362,false],"penci-single-full":["https:\/\/nandi.info\/wp-content\/uploads\/2023\/11\/URTEL-femme.jpg",650,362,false],"penci-slider-full-thumb":["https:\/\/nandi.info\/wp-content\/uploads\/2023\/11\/URTEL-femme.jpg",650,362,false],"penci-full-thumb":["https:\/\/nandi.info\/wp-content\/uploads\/2023\/11\/URTEL-femme.jpg",650,362,false],"penci-slider-thumb":["https:\/\/nandi.info\/wp-content\/uploads\/2023\/11\/URTEL-femme.jpg",650,362,false],"penci-magazine-slider":["https:\/\/nandi.info\/wp-content\/uploads\/2023\/11\/URTEL-femme.jpg",650,362,false],"penci-thumb":["https:\/\/nandi.info\/wp-content\/uploads\/2023\/11\/URTEL-femme.jpg",585,326,false],"penci-masonry-thumb":["https:\/\/nandi.info\/wp-content\/uploads\/2023\/11\/URTEL-femme.jpg",585,326,false],"penci-thumb-square":["https:\/\/nandi.info\/wp-content\/uploads\/2023\/11\/URTEL-femme.jpg",585,326,false],"penci-thumb-vertical":["https:\/\/nandi.info\/wp-content\/uploads\/2023\/11\/URTEL-femme.jpg",480,267,false],"penci-thumb-small":["https:\/\/nandi.info\/wp-content\/uploads\/2023\/11\/URTEL-femme.jpg",263,146,false]},"author_info":{"display_name":"Nandi","author_link":"https:\/\/nandi.info\/?author=1"},"category_info":"<a href=\"https:\/\/nandi.info\/?cat=19\" rel=\"category\">Aujourd\u2019hui Mali<\/a> <a href=\"https:\/\/nandi.info\/?cat=27\" rel=\"category\">Femmes<\/a>","tag_info":"Femmes","comment_count":"0","jetpack_featured_media_url":"https:\/\/nandi.info\/wp-content\/uploads\/2023\/11\/URTEL-femme.jpg","jetpack_sharing_enabled":true,"_links":{"self":[{"href":"https:\/\/nandi.info\/index.php?rest_route=\/wp\/v2\/posts\/14892","targetHints":{"allow":["GET"]}}],"collection":[{"href":"https:\/\/nandi.info\/index.php?rest_route=\/wp\/v2\/posts"}],"about":[{"href":"https:\/\/nandi.info\/index.php?rest_route=\/wp\/v2\/types\/post"}],"author":[{"embeddable":true,"href":"https:\/\/nandi.info\/index.php?rest_route=\/wp\/v2\/users\/1"}],"replies":[{"embeddable":true,"href":"https:\/\/nandi.info\/index.php?rest_route=%2Fwp%2Fv2%2Fcomments&post=14892"}],"version-history":[{"count":1,"href":"https:\/\/nandi.info\/index.php?rest_route=\/wp\/v2\/posts\/14892\/revisions"}],"predecessor-version":[{"id":15496,"href":"https:\/\/nandi.info\/index.php?rest_route=\/wp\/v2\/posts\/14892\/revisions\/15496"}],"wp:featuredmedia":[{"embeddable":true,"href":"https:\/\/nandi.info\/index.php?rest_route=\/wp\/v2\/media\/15495"}],"wp:attachment":[{"href":"https:\/\/nandi.info\/index.php?rest_route=%2Fwp%2Fv2%2Fmedia&parent=14892"}],"wp:term":[{"taxonomy":"category","embeddable":true,"href":"https:\/\/nandi.info\/index.php?rest_route=%2Fwp%2Fv2%2Fcategories&post=14892"},{"taxonomy":"post_tag","embeddable":true,"href":"https:\/\/nandi.info\/index.php?rest_route=%2Fwp%2Fv2%2Ftags&post=14892"}],"curies":[{"name":"wp","href":"https:\/\/api.w.org\/{rel}","templated":true}]}}