{"id":14862,"date":"2023-08-10T10:47:34","date_gmt":"2023-08-10T08:47:34","guid":{"rendered":"https:\/\/nandi.info\/?p=14862"},"modified":"2023-08-10T10:47:34","modified_gmt":"2023-08-10T08:47:34","slug":"grande-marche-a-bandiagara-pour-reclamer-la-securite-6-blesses-parmi-les-manifestants","status":"publish","type":"post","link":"https:\/\/nandi.info\/?p=14862","title":{"rendered":"Grande marche \u00e0 Bandiagara pour r\u00e9clamer la s\u00e9curit\u00e9 : 6 bless\u00e9s parmi les manifestants"},"content":{"rendered":"\n<p class=\"has-drop-cap\">Hier, mercredi 9 ao\u00fbt 2023, les forces vives de la r\u00e9gion de Bandiagara ont effectu\u00e9 une tr\u00e8s grande marche pour inviter les autorit\u00e9s maliennes \u00e0 \u0153uvrer pour la s\u00e9curit\u00e9 dans leur localit\u00e9. \u00ab Les autorit\u00e9s nous semblent n\u2019avoir jamais eu un r\u00e9el programme de s\u00e9curisation de Bandiagara. Seuls de simples communiqu\u00e9s et visites pour compatir \u00e0 nos morts sont devenus leur mode de gouvernance. Nous d\u00e9non\u00e7ons vigoureusement cette inaction\u2026Nous demandons aux autorit\u00e9s de la transition de d\u00e9ployer rapidement les FAMA pour s\u00e9curiser l\u2019axe routier la RN15 et les villages ; de r\u00e9pondre rapidement aux diff\u00e9rentes attaques des villages n\u2019importe quel moment ; d\u2019engager rapidement un processus de sortie de crise entre les diff\u00e9rentes protagonistes \u00bb, a d\u00e9clar\u00e9 le porte-parole des forces vives de Bandiagara, Amadou LOUGUE. Ce dernier a pr\u00e9cis\u00e9 qu\u2019il y\u2019a eu 6 bless\u00e9s parmi les manifestants suite \u00e0 des \u00e9chauffour\u00e9es avec les forces de l\u2019ordre.<\/p>\n\n\n\n<p>Cette grande marche qui a regroup\u00e9 des milliers de personnes a d\u00e9marr\u00e9 au grand Rond-point de la ville pour prendre fin au gouvernorat de Bandiagara. Une d\u00e9claration a \u00e9t\u00e9 lue par le porte-parole des forces vives de Bandiagara, Amadou LOUGUE puis remise au gouverneur de la r\u00e9gion de Bandiagara, Sidi Mohamed El B\u00e9chir.<\/p>\n\n\n\n<p>Il ressort de cette d\u00e9claration que la situation s\u00e9curitaire dans la r\u00e9gion de Bandiagara se d\u00e9grade de fa\u00e7on catastrophique. \u00abDans le but de pr\u00e9venir et d\u2019\u00e9viter le d\u00e9sastre, nous avons d\u00e9cri\u00e9, nous avons d\u00e9nonc\u00e9, nous avons alert\u00e9, nous avons d\u00e9march\u00e9 les autorit\u00e9s, nous avons fait plusieurs fois la marche, nous avons fait la d\u00e9sob\u00e9issance civile, nous avons fait des foras, des forums, nous avons fait des propositions de sorties de crise.<\/p>\n\n\n\n<p>Malgr\u00e9 tout, les autorit\u00e9s sont rest\u00e9es muettes, sourdes, inactives \u00e0 toutes nos sollicitations. Elles sont rest\u00e9es insensibles. Mais aussi elles ont commenc\u00e9 \u00e0 prendre des attitudes que nous qualifions de partisanes, voire populistes, sinon comment comprendre avec le slogan Mali Kura, la mont\u00e9e en puissance des FAMA, sous la direction des hauts grad\u00e9s militaires, en pleine journ\u00e9e, des villages proches de Bandiagara sont attaqu\u00e9s, incendi\u00e9s, des morts des paisibles citoyens, la quasi-totalit\u00e9 de nos greniers sont incendi\u00e9s, l\u2019hivernage hypoth\u00e9qu\u00e9, les d\u00e9plac\u00e9s dans les grandes agglom\u00e9rations ces derniers jours \u00bb, a d\u00e9plor\u00e9 Amadou LOUGUE.<\/p>\n\n\n\n<p>Selon lui, les autorit\u00e9s semblent n\u2019avoir jamais eu une \u00ab volont\u00e9 manifeste et un r\u00e9el programme de s\u00e9curisation \u00bb de la r\u00e9gion de Bandiagara. \u00ab Seuls de simples communiqu\u00e9s et visites pour compatir \u00e0 nos morts sont devenus leur mode de gouvernance. Nous d\u00e9non\u00e7ons vigoureusement cette inaction. Nous condamnons cette attitude avec la derni\u00e8re \u00e9nergie \u00bb, a-t-il martel\u00e9. Pour le porte-parole des manifestants, le constat est amer. Pour preuve, dit-il, les morts et les d\u00e9plac\u00e9s sont devenus incomptables ces dernier jours. \u00ab On brule chaque jour les gens, les forains attaqu\u00e9s, tout d\u00e9placement sur l\u2019axe RN15 est une peur dans le ventre des citoyens.<\/p>\n\n\n\n<p>Cependant beaucoup de promesses de s\u00e9curisation ont \u00e9t\u00e9 faites par les autorit\u00e9s, mais le r\u00e9sultat est presque nul \u00bb, a d\u00e9clar\u00e9 Amadou LOUGUE. A ses dires, des initiatives communautaires et inclusives ont \u00e9t\u00e9 prises, des efforts allant dans le sens de l\u2019apaisement de la r\u00e9conciliation et de la coh\u00e9sion sociale ont \u00e9t\u00e9 propos\u00e9s tels que le m\u00e9morandum des municipalit\u00e9s de Bandiagara qui est rest\u00e9 dans le tiroir du Gouvernement.<\/p>\n\n\n\n<p>Selon Amadou LOUGUE, les diff\u00e9rentes propositions du comit\u00e9 d\u2019expert de r\u00e9conciliation sont rest\u00e9es dans le tiroir du Gouvernement. \u00ab Notre \u00e9tonnement est grand de voir les choses s\u2019aggraver et se d\u00e9t\u00e9riorer. Nous n\u2019entendons plus que l\u2019Etat du Mali ne soit capable de nous prot\u00e9ger contre les attaques r\u00e9guli\u00e8res et r\u00e9currentes des terroristes, ni d\u2019aller \u00e0 la recherche des bandits arm\u00e9s.<\/p>\n\n\n\n<p>Nous demandons aux autorit\u00e9s de la transition de d\u00e9ployer rapidement les FAMA pour s\u00e9curiser l\u2019axe routier la RNI5 et les villages ; de r\u00e9pondre rapidement aux diff\u00e9rentes attaques des villages n\u2019importe quel moment ; d\u2019engager rapidement un processus de sortie de crise entre les diff\u00e9rentes protagonistes, de prendre en compte urgemment les propositions du comit\u00e9 d\u2019experts de r\u00e9conciliation de Bandiagara \u00bb, a soulign\u00e9 l\u2019orateur.<\/p>\n\n\n\n<p>Il a lanc\u00e9 un appel aux plus hautes autorit\u00e9s du Mali \u00e0 \u0153uvrer pour assurer la s\u00e9curit\u00e9 dans la r\u00e9gion de Bandiagara. \u00ab Donnez-nous le droit \u00e0 la vie et \u00e0 la s\u00e9curit\u00e9, nous sommes un peuple tol\u00e9rant, un peuple pacifique \u00bb, a-t-il dit. Apr\u00e8s avoir re\u00e7u la d\u00e9claration, le gouverneur a promis de la transf\u00e9rer \u00e0 qui de droit. Il a fait savoir que des efforts sont en cours pour assurer la s\u00e9curit\u00e9 \u00e0 Bandiagara.<\/p>\n\n\n\n<p>Contact\u00e9 par le R\u00e9publicain, hier, dans l\u2019apr\u00e8s-midi, le porte-parole des forces vives de Bandiagara, Amadou LOUGUE, a pr\u00e9cis\u00e9 qu\u2019il y\u2019a eu 6 bless\u00e9s parmi les manifestants suite \u00e0 des \u00e9chauffour\u00e9es avec les forces de l\u2019ordre.<\/p>\n\n\n\n<p>Aguibou Sogodogo<\/p>\n","protected":false},"excerpt":{"rendered":"<p>Hier, mercredi 9 ao\u00fbt 2023, les forces vives de la r\u00e9gion de Bandiagara ont effectu\u00e9 une tr\u00e8s grande marche pour inviter les autorit\u00e9s maliennes \u00e0 \u0153uvrer pour la s\u00e9curit\u00e9 dans&hellip;<\/p>\n","protected":false},"author":1,"featured_media":0,"comment_status":"open","ping_status":"closed","sticky":false,"template":"","format":"standard","meta":{"content-type":"","_lmt_disableupdate":"","_lmt_disable":"","_jetpack_memberships_contains_paid_content":false,"footnotes":"","jetpack_publicize_message":"","jetpack_publicize_feature_enabled":true,"jetpack_social_post_already_shared":true,"jetpack_social_options":{"image_generator_settings":{"template":"highway","default_image_id":0,"font":"","enabled":false},"version":2}},"categories":[69,21],"tags":[],"class_list":["post-14862","post","type-post","status-publish","format-standard","hentry","category-le-republicain-mali","category-societe"],"jetpack_publicize_connections":[],"featured_image_urls":{"full":"","thumbnail":"","medium":"","medium_large":"","large":"","1536x1536":"","2048x2048":"","penci-recipe-1200x1200":"","penci-recipe-1200x900":"","penci-recipe-1200x675":"","penci-single-full":"","penci-slider-full-thumb":"","penci-full-thumb":"","penci-slider-thumb":"","penci-magazine-slider":"","penci-thumb":"","penci-masonry-thumb":"","penci-thumb-square":"","penci-thumb-vertical":"","penci-thumb-small":""},"author_info":{"display_name":"Nandi","author_link":"https:\/\/nandi.info\/?author=1"},"category_info":"<a href=\"https:\/\/nandi.info\/?cat=69\" rel=\"category\">Le R\u00e9publicain Mali<\/a> <a href=\"https:\/\/nandi.info\/?cat=21\" rel=\"category\">Soci\u00e9t\u00e9<\/a>","tag_info":"Soci\u00e9t\u00e9","comment_count":"0","jetpack_featured_media_url":"","jetpack_sharing_enabled":true,"_links":{"self":[{"href":"https:\/\/nandi.info\/index.php?rest_route=\/wp\/v2\/posts\/14862","targetHints":{"allow":["GET"]}}],"collection":[{"href":"https:\/\/nandi.info\/index.php?rest_route=\/wp\/v2\/posts"}],"about":[{"href":"https:\/\/nandi.info\/index.php?rest_route=\/wp\/v2\/types\/post"}],"author":[{"embeddable":true,"href":"https:\/\/nandi.info\/index.php?rest_route=\/wp\/v2\/users\/1"}],"replies":[{"embeddable":true,"href":"https:\/\/nandi.info\/index.php?rest_route=%2Fwp%2Fv2%2Fcomments&post=14862"}],"version-history":[{"count":0,"href":"https:\/\/nandi.info\/index.php?rest_route=\/wp\/v2\/posts\/14862\/revisions"}],"wp:attachment":[{"href":"https:\/\/nandi.info\/index.php?rest_route=%2Fwp%2Fv2%2Fmedia&parent=14862"}],"wp:term":[{"taxonomy":"category","embeddable":true,"href":"https:\/\/nandi.info\/index.php?rest_route=%2Fwp%2Fv2%2Fcategories&post=14862"},{"taxonomy":"post_tag","embeddable":true,"href":"https:\/\/nandi.info\/index.php?rest_route=%2Fwp%2Fv2%2Ftags&post=14862"}],"curies":[{"name":"wp","href":"https:\/\/api.w.org\/{rel}","templated":true}]}}