{"id":14858,"date":"2023-08-10T10:32:02","date_gmt":"2023-08-10T08:32:02","guid":{"rendered":"https:\/\/nandi.info\/?p=14858"},"modified":"2023-08-10T10:32:02","modified_gmt":"2023-08-10T08:32:02","slug":"cadre-de-concertation-administration-partis-politiques-objectif-convenir-de-facon-consensuelle-a-un-reajustement-du-chronogramme-des-elections","status":"publish","type":"post","link":"https:\/\/nandi.info\/?p=14858","title":{"rendered":"Cadre de concertation Administration-Partis politiques \/ Objectif : Convenir de fa\u00e7on consensuelle \u00e0 un r\u00e9ajustement du chronogramme des \u00e9lections"},"content":{"rendered":"\n<p class=\"has-drop-cap\">Le Centre de formation des collectivit\u00e9s territoriales (CFCT) a abrit\u00e9, le mardi 8 ao\u00fbt 2023, la rencontre du cadre de concertation national avec les partis politiques sur la mise en \u0153uvre du chronogramme des \u00e9lections et des r\u00e9formes politiques et institutionnelles. L\u2019un des objectifs de cette rencontre entre le gouvernement et les partis politiques \u00e9tait de \u00abconvenir de fa\u00e7on consensuelle \u00e0 un r\u00e9ajustement du chronogramme des \u00e9lections\u00bb. Cette rencontre \u00e9tait pr\u00e9sid\u00e9e par ministre d\u2019Etat, ministre de l\u2019administration territoriale et de la d\u00e9centralisation, porte-parole du gouvernement, Colonel Abdoulaye Ma\u00efga, en pr\u00e9sence d\u2019autres membres du gouvernement, des acteurs politiques et d\u2019autres personnalit\u00e9s. Selon le ministre Abdoulaye Ma\u00efga, le d\u00e9calage de trois mois de la date initiale du r\u00e9f\u00e9rendum a eu un impact sur tout le reste du chronogramme des \u00e9lections.<\/p>\n\n\n\n<p>Dans son discours, le ministre Abdoulaye Ma\u00efga a fait savoir que le chronogramme pr\u00e9voyait, \u00e0 la suite du r\u00e9f\u00e9rendum, l\u2019organisation des \u00e9lections des conseillers des Collectivit\u00e9s territoriales, suivie des \u00e9lections l\u00e9gislatives et enfin celle du Pr\u00e9sident de la R\u00e9publique. \u00ab Il n\u2019est nul besoin de rappeler que le d\u00e9calage de trois mois de la date initiale du r\u00e9f\u00e9rendum a eu un impact sur tout le reste du chronogramme des \u00e9lections.<\/p>\n\n\n\n<p>Aussi, la prise en compte des nouvelles Circonscriptions Administratives issues du processus de r\u00e9organisation administrative et territoriale n\u00e9cessite un minimum de temps pour les structures en charge des \u00e9lections. Il \u00e9tait donc important au regard de ces consid\u00e9rations que le Gouvernement vous consulte \u00e0 nouveau afin de recueillir vos observations et avis pour convenir de fa\u00e7on consensuelle \u00e0 un r\u00e9ajustement du chronogramme des \u00e9lections \u00bb, a-t-il dit.<\/p>\n\n\n\n<p>Selon lui, chaque fois que le Gouvernement veut traiter de ces questions, il fait de l\u2019inclusivit\u00e9 et de la co-construction ses principes directeurs, afin que tous les acteurs puissent y contribuer et cela, en toute transparence. \u00ab Il est donc attendu de vous, des \u00e9changes fructueux assortis de propositions et de recommandations pr\u00e9cieuses sur la suite du processus \u00e9lectoral, pr\u00e9cis\u00e9ment sur le s\u00e9quen\u00e7age des scrutins \u00bb, a-t-il dit.<\/p>\n\n\n\n<p>Ainsi, sur un total de 291 partis politiques saisis par le minist\u00e8re de l\u2019administration territoriale et de la d\u00e9centralisation, 81 ont fait des propositions. \u00ab Cinq principales tendances se d\u00e9gagent des diff\u00e9rentes propositions. Proroger le d\u00e9lai de la Transition de 3 \u00e0 18 mois afin de bien organiser les \u00e9lections \u00e0 venir ; Organiser les \u00e9lections, conform\u00e9ment au chronogramme adopt\u00e9 par le Gouvernement ; Tenir l\u2019\u00e9lection pr\u00e9sidentielle \u00e0 la date indiqu\u00e9e dans le chronogramme et coupler les autres \u00e9lections ; Organiser les \u00e9lections en 2024, lorsque les conditions s\u00e9curitaires seront r\u00e9unies ; Organiser les \u00e9lections l\u00e9gislatives en premier lieu ensuite l\u2019\u00e9lection pr\u00e9sidentielle, et les futures autorit\u00e9s organiseront les autres scrutins \u00bb, r\u00e9v\u00e8le la synth\u00e8se des propositions des partis politiques sur la conduite de la suite du processus \u00e9lectoral pr\u00e9sent\u00e9e par Abdou Salam DIEPKILE de la DGAT (Direction g\u00e9n\u00e9rale de l\u2019administration territoriale). Le ministre Ma\u00efga a promis de faire remonter ces diff\u00e9rentes propositions aux autorit\u00e9s comp\u00e9tentes.<\/p>\n\n\n\n<p><strong>Aguibou Sogodogo<\/strong><\/p>\n","protected":false},"excerpt":{"rendered":"<p>Le Centre de formation des collectivit\u00e9s territoriales (CFCT) a abrit\u00e9, le mardi 8 ao\u00fbt 2023, la rencontre du cadre de concertation national avec les partis politiques sur la mise en&hellip;<\/p>\n","protected":false},"author":1,"featured_media":0,"comment_status":"open","ping_status":"closed","sticky":false,"template":"","format":"standard","meta":{"content-type":"","_lmt_disableupdate":"","_lmt_disable":"","_jetpack_memberships_contains_paid_content":false,"footnotes":"","jetpack_publicize_message":"","jetpack_publicize_feature_enabled":true,"jetpack_social_post_already_shared":true,"jetpack_social_options":{"image_generator_settings":{"template":"highway","default_image_id":0,"font":"","enabled":false},"version":2}},"categories":[69,23],"tags":[],"class_list":["post-14858","post","type-post","status-publish","format-standard","hentry","category-le-republicain-mali","category-politique"],"jetpack_publicize_connections":[],"featured_image_urls":{"full":"","thumbnail":"","medium":"","medium_large":"","large":"","1536x1536":"","2048x2048":"","penci-recipe-1200x1200":"","penci-recipe-1200x900":"","penci-recipe-1200x675":"","penci-single-full":"","penci-slider-full-thumb":"","penci-full-thumb":"","penci-slider-thumb":"","penci-magazine-slider":"","penci-thumb":"","penci-masonry-thumb":"","penci-thumb-square":"","penci-thumb-vertical":"","penci-thumb-small":""},"author_info":{"display_name":"Nandi","author_link":"https:\/\/nandi.info\/?author=1"},"category_info":"<a href=\"https:\/\/nandi.info\/?cat=69\" rel=\"category\">Le R\u00e9publicain Mali<\/a> <a href=\"https:\/\/nandi.info\/?cat=23\" rel=\"category\">Politique<\/a>","tag_info":"Politique","comment_count":"0","jetpack_featured_media_url":"","jetpack_sharing_enabled":true,"_links":{"self":[{"href":"https:\/\/nandi.info\/index.php?rest_route=\/wp\/v2\/posts\/14858","targetHints":{"allow":["GET"]}}],"collection":[{"href":"https:\/\/nandi.info\/index.php?rest_route=\/wp\/v2\/posts"}],"about":[{"href":"https:\/\/nandi.info\/index.php?rest_route=\/wp\/v2\/types\/post"}],"author":[{"embeddable":true,"href":"https:\/\/nandi.info\/index.php?rest_route=\/wp\/v2\/users\/1"}],"replies":[{"embeddable":true,"href":"https:\/\/nandi.info\/index.php?rest_route=%2Fwp%2Fv2%2Fcomments&post=14858"}],"version-history":[{"count":0,"href":"https:\/\/nandi.info\/index.php?rest_route=\/wp\/v2\/posts\/14858\/revisions"}],"wp:attachment":[{"href":"https:\/\/nandi.info\/index.php?rest_route=%2Fwp%2Fv2%2Fmedia&parent=14858"}],"wp:term":[{"taxonomy":"category","embeddable":true,"href":"https:\/\/nandi.info\/index.php?rest_route=%2Fwp%2Fv2%2Fcategories&post=14858"},{"taxonomy":"post_tag","embeddable":true,"href":"https:\/\/nandi.info\/index.php?rest_route=%2Fwp%2Fv2%2Ftags&post=14858"}],"curies":[{"name":"wp","href":"https:\/\/api.w.org\/{rel}","templated":true}]}}