{"id":14743,"date":"2023-07-27T13:25:59","date_gmt":"2023-07-27T11:25:59","guid":{"rendered":"https:\/\/nandi.info\/?p=14743"},"modified":"2023-07-27T13:25:59","modified_gmt":"2023-07-27T11:25:59","slug":"ousmane-b-traore-batonnier-de-lordre-des-avocats-du-mali-face-a-un-fleau-il-faut-quune-lutte-implacable-soit-menee-dans-tous-les-secteurs-de-la-justice","status":"publish","type":"post","link":"https:\/\/nandi.info\/?p=14743","title":{"rendered":"Ousmane B. Traor\u00e9, B\u00e2tonnier de l\u2019ordre des avocats du Mali : \u00abFace \u00e0 un fl\u00e9au, il faut qu\u2019une lutte implacable soit men\u00e9e dans tous les secteurs de la Justice\u00bb"},"content":{"rendered":"\n<p class=\"has-drop-cap\">L\u2019Ordre des avocats du Mali a organis\u00e9 la 1\u00e8re \u00e9dition des Etats g\u00e9n\u00e9raux du barreau du Mali. La c\u00e9r\u00e9monie d\u2019ouverture de cette rencontre de deux jours s\u2019est tenue, hier, mercredi 26 juillet 2023 \u00e0 l\u2019h\u00f4tel M\u00e9ridiana de Bamako (ex- Kempinsky). Elle \u00e9tait pr\u00e9sid\u00e9e par le Premier ministre, Dr. Choguel Kokalla Ma\u00efga, en pr\u00e9sence du B\u00e2tonnier de l\u2019ordre des avocats du Mali, Ousmane B. Traor\u00e9, de plusieurs autres avocats, des membres du gouvernement, de l\u2019ensemble de la famille judiciaire et de nombreuses autres personnalit\u00e9s. Au cours de la c\u00e9r\u00e9monie d\u2019ouverture des travaux, le B\u00e2tonnier de l\u2019ordre des avocats du Mali, Ousmane B. Traor\u00e9, a fait savoir que l\u2019avocat d\u00e9fenseur des droits de l\u2019Homme, pilier de l\u2019Etat de Droit, protecteur des libert\u00e9s et porte-parole des d\u00e9munis, d\u00e9fenseur de la veuve et de l\u2019orphelin, ne doit jamais trahir son serment en se rendant complice de qui que ce soit. \u00ab A ce niveau, je ne suis point dans l\u2019autoflagellation, mais l\u2019autosatisfaction doit \u00eatre \u00e9cart\u00e9e. Face \u00e0 un tel fl\u00e9au, il faut qu\u2019une lutte implacable soit men\u00e9e dans tous les secteurs de la Justice \u00bb, a soulign\u00e9 le b\u00e2tonnier.<\/p>\n\n\n\n<p>Selon le B\u00e2tonnier de l\u2019ordre des avocats du Mali, Ousmane B. Traor\u00e9, les Etats G\u00e9n\u00e9raux sont une d\u00e9monstration de la prise de conscience de la part des avocats. Apr\u00e8s plusieurs d\u00e9cennies, dit-il, il \u00e9tait temps de faire l\u2019\u00e9valuation du parcours et de proposer des r\u00e9ajustements et des projets pour le Barreau afin de consolider la profession. \u00ab Cela suppose que le pass\u00e9 soit connu, que les conditions d\u2019exercice, dans le cadre d\u2019une d\u00e9ontologie exemplaire, soient correctement pratiqu\u00e9es, dans la libert\u00e9 et l\u2019ind\u00e9pendance. Ces efforts doivent nous rassembler pour la s\u00e9curit\u00e9 juridique de tous \u00bb, a-t-il dit.<\/p>\n\n\n\n<p>Le b\u00e2tonnier a fait savoir que durant ces deux journ\u00e9es, des r\u00e9flexions sans complaisance, mais en toute responsabilit\u00e9, serons men\u00e9es sur des th\u00e9matiques. \u00abNous d\u00e9battrons des principes essentiels de la profession d\u2019Avocat incluant la communication et la publicit\u00e9 fonctionnelle. Nous ne devrons pas perdre de vue que la profession d\u2019avocat est une profession r\u00e9glement\u00e9e organis\u00e9e en ordre et soumise \u00e0 des r\u00e8gles professionnelles et d\u00e9ontologiques strictes. Il s\u2019agira pour nous de nous r\u00e9approprier notre d\u00e9ontologie dont tout manquement constitue, \u00e0 n\u2019en point douter, une faute. Certes nous exer\u00e7ons une profession lib\u00e9rale et ind\u00e9pendante.<\/p>\n\n\n\n<p>Cependant, la dignit\u00e9, la loyaut\u00e9, la d\u00e9licatesse, la mod\u00e9ration, la courtoisie, le d\u00e9sint\u00e9ressement, la confraternit\u00e9 et le tact sont d\u2019imp\u00e9rieux devoirs pour les porteurs de la robe noire \u00e0 33 boutons que nous sommes \u00bb, a soulign\u00e9 Ousmane B. Traor\u00e9.<\/p>\n\n\n\n<p>Pour lui, il ruiss\u00e8le en chaque avocat une rivi\u00e8re de richesse, la cl\u00e9 pour en tirer avantage r\u00e9side dans le respect des r\u00e8gles essentielles de la profession. \u00ab Nous \u00e9voquerons l\u2019historique du Barreau en termes d\u2019introspection et de fiert\u00e9. Si la Profession d\u2019Avocat a \u00e9t\u00e9 introduite au Mali sous l\u2019appellation \u201cAvocat- d\u00e9fenseur\u201d, il importe de savoir comment le m\u00e9tier s\u2019est adapt\u00e9 \u00e0 notre Soci\u00e9t\u00e9 ou inversement, de l\u2019ind\u00e9pendance \u00e0 nos jours. Nous sommes pass\u00e9s de 9 Avocats en 1960 \u00e0 305 Avocats en 2023.<\/p>\n\n\n\n<p>Le Barreau du Mali a \u00e9t\u00e9 le fer de lance du mouvement d\u00e9mocratique. Nous resterons ce Barreau citoyen qui aidera le peuple dans sa marche vers la D\u00e9mocratie \u00bb, a promis le b\u00e2tonnier.<\/p>\n\n\n\n<p>A l\u2019en croire, les avocats du Mali se r\u00e9jouissent de leur pass\u00e9 sans oublier de se pr\u00e9occuper de leur avenir. \u00abNous d\u00e9battrons la Corruption dans la Justice avec notre part de responsabilit\u00e9 bien \u00e9videmment, car il n\u2019est plus question d\u2019\u00eatre dans la langue de bois consistant \u00e0 enlever la paille dans les yeux de certains acteurs et laisser la poutre dans les n\u00f4tres. Disons les choses clairement, les maux de v\u00e9rit\u00e9 manquent d\u2019\u00e9l\u00e9gance. L\u2019avocat d\u00e9fenseur des droits de l\u2019Homme, pilier de l\u2019Etat de Droit, protecteur des libert\u00e9s et porte-parole des d\u00e9munis, d\u00e9fenseur de la veuve et de l\u2019orphelin, ne doit jamais trahir son serment en se rendant complice de qui que ce soit. A ce niveau, je ne suis point dans l\u2019autoflagellation, mais l\u2019autosatisfaction doit \u00eatre \u00e9cart\u00e9e. Face \u00e0 un tel fl\u00e9au, il faut qu\u2019une lutte implacable soit men\u00e9e dans tous les secteurs de la Justice. Cette \u00e9lite doit \u00eatre mise sur la table et martel\u00e9e avec sati\u00e9t\u00e9 \u00bb, a d\u00e9clar\u00e9 le B\u00e2tonnier de l\u2019ordre des avocats du Mali, Ousmane B. Traor\u00e9.<\/p>\n\n\n\n<p>Selon lui, la derni\u00e8re th\u00e9matique qui sera abord\u00e9e s\u2019intitule : \u00ab Etat des lieux et perspectives \u00bb. \u00ab Notre futur sera \u00e9voqu\u00e9 en termes de perspectives. Nous devrons retenir que la profession est \u00e0 la crois\u00e9e des chemins compte tenu de l\u2019internationalisation des pratiques professionnelles \u00bb, a conclu le B\u00e2tonnier de l\u2019ordre des avocats du Mali, Ousmane B. Traor\u00e9.<\/p>\n\n\n\n<p><strong>Aguibou Sogodogo<\/strong><\/p>\n\n\n\n<p><strong>Le R\u00e9publicain Mali<\/strong><\/p>\n","protected":false},"excerpt":{"rendered":"<p>L\u2019Ordre des avocats du Mali a organis\u00e9 la 1\u00e8re \u00e9dition des Etats g\u00e9n\u00e9raux du barreau du Mali. La c\u00e9r\u00e9monie d\u2019ouverture de cette rencontre de deux jours s\u2019est tenue, hier, mercredi&hellip;<\/p>\n","protected":false},"author":1,"featured_media":11755,"comment_status":"open","ping_status":"closed","sticky":false,"template":"","format":"standard","meta":{"content-type":"","_lmt_disableupdate":"","_lmt_disable":"","_jetpack_memberships_contains_paid_content":false,"footnotes":"","jetpack_publicize_message":"","jetpack_publicize_feature_enabled":true,"jetpack_social_post_already_shared":true,"jetpack_social_options":{"image_generator_settings":{"template":"highway","default_image_id":0,"font":"","enabled":false},"version":2}},"categories":[56,69,21],"tags":[],"class_list":["post-14743","post","type-post","status-publish","format-standard","has-post-thumbnail","hentry","category-justice","category-le-republicain-mali","category-societe"],"jetpack_publicize_connections":[],"featured_image_urls":{"full":"","thumbnail":"","medium":"","medium_large":"","large":"","1536x1536":"","2048x2048":"","penci-recipe-1200x1200":"","penci-recipe-1200x900":"","penci-recipe-1200x675":"","penci-single-full":"","penci-slider-full-thumb":"","penci-full-thumb":"","penci-slider-thumb":"","penci-magazine-slider":"","penci-thumb":"","penci-masonry-thumb":"","penci-thumb-square":"","penci-thumb-vertical":"","penci-thumb-small":""},"author_info":{"display_name":"Nandi","author_link":"https:\/\/nandi.info\/?author=1"},"category_info":"<a href=\"https:\/\/nandi.info\/?cat=56\" rel=\"category\">Justice<\/a> <a href=\"https:\/\/nandi.info\/?cat=69\" rel=\"category\">Le R\u00e9publicain Mali<\/a> <a href=\"https:\/\/nandi.info\/?cat=21\" rel=\"category\">Soci\u00e9t\u00e9<\/a>","tag_info":"Soci\u00e9t\u00e9","comment_count":"0","jetpack_featured_media_url":"","jetpack_sharing_enabled":true,"_links":{"self":[{"href":"https:\/\/nandi.info\/index.php?rest_route=\/wp\/v2\/posts\/14743","targetHints":{"allow":["GET"]}}],"collection":[{"href":"https:\/\/nandi.info\/index.php?rest_route=\/wp\/v2\/posts"}],"about":[{"href":"https:\/\/nandi.info\/index.php?rest_route=\/wp\/v2\/types\/post"}],"author":[{"embeddable":true,"href":"https:\/\/nandi.info\/index.php?rest_route=\/wp\/v2\/users\/1"}],"replies":[{"embeddable":true,"href":"https:\/\/nandi.info\/index.php?rest_route=%2Fwp%2Fv2%2Fcomments&post=14743"}],"version-history":[{"count":0,"href":"https:\/\/nandi.info\/index.php?rest_route=\/wp\/v2\/posts\/14743\/revisions"}],"wp:featuredmedia":[{"embeddable":true,"href":"https:\/\/nandi.info\/index.php?rest_route=\/"}],"wp:attachment":[{"href":"https:\/\/nandi.info\/index.php?rest_route=%2Fwp%2Fv2%2Fmedia&parent=14743"}],"wp:term":[{"taxonomy":"category","embeddable":true,"href":"https:\/\/nandi.info\/index.php?rest_route=%2Fwp%2Fv2%2Fcategories&post=14743"},{"taxonomy":"post_tag","embeddable":true,"href":"https:\/\/nandi.info\/index.php?rest_route=%2Fwp%2Fv2%2Ftags&post=14743"}],"curies":[{"name":"wp","href":"https:\/\/api.w.org\/{rel}","templated":true}]}}