{"id":14740,"date":"2023-07-27T13:05:32","date_gmt":"2023-07-27T11:05:32","guid":{"rendered":"https:\/\/nandi.info\/?p=14740"},"modified":"2023-07-27T13:05:32","modified_gmt":"2023-07-27T11:05:32","slug":"etats-generaux-du-barreau-du-mali-justice-et-corruption-au-centre-des-echanges","status":"publish","type":"post","link":"https:\/\/nandi.info\/?p=14740","title":{"rendered":"Etats g\u00e9n\u00e9raux du barreau du Mali : Justice et corruption au centre des \u00e9changes"},"content":{"rendered":"\n<p class=\"has-drop-cap\">L\u2019H\u00f4tel M\u00e9ridiana de Bamako (ex- Kempinsky) a abrit\u00e9, le mercredi 26 juillet 2023, la c\u00e9r\u00e9monie d\u2019ouverture des Etats G\u00e9n\u00e9raux du Barreau du Mali. Ladite c\u00e9r\u00e9monie \u00e9tait pr\u00e9sid\u00e9e par le Premier ministre, Dr. Choguel Kokalla Ma\u00efga, en pr\u00e9sence du B\u00e2tonnier de l\u2019ordre des avocats du Mali, Ousmane B. Traor\u00e9, de plusieurs \u00e9minents avocats, des membres du gouvernement, de l\u2019ensemble de la famille judiciaire et de nombreuses autres personnalit\u00e9s. Les Etats g\u00e9n\u00e9raux du barreau du Mali permettront de consolider l\u2019unit\u00e9 de la profession et de prendre en main son avenir. Les th\u00e9matiques relatives \u00e0 l\u2019historique du barreau du Mali, \u00e0 ses faits d\u2019armes, \u00e0 la justice et corruption, \u00e0 l\u2019\u00e9tat des lieux, aux perspectives de la profession d\u2019avocat, y seront d\u00e9battues sans tabou durant les deux jours de la rencontre.<\/p>\n\n\n\n<p>Dans ses mots de bienvenue, le B\u00e2tonnier de l\u2019ordre des avocats du Mali, Ousmane B. Traor\u00e9, a fait savoir que durant ces deux journ\u00e9es, des r\u00e9flexions sans complaisance, mais en toute responsabilit\u00e9, serons men\u00e9es sur des th\u00e9matiques. \u00ab Nous d\u00e9battrons des principes essentiels de la profession d\u2019Avocat. Nous ne devrons pas perdre de vue que la profession d\u2019avocat est une profession r\u00e9glement\u00e9e organis\u00e9e en ordre et soumise \u00e0 des r\u00e8gles professionnelles et d\u00e9ontologiques strictes \u00bb, a soulign\u00e9 Ousmane B. Traor\u00e9.<\/p>\n\n\n\n<p>Pour lui, il ruiss\u00e8le en chaque avocat une rivi\u00e8re de richesse, la cl\u00e9 pour en tirer avantage r\u00e9side dans le respect des r\u00e8gles essentielles de la profession. \u00ab Nous \u00e9voquerons l\u2019historique du Barreau en termes d\u2019introspection et de fiert\u00e9. Si la Profession d\u2019Avocat a \u00e9t\u00e9 introduite au Mali sous l\u2019appellation \u201cAvocat- d\u00e9fenseur\u201d, il importe de savoir comment le m\u00e9tier s\u2019est adapt\u00e9 \u00e0 notre Soci\u00e9t\u00e9 ou inversement, de l\u2019ind\u00e9pendance \u00e0 nos jours. Nous sommes pass\u00e9s de 9 Avocats en 1960 \u00e0 305 Avocats en 2023. Le Barreau du Mali a \u00e9t\u00e9 le fer de lance du mouvement d\u00e9mocratique. Nous resterons ce Barreau citoyen qui aidera le peuple dans sa marche vers la D\u00e9mocratie \u00bb, a promis le b\u00e2tonnier.<\/p>\n\n\n\n<p>A l\u2019en croire, les avocats du Mali se r\u00e9jouissent de leur pass\u00e9 sans oublier de se pr\u00e9occuper de leur avenir. \u00ab Nous d\u00e9battrons la Corruption dans la Justice avec notre part de responsabilit\u00e9 bien \u00e9videmment, car il n\u2019est plus question d\u2019\u00eatre dans la langue de bois consistant \u00e0 enlever la paille dans les yeux de certains acteurs et laisser la poutre dans les n\u00f4tres. Disons les choses clairement, les maux de v\u00e9rit\u00e9 manquent d\u2019\u00e9l\u00e9gance. L\u2019avocat d\u00e9fenseur des droits de l\u2019Homme, pilier de l\u2019Etat de Droit, protecteur des libert\u00e9s et porte-parole des d\u00e9munis, d\u00e9fenseur de la veuve et de l\u2019orphelin, ne doit jamais trahir son serment en se rendant complice de qui que ce soit.<\/p>\n\n\n\n<p>A ce niveau, je ne suis point dans l\u2019autoflagellation, mais l\u2019autosatisfaction doit \u00eatre \u00e9cart\u00e9e. Face \u00e0 un tel fl\u00e9au, il faut qu\u2019une lutte implacable soit men\u00e9e dans tous les secteurs de la Justice\u00bb, a d\u00e9clar\u00e9 le B\u00e2tonnier Ousmane B. Traor\u00e9. Selon lui, la derni\u00e8re th\u00e9matique qui sera abord\u00e9e s\u2019intitule : \u00ab Etat des lieux et perspectives \u00bb.<\/p>\n\n\n\n<p>Pour sa part, le Premier ministre, Dr. Choguel Kokalla Ma\u00efga, a remerci\u00e9 l\u2019Ordre des avocats du Mali pour cette initiative. Avant d\u2019ajouter que cette rencontre des avocats se fixe deux objectifs majeurs, \u00e0 savoir : faire l\u2019\u00e9tat des lieux sur l\u2019\u00e9volution de la profession d\u2019Avocat au Mali ; r\u00e9fl\u00e9chir sur l\u2019avenir de la profession d\u2019Avocat au Mali dans un contexte de r\u00e9gionalisation et de communautarisation. Il a indiqu\u00e9 que l\u2019Ordre des Avocats du Mali trace la voie \u00e0 suivre aux professions lib\u00e9rales et autres acteurs judiciaires pour s\u2019inscrire dans la dynamique de changement qualitatif amorc\u00e9e par les Autorit\u00e9s de la Transition pour l\u2019\u00e9dification du Mali Kura, dont l\u2019acte de naissance officielle vient d\u2019\u00eatre sign\u00e9 par le Pr\u00e9sident de la Transition, le samedi 22 juillet 2023 en promulguant la Constitution de la 4\u00e8me R\u00e9publique, issue du r\u00e9f\u00e9rendum du 18 juin 2023, lui-m\u00eame une exigence du peuple malien pendant les Assises Nationales de la Refondation (ANR). \u00ab L\u2019\u00e9mergence d\u2019une justice moderne, cr\u00e9dible et efficace, en laquelle les citoyens font confiance, passe in\u00e9luctablement par des r\u00e9formes et des innovations, mais aussi par le changement qualitatif de comportements des acteurs de la justice dans tous ses segments.<\/p>\n\n\n\n<p>En effet, la Loi n\u00b094-042 du 13 Octobre 1994 portant cr\u00e9ation et organisation de la profession d\u2019Avocat et le R\u00e8glement Int\u00e9rieur de l\u2019Ordre des Avocats en date du 17 juillet 1995, apr\u00e8s un quart de si\u00e8cle de pratique, m\u00e9ritent d\u2019\u00eatre r\u00e9examin\u00e9s pour en extirper les insuffisances, les incoh\u00e9rences et les anachronismes \u00bb, a d\u00e9clar\u00e9 Choguel K. Ma\u00efga.<\/p>\n\n\n\n<p>En tout, quatre th\u00e9matiques seront d\u00e9battues durant les deux jours de la rencontre des avocats. Il s\u2019agit de l\u2019historique du barreau du Mali ; les principes essentiels de la profession d\u2019avocat ; la justice et corruption, l\u2019\u00e9tat des lieux et perspectives de la profession d\u2019avocat.<\/p>\n\n\n\n<p><strong>Aguibou Sogodogo<\/strong><\/p>\n","protected":false},"excerpt":{"rendered":"<p>L\u2019H\u00f4tel M\u00e9ridiana de Bamako (ex- Kempinsky) a abrit\u00e9, le mercredi 26 juillet 2023, la c\u00e9r\u00e9monie d\u2019ouverture des Etats G\u00e9n\u00e9raux du Barreau du Mali. Ladite c\u00e9r\u00e9monie \u00e9tait pr\u00e9sid\u00e9e par le Premier&hellip;<\/p>\n","protected":false},"author":1,"featured_media":14741,"comment_status":"open","ping_status":"closed","sticky":false,"template":"","format":"standard","meta":{"content-type":"","_lmt_disableupdate":"","_lmt_disable":"","_jetpack_memberships_contains_paid_content":false,"footnotes":"","jetpack_publicize_message":"","jetpack_publicize_feature_enabled":true,"jetpack_social_post_already_shared":true,"jetpack_social_options":{"image_generator_settings":{"template":"highway","default_image_id":0,"font":"","enabled":false},"version":2}},"categories":[69,23],"tags":[],"class_list":["post-14740","post","type-post","status-publish","format-standard","has-post-thumbnail","hentry","category-le-republicain-mali","category-politique"],"jetpack_publicize_connections":[],"featured_image_urls":{"full":"","thumbnail":"","medium":"","medium_large":"","large":"","1536x1536":"","2048x2048":"","penci-recipe-1200x1200":"","penci-recipe-1200x900":"","penci-recipe-1200x675":"","penci-single-full":"","penci-slider-full-thumb":"","penci-full-thumb":"","penci-slider-thumb":"","penci-magazine-slider":"","penci-thumb":"","penci-masonry-thumb":"","penci-thumb-square":"","penci-thumb-vertical":"","penci-thumb-small":""},"author_info":{"display_name":"Nandi","author_link":"https:\/\/nandi.info\/?author=1"},"category_info":"<a href=\"https:\/\/nandi.info\/?cat=69\" rel=\"category\">Le R\u00e9publicain Mali<\/a> <a href=\"https:\/\/nandi.info\/?cat=23\" rel=\"category\">Politique<\/a>","tag_info":"Politique","comment_count":"0","jetpack_featured_media_url":"","jetpack_sharing_enabled":true,"_links":{"self":[{"href":"https:\/\/nandi.info\/index.php?rest_route=\/wp\/v2\/posts\/14740","targetHints":{"allow":["GET"]}}],"collection":[{"href":"https:\/\/nandi.info\/index.php?rest_route=\/wp\/v2\/posts"}],"about":[{"href":"https:\/\/nandi.info\/index.php?rest_route=\/wp\/v2\/types\/post"}],"author":[{"embeddable":true,"href":"https:\/\/nandi.info\/index.php?rest_route=\/wp\/v2\/users\/1"}],"replies":[{"embeddable":true,"href":"https:\/\/nandi.info\/index.php?rest_route=%2Fwp%2Fv2%2Fcomments&post=14740"}],"version-history":[{"count":0,"href":"https:\/\/nandi.info\/index.php?rest_route=\/wp\/v2\/posts\/14740\/revisions"}],"wp:featuredmedia":[{"embeddable":true,"href":"https:\/\/nandi.info\/index.php?rest_route=\/"}],"wp:attachment":[{"href":"https:\/\/nandi.info\/index.php?rest_route=%2Fwp%2Fv2%2Fmedia&parent=14740"}],"wp:term":[{"taxonomy":"category","embeddable":true,"href":"https:\/\/nandi.info\/index.php?rest_route=%2Fwp%2Fv2%2Fcategories&post=14740"},{"taxonomy":"post_tag","embeddable":true,"href":"https:\/\/nandi.info\/index.php?rest_route=%2Fwp%2Fv2%2Ftags&post=14740"}],"curies":[{"name":"wp","href":"https:\/\/api.w.org\/{rel}","templated":true}]}}