{"id":14735,"date":"2023-07-27T11:28:23","date_gmt":"2023-07-27T09:28:23","guid":{"rendered":"https:\/\/nandi.info\/?p=14735"},"modified":"2023-07-27T11:28:23","modified_gmt":"2023-07-27T09:28:23","slug":"promulgation-de-la-nouvelle-constitution-lopposition-vent-debout","status":"publish","type":"post","link":"https:\/\/nandi.info\/?p=14735","title":{"rendered":"Promulgation de la nouvelle constitution : L\u2019opposition vent debout"},"content":{"rendered":"\n<p><strong><em>Dans un d\u00e9cret publi\u00e9 le samedi 22 juillet dans le journal officiel, le Pr\u00e9sident de la Transition, le colonel Assimi Go\u00efta a promulgu\u00e9 la nouvelle Constitution valid\u00e9e peu apr\u00e8s par la Cour constitutionnelle. Aussit\u00f4t promulgu\u00e9e, les opposants \u00e0 cette nouvelle Constitution sont vent debout contre, appelant \u00e0 l\u2019instauration de la Constitution du 25 f\u00e9vrier 1992.<\/em><\/strong><\/p>\n\n\n\n<p class=\"has-drop-cap\">Avant de s\u2019envoler pour la cit\u00e9 des rails le dimanche pass\u00e9, le Pr\u00e9sident de la Transition a promulgu\u00e9 la nouvelle Constitution tant attendue par certains Maliens qui l\u2019ont adopt\u00e9e \u00e0 97&nbsp;% selon les r\u00e9sultats d\u00e9finitifs de la Cour constitutionnelle. Cette promulgation fait suite au verdict rendu vendredi par les neuf sages de la Cour constitutionnelle qui ont officialis\u00e9 la validit\u00e9 et la constitutionnalit\u00e9 de ladite Constitution.<\/p>\n\n\n\n<p>L\u2019opposition, dont toutes les requ\u00eates introduites, ont \u00e9t\u00e9 rejet\u00e9es par la Cour constitutionnelle est vent debout contre cette nouvelle Constitution et sa promulgation.<\/p>\n\n\n\n<p>Dans un communiqu\u00e9, la Coordination des organisations membre de&nbsp;<em>\u00ab&nbsp;L\u2019appel du 20 f\u00e9vrier pour sauver le Mali&nbsp;\u00bb<\/em>&nbsp;d\u00e9nonce l\u2019ill\u00e9galit\u00e9 du processus r\u00e9f\u00e9rendaire et interpelle sur le danger de la promulgation de la nouvelle Constitution.<\/p>\n\n\n\n<p><em>\u201d C\u2019est avec beaucoup de stupeur et de surprise que nous avons appris la validation du scrutin r\u00e9f\u00e9rendaire des 11 et 18 juin 2023, malgr\u00e9 nos requ\u00eates de r\u00e9clamations pour annulation de la proclamation des r\u00e9sultats d\u00e9finitifs. Sa promulgation est un danger, car tout le processus a \u00e9t\u00e9 men\u00e9 dans l\u2019ill\u00e9galit\u00e9 en violation de la loi et l\u2019absence de vote dans plusieurs parties du pays \u201c,&nbsp;<\/em>peut-on lire dans le communiqu\u00e9. Les membres de&nbsp;<em>\u201d L\u2019appel du 20 f\u00e9vrier pour sauver le Mali\u201d<\/em>&nbsp;appellent les autorit\u00e9s de Transition \u00e0 l\u2019instauration de la Constitution du 25 f\u00e9vrier 1992.<\/p>\n\n\n\n<p>Dans un autre communiqu\u00e9 sign\u00e9 par Ti\u00e9bil\u00e9 Dram\u00e9, le pr\u00e9sident du parti pour la Renaissance nationale (Parena) a rappel\u00e9 les germes que cette nouvelle Constitution peut entra\u00eener sur la sc\u00e8ne politique et sociale malienne.<\/p>\n\n\n\n<p><em>\u201d Depuis pr\u00e8s dix mois, le Parena a r\u00e9guli\u00e8rement attir\u00e9 l\u2019attention du peuple malien, des forces politiques et sociales, des autorit\u00e9s de Transition sur l\u2019inspiration non l\u00e9gale du projet, sur sa non-conforme \u00e0 la Constitution en vigueur, sur son essence non consensuelle et sur les germes de division des Maliens\u201d,<\/em>&nbsp;a-t-il fait savoir.<\/p>\n\n\n\n<p><strong>Ousmane Mahamane<\/strong><\/p>\n","protected":false},"excerpt":{"rendered":"<p>Dans un d\u00e9cret publi\u00e9 le samedi 22 juillet dans le journal officiel, le Pr\u00e9sident de la Transition, le colonel Assimi Go\u00efta a promulgu\u00e9 la nouvelle Constitution valid\u00e9e peu apr\u00e8s par&hellip;<\/p>\n","protected":false},"author":1,"featured_media":14738,"comment_status":"open","ping_status":"closed","sticky":false,"template":"","format":"standard","meta":{"content-type":"","_lmt_disableupdate":"","_lmt_disable":"","_jetpack_memberships_contains_paid_content":false,"footnotes":"","jetpack_publicize_message":"","jetpack_publicize_feature_enabled":true,"jetpack_social_post_already_shared":true,"jetpack_social_options":{"image_generator_settings":{"template":"highway","default_image_id":0,"font":"","enabled":false},"version":2}},"categories":[33,21],"tags":[],"class_list":["post-14735","post","type-post","status-publish","format-standard","has-post-thumbnail","hentry","category-mali-tribune","category-societe"],"jetpack_publicize_connections":[],"featured_image_urls":{"full":"","thumbnail":"","medium":"","medium_large":"","large":"","1536x1536":"","2048x2048":"","penci-recipe-1200x1200":"","penci-recipe-1200x900":"","penci-recipe-1200x675":"","penci-single-full":"","penci-slider-full-thumb":"","penci-full-thumb":"","penci-slider-thumb":"","penci-magazine-slider":"","penci-thumb":"","penci-masonry-thumb":"","penci-thumb-square":"","penci-thumb-vertical":"","penci-thumb-small":""},"author_info":{"display_name":"Nandi","author_link":"https:\/\/nandi.info\/?author=1"},"category_info":"<a href=\"https:\/\/nandi.info\/?cat=33\" rel=\"category\">Mali Tribune<\/a> <a href=\"https:\/\/nandi.info\/?cat=21\" rel=\"category\">Soci\u00e9t\u00e9<\/a>","tag_info":"Soci\u00e9t\u00e9","comment_count":"0","jetpack_featured_media_url":"","jetpack_sharing_enabled":true,"_links":{"self":[{"href":"https:\/\/nandi.info\/index.php?rest_route=\/wp\/v2\/posts\/14735","targetHints":{"allow":["GET"]}}],"collection":[{"href":"https:\/\/nandi.info\/index.php?rest_route=\/wp\/v2\/posts"}],"about":[{"href":"https:\/\/nandi.info\/index.php?rest_route=\/wp\/v2\/types\/post"}],"author":[{"embeddable":true,"href":"https:\/\/nandi.info\/index.php?rest_route=\/wp\/v2\/users\/1"}],"replies":[{"embeddable":true,"href":"https:\/\/nandi.info\/index.php?rest_route=%2Fwp%2Fv2%2Fcomments&post=14735"}],"version-history":[{"count":0,"href":"https:\/\/nandi.info\/index.php?rest_route=\/wp\/v2\/posts\/14735\/revisions"}],"wp:featuredmedia":[{"embeddable":true,"href":"https:\/\/nandi.info\/index.php?rest_route=\/"}],"wp:attachment":[{"href":"https:\/\/nandi.info\/index.php?rest_route=%2Fwp%2Fv2%2Fmedia&parent=14735"}],"wp:term":[{"taxonomy":"category","embeddable":true,"href":"https:\/\/nandi.info\/index.php?rest_route=%2Fwp%2Fv2%2Fcategories&post=14735"},{"taxonomy":"post_tag","embeddable":true,"href":"https:\/\/nandi.info\/index.php?rest_route=%2Fwp%2Fv2%2Ftags&post=14735"}],"curies":[{"name":"wp","href":"https:\/\/api.w.org\/{rel}","templated":true}]}}