{"id":14718,"date":"2023-07-25T13:18:55","date_gmt":"2023-07-25T11:18:55","guid":{"rendered":"https:\/\/nandi.info\/?p=14718"},"modified":"2023-07-25T13:18:55","modified_gmt":"2023-07-25T11:18:55","slug":"6eme-mandature-du-cesc-les-travaux-de-la-3eme-session-ordinaire-prevus-pour-ce-lundi","status":"publish","type":"post","link":"https:\/\/nandi.info\/?p=14718","title":{"rendered":"6\u00e8me mandature du CESC : les travaux de la 3\u00e8me session ordinaire pr\u00e9vus pour ce lundi"},"content":{"rendered":"\n<p><strong><em>Le si\u00e8ge du Conseil \u00e9conomique, social et culturel (CESC) abrite, ce lundi 24 juillet, les travaux de la 3<sup>\u00e8me<\/sup>&nbsp;session ordinaire de sa 6<sup>\u00e8me<\/sup>&nbsp;mandature. L\u2019\u00e9v\u00e8nement reste en cours jusqu\u2019au 28 juillet 2023. A l\u2019ordre du jour se trouve le renouvellement partiel du bureau. Les travaux se tiendront sous la houlette de Yacouba Katil\u00e9, pr\u00e9sident du CESC.<\/em><\/strong><\/p>\n\n\n\n<p class=\"has-drop-cap\">Conform\u00e9ment aux textes constitutifs du Conseil et suivant le d\u00e9cret N\u00b02023-0366\/PM-RM du 03 juillet 2023, les membres du CESC sont convi\u00e9s \u00e0 cette session ordinaire consacr\u00e9e au renouvellement partiel du bureau de l\u2019institution. La session d\u2019\u00e9lection partielle concerne les postes des 1er et 2\u00e8 secr\u00e9taires du bureau, mais \u00e9galement ceux des Pr\u00e9sidents des cinq (5) commissions, \u00e0 savoir la commission d\u00e9veloppement rural, la Commission \u00e9conomique et financi\u00e8re, la Commission science, technique et environnement, la Commission affaire sociale et Sant\u00e9, et la Commission \u00e9ducation, culture et communication. En ce qui concerne l\u2019\u00e9lection des 1ers et 2\u00e8 secr\u00e9taires, elle est pr\u00e9vue pour la journ\u00e9e de ce lundi 24 juillet 2023. Quant aux cinq (5) commissions cit\u00e9es, les diff\u00e9rents Pr\u00e9sidents et leurs rapporteurs seront \u00e9lus tout au long des travaux. Conform\u00e9ment aux dispositions de l\u2019article 112 de la constitution, le Pr\u00e9sident et le vice-Pr\u00e9sident du CESC&nbsp;sont \u00e9lus pour un mandat de cinq ans \u00e0 la faveur de la session inaugurale.<\/p>\n\n\n\n<p><strong>Aminata Diabat\u00e9, stagiaire<\/strong><\/p>\n","protected":false},"excerpt":{"rendered":"<p>Le si\u00e8ge du Conseil \u00e9conomique, social et culturel (CESC) abrite, ce lundi 24 juillet, les travaux de la 3\u00e8me&nbsp;session ordinaire de sa 6\u00e8me&nbsp;mandature. L\u2019\u00e9v\u00e8nement reste en cours jusqu\u2019au 28 juillet&hellip;<\/p>\n","protected":false},"author":1,"featured_media":7671,"comment_status":"open","ping_status":"closed","sticky":false,"template":"","format":"standard","meta":{"content-type":"","_lmt_disableupdate":"","_lmt_disable":"","_jetpack_memberships_contains_paid_content":false,"footnotes":"","jetpack_publicize_message":"","jetpack_publicize_feature_enabled":true,"jetpack_social_post_already_shared":true,"jetpack_social_options":{"image_generator_settings":{"template":"highway","default_image_id":0,"font":"","enabled":false},"version":2}},"categories":[71,21],"tags":[],"class_list":["post-14718","post","type-post","status-publish","format-standard","has-post-thumbnail","hentry","category-le-pays","category-societe"],"jetpack_publicize_connections":[],"featured_image_urls":{"full":"","thumbnail":"","medium":"","medium_large":"","large":"","1536x1536":"","2048x2048":"","penci-recipe-1200x1200":"","penci-recipe-1200x900":"","penci-recipe-1200x675":"","penci-single-full":"","penci-slider-full-thumb":"","penci-full-thumb":"","penci-slider-thumb":"","penci-magazine-slider":"","penci-thumb":"","penci-masonry-thumb":"","penci-thumb-square":"","penci-thumb-vertical":"","penci-thumb-small":""},"author_info":{"display_name":"Nandi","author_link":"https:\/\/nandi.info\/?author=1"},"category_info":"<a href=\"https:\/\/nandi.info\/?cat=71\" rel=\"category\">Le Pays<\/a> <a href=\"https:\/\/nandi.info\/?cat=21\" rel=\"category\">Soci\u00e9t\u00e9<\/a>","tag_info":"Soci\u00e9t\u00e9","comment_count":"0","jetpack_featured_media_url":"","jetpack_sharing_enabled":true,"_links":{"self":[{"href":"https:\/\/nandi.info\/index.php?rest_route=\/wp\/v2\/posts\/14718","targetHints":{"allow":["GET"]}}],"collection":[{"href":"https:\/\/nandi.info\/index.php?rest_route=\/wp\/v2\/posts"}],"about":[{"href":"https:\/\/nandi.info\/index.php?rest_route=\/wp\/v2\/types\/post"}],"author":[{"embeddable":true,"href":"https:\/\/nandi.info\/index.php?rest_route=\/wp\/v2\/users\/1"}],"replies":[{"embeddable":true,"href":"https:\/\/nandi.info\/index.php?rest_route=%2Fwp%2Fv2%2Fcomments&post=14718"}],"version-history":[{"count":0,"href":"https:\/\/nandi.info\/index.php?rest_route=\/wp\/v2\/posts\/14718\/revisions"}],"wp:featuredmedia":[{"embeddable":true,"href":"https:\/\/nandi.info\/index.php?rest_route=\/"}],"wp:attachment":[{"href":"https:\/\/nandi.info\/index.php?rest_route=%2Fwp%2Fv2%2Fmedia&parent=14718"}],"wp:term":[{"taxonomy":"category","embeddable":true,"href":"https:\/\/nandi.info\/index.php?rest_route=%2Fwp%2Fv2%2Fcategories&post=14718"},{"taxonomy":"post_tag","embeddable":true,"href":"https:\/\/nandi.info\/index.php?rest_route=%2Fwp%2Fv2%2Ftags&post=14718"}],"curies":[{"name":"wp","href":"https:\/\/api.w.org\/{rel}","templated":true}]}}