{"id":14707,"date":"2023-07-25T11:54:46","date_gmt":"2023-07-25T09:54:46","guid":{"rendered":"https:\/\/nandi.info\/?p=14707"},"modified":"2023-07-25T11:54:46","modified_gmt":"2023-07-25T09:54:46","slug":"mme-drame-kadiatou-konare-distinguee-pour-ses-efforts-dans-le-monde-des-arts-et-des-lettres","status":"publish","type":"post","link":"https:\/\/nandi.info\/?p=14707","title":{"rendered":"Mme Dram\u00e9 Kadiatou Konar\u00e9 distingu\u00e9e pour ses efforts dans le monde des Arts et des Lettres"},"content":{"rendered":"\n<p class=\"has-drop-cap\">L\u2019ancienne ministre de la Culture, de l\u2019Artisanat et du Tourisme du Mali, non moins Consule honoraire d\u2019Haiti et directrice de Cauris \u00e9dition, Mme Dram\u00e9 Kadiatou Konar\u00e9 a \u00e9t\u00e9 honor\u00e9e par l\u2019ambassade de France au Mali pour ces efforts dans le monde des Arts et des Lettres. Ainsi, elle a \u00e9t\u00e9 decor\u00e9e de la m\u00e9daille d\u2019officier des arts et des lettres. Cette distinction lui a \u00e9t\u00e9 remise par le charg\u00e9 d\u2019Affaire permanent de l\u2019ambassade de France au Mali, Monsieur Marc Didio. Le R\u00e9publicain publie le discours prononc\u00e9, \u00e0 cette occasion par le recipiendaire.<\/p>\n\n\n\n<p><strong>Distingues invit\u00e9s<\/strong><\/p>\n\n\n\n<p>Je suis honor\u00e9e de recevoir cette m\u00e9daille d\u2019officier des arts et des lettres des mains du charg\u00e9 d\u2019Affaire permanent de l\u2019ambassade de France au Mali, Monsieur Marc Didio. Je tiens \u00e0 vous t\u00e9moigner ma gratitude et \u00e0 exprimer mes remerciements \u00e0 vous tous ici pr\u00e9sents : la famille, les amis et tous ceux des arts et des lettres.C\u2019est l\u2019occasion et permettez-le moi, de rendre hommage \u00e0 mes parents qui ont fait des arts, de la culture, des lettres, les leviers incontournables de mon \u00e9ducation. Tr\u00e8s t\u00f4t, on m\u2019a inculqu\u00e9 l\u2019amour et le respect des \u00e9crivains, des musiciens, des cin\u00e9astes, des artisans, tous ces cr\u00e9ateurs et gens de lettres qui constituent les \u00e9l\u00e9ments les plus r\u00e9ceptifs, les plus ouverts de la soci\u00e9t\u00e9, ceux-l\u00e0 m\u00eames qui sont en veille permanente, boussoles de nos existences fragiles d\u2019homme et de femme en qu\u00eate de s\u00e9r\u00e9nit\u00e9, d\u2019\u00e9quilibre, de compassion. Le bureau-biblioth\u00e8que d\u2019une m\u00e8re historienne, passionn\u00e9e d\u2019\u00e9criture et sensible \u00e0 la beaut\u00e9 et \u00e0 l\u2019environnement ; d\u2019un p\u00e8re arch\u00e9ologue, f\u00e9ru de mus\u00e9es, d\u2019\u0153uvres d\u2019art et de livres, a \u00e9t\u00e9 le quartier g\u00e9n\u00e9ral de mon enfance.Le livre, parlons-en ! Car cette m\u00e9daille et je cite Google, est une \u00ab d\u00e9coration honorifique fran\u00e7aise pour des personnes qui se sont distingu\u00e9es par leur cr\u00e9ation dans le domaine artistique ou litt\u00e9raire ou par la contribution qu\u2019elles ont apport\u00e9e au rayonnement des arts et des lettres en France et dans le monde \u00bb, cette m\u00e9daille donc, je ne peux que la placer au c\u0153ur du travail qui est le mien depuis 25 ans : mon travail d\u2019\u00e9diteur, mon engagement au service du livre et de l\u2019\u00e9crit.Et c\u2019est la preuve chers confr\u00e8res que notre travail d\u2019\u00e9diteur, un travail de passion et d\u2019abn\u00e9gation, un travail m\u00e9ticuleux, d\u2019effort et de g\u00e9n\u00e9rosit\u00e9 est donc scrut\u00e9, observ\u00e9 et mis en lumi\u00e8re par des esprits attentifs au devenir harmonieux de notre monde. Un instant comme celui-ci vient panser nos moments de doute, d\u2019angoisse, d\u2019incertitude, ces moments que nous partageons dans l\u2019intimit\u00e9 de nos bureaux avec des auteurs, des relecteurs, des maquettistes.Je dois tant \u00e0 ce m\u00e9tier ! Je lui dois des rencontres exceptionnelles, des rencontres d\u2019une vie comme celle avec Aim\u00e9 C\u00e9saire \u00e0 la Martinique, il y a 20 ans. Partie pour l\u2019interviewer dans le cadre d\u2019un livre hommage, je rentrais \u00e0 Paris, boulevers\u00e9e par ce rendez-vous avec le destin. Au soir de sa vie, il avait op\u00e9r\u00e9 en moi un \u00e9veil de conscience : les Am\u00e9riques, les Cara\u00efbes, ceux des Am\u00e9riques et des Cara\u00efbes, ces Africains transplant\u00e9s pour paraphraser Aim\u00e9 C\u00e9saire devenaient d\u00e9sormais des compagnons deroute ! Aujourd\u2019hui consule honoraire d\u2019Ha\u00efti, je souris, car je sais le devoir \u00e0 cette rencontre ! Une pens\u00e9e \u00e9mue pour cette terre d\u2019Ha\u00efti, terre de culture, patrie de tant et de tant d\u2019hommes et de femmes de lettres, d\u2019artistes. Puisse Ha\u00efti, perle des Antilles se relever de ses douleurs ! Toutes les destinations professionnelles auxquelles je suis arriv\u00e9e, c\u2019est en partie gr\u00e2ce \u00e0 ce m\u00e9tier notamment celle de ministre de la Culture, de l\u2019Artisanat et du Tourisme du Mali. Parce que les livres ont davantage ouvert mes yeux sur l\u2019immensit\u00e9 cr\u00e9ative du Mali \u00e0 travers la publication d\u2019un guide touristique et culturel Le Mali des talents : visite guid\u00e9e dans un pays riche de ses traditions, de ses sites, de ses monuments mais un pays captivant par ses cr\u00e9ateurs, ses artisans, ses musiciens, ses \u00e9crivains , ses cin\u00e9astes, ses photographes, ses couturiers, ses coiffeurs, ses potiers, ses tapissiers, ses tisserands. Le Mali si riche ! Le Mali riche de Amadou Hampat\u00e9, de Massa Makan, de Moussa Konat\u00e9, de Oumou sangar\u00e9, de Karkar, de Ali Farka, de Cheick Tidiane , de Habib Guiba, de Souleymane Ciss\u00e9, de Cheick Oumar Sissoko, de Abdoulaye Konat\u00e9, de Aboubakar Fofana, des deux Fanta Damba, de Rokia Traor\u00e9, de Aira Arby, des Super Biton, des Tinariwen, des Kanaga et de tous les autres !Ce premier titre d\u2019une maison d\u2019\u00e9dition n\u00e9e \u00e0 Paris et aujourd\u2019hui install\u00e9e \u00e0 Bamako fut d\u2019une r\u00e9sonnance forte. Ce soir, en recevant cette distinction, je r\u00e9alise combien ce m\u00e9tier est un m\u00e9tier passerelle. Et je loue la France, terre de culture, qui en d\u00e9cernant ses m\u00e9dailles \u00e0 des citoyens de diverses contr\u00e9es prouve \u00e0 suffisance que les arts et les lettres sont d\u2019une port\u00e9e universelle. Cette distinction par-del\u00e0 les fronti\u00e8res est une invitation \u00e0 c\u00e9l\u00e9brer la solidarit\u00e9, l\u2019amiti\u00e9, la fraternit\u00e9 entre les peuples !Pour conclure et tout en renouvelant mes remerciements, \u00e0 vous Monsieur le charg\u00e9 d\u2019Affaire et \u00e0 vous tous ici pr\u00e9sents, je d\u00e9die cette m\u00e9daille aux rencontres de nos vies : des livres magnifiques qui nous tiennent \u00e9veill\u00e9s tout une nuit aux \u00eatres d\u2019exception crois\u00e9s qui ont chang\u00e9 le cours de nos destin\u00e9es.<\/p>\n\n\n\n<p>Je vous remercie<\/p>\n\n\n\n<p>Mme Dram\u00e9 Kadiatou Konar\u00e9, ancienne ministre<\/p>\n\n\n\n<p>de la Culture artisanat et du Tourisme<\/p>\n\n\n\n<p><\/p>\n","protected":false},"excerpt":{"rendered":"<p>L\u2019ancienne ministre de la Culture, de l\u2019Artisanat et du Tourisme du Mali, non moins Consule honoraire d\u2019Haiti et directrice de Cauris \u00e9dition, Mme Dram\u00e9 Kadiatou Konar\u00e9 a \u00e9t\u00e9 honor\u00e9e par&hellip;<\/p>\n","protected":false},"author":1,"featured_media":14711,"comment_status":"open","ping_status":"closed","sticky":false,"template":"","format":"standard","meta":{"content-type":"","_lmt_disableupdate":"","_lmt_disable":"","_jetpack_memberships_contains_paid_content":false,"footnotes":"","jetpack_publicize_message":"","jetpack_publicize_feature_enabled":true,"jetpack_social_post_already_shared":true,"jetpack_social_options":{"image_generator_settings":{"template":"highway","default_image_id":0,"font":"","enabled":false},"version":2}},"categories":[69,32],"tags":[],"class_list":["post-14707","post","type-post","status-publish","format-standard","has-post-thumbnail","hentry","category-le-republicain-mali","category-musique-art-et-culture"],"jetpack_publicize_connections":[],"featured_image_urls":{"full":"","thumbnail":"","medium":"","medium_large":"","large":"","1536x1536":"","2048x2048":"","penci-recipe-1200x1200":"","penci-recipe-1200x900":"","penci-recipe-1200x675":"","penci-single-full":"","penci-slider-full-thumb":"","penci-full-thumb":"","penci-slider-thumb":"","penci-magazine-slider":"","penci-thumb":"","penci-masonry-thumb":"","penci-thumb-square":"","penci-thumb-vertical":"","penci-thumb-small":""},"author_info":{"display_name":"Nandi","author_link":"https:\/\/nandi.info\/?author=1"},"category_info":"<a href=\"https:\/\/nandi.info\/?cat=69\" rel=\"category\">Le R\u00e9publicain Mali<\/a> <a href=\"https:\/\/nandi.info\/?cat=32\" rel=\"category\">Musique Art et Culture<\/a>","tag_info":"Musique Art et Culture","comment_count":"0","jetpack_featured_media_url":"","jetpack_sharing_enabled":true,"_links":{"self":[{"href":"https:\/\/nandi.info\/index.php?rest_route=\/wp\/v2\/posts\/14707","targetHints":{"allow":["GET"]}}],"collection":[{"href":"https:\/\/nandi.info\/index.php?rest_route=\/wp\/v2\/posts"}],"about":[{"href":"https:\/\/nandi.info\/index.php?rest_route=\/wp\/v2\/types\/post"}],"author":[{"embeddable":true,"href":"https:\/\/nandi.info\/index.php?rest_route=\/wp\/v2\/users\/1"}],"replies":[{"embeddable":true,"href":"https:\/\/nandi.info\/index.php?rest_route=%2Fwp%2Fv2%2Fcomments&post=14707"}],"version-history":[{"count":0,"href":"https:\/\/nandi.info\/index.php?rest_route=\/wp\/v2\/posts\/14707\/revisions"}],"wp:featuredmedia":[{"embeddable":true,"href":"https:\/\/nandi.info\/index.php?rest_route=\/"}],"wp:attachment":[{"href":"https:\/\/nandi.info\/index.php?rest_route=%2Fwp%2Fv2%2Fmedia&parent=14707"}],"wp:term":[{"taxonomy":"category","embeddable":true,"href":"https:\/\/nandi.info\/index.php?rest_route=%2Fwp%2Fv2%2Fcategories&post=14707"},{"taxonomy":"post_tag","embeddable":true,"href":"https:\/\/nandi.info\/index.php?rest_route=%2Fwp%2Fv2%2Ftags&post=14707"}],"curies":[{"name":"wp","href":"https:\/\/api.w.org\/{rel}","templated":true}]}}