{"id":14704,"date":"2023-07-25T11:41:41","date_gmt":"2023-07-25T09:41:41","guid":{"rendered":"https:\/\/nandi.info\/?p=14704"},"modified":"2023-07-25T11:41:41","modified_gmt":"2023-07-25T09:41:41","slug":"apres-la-proclamation-des-resultats-definitifs-du-referendum-constitutionnel-le-parena-attire-lattention-sur-les-germes-de-division-des-maliens-dinstabilite-et-de-crise-con","status":"publish","type":"post","link":"https:\/\/nandi.info\/?p=14704","title":{"rendered":"Apr\u00e8s la proclamation des r\u00e9sultats d\u00e9finitifs du r\u00e9f\u00e9rendum constitutionnel : Le PARENA attire l\u2019attention sur \u00ab les germes de division des Maliens, d\u2019instabilit\u00e9 et de crise contenues dans la constitution valid\u00e9e \u00bb"},"content":{"rendered":"\n<p class=\"has-drop-cap\">Dans un communiqu\u00e9 rendu public, le samedi 22 juillet 2023, le Parti pour la renaissance nationale (PARENA), pr\u00e9sid\u00e9 par Ti\u00e9bil\u00e9 Dram\u00e9, ancien ministre des affaires \u00e9trang\u00e8res et de la coop\u00e9ration internationale, a attir\u00e9 l\u2019attention du peuple malien, des forces politiques et sociales, des autorit\u00e9s de transition \u00ab sur l\u2019inspiration non l\u00e9gale du projet, sur sa nature non conforme \u00e0 la constitution en vigueur, sur son essence non consensuelle et sur les germes de division des Maliens, d\u2019instabilit\u00e9 et de crise contenues dans la constitution valid\u00e9e\u00bb.<\/p>\n\n\n\n<p>Le Parti pour la renaissance nationale (PARENA) indique que la Cour Constitutionnelle a valid\u00e9, le vendredi 21 juillet 2023, la nouvelle constitution. \u00ab Depuis pr\u00e8s de dix mois, Le PARENA a r\u00e9guli\u00e8rement attir\u00e9 l\u2019attention du peuple malien, des forces politiques et sociales, des autorit\u00e9s de transition sur l\u2019 inspiration non l\u00e9gale du projet, sur sa nature non conforme \u00e0 la constitution en vigueur, sur son essence non consensuelle et sur les germes de division des Maliens, d\u2019instabilit\u00e9 et de crise contenues dans la constitution valid\u00e9e. C\u2019est le lieu et le moment de saluer tous les acteurs politiques et de la soci\u00e9t\u00e9 civile ainsi que les leaders d\u2019opinion qui ont men\u00e9 un combat digne d\u2019\u00e9loges afin que le projet soit rejet\u00e9 par les Maliens \u00bb, r\u00e9v\u00e8le le communiqu\u00e9 du PARENA sous la plume de son pr\u00e9sident, Ti\u00e9bil\u00e9 Dram\u00e9.<\/p>\n\n\n\n<p>Par ailleurs, le PARENA salue l\u2019engagement, le courage, la d\u00e9termination, l\u2019opini\u00e2tret\u00e9 des militants et responsables du Front contre le projet de constitution, et de toutes les associations et personnalit\u00e9s qui se sont engag\u00e9es dans ce combat. \u00ab Ils ont ainsi \u00e9crit une nouvelle belle page de la lutte de notre peuple pour la dignit\u00e9 nationale, pour un Mali d\u00e9mocratique, en paix, dans la stabilit\u00e9 et dans la diversit\u00e9 de la Nation \u00bb, pr\u00e9cise le communiqu\u00e9 du Comit\u00e9 Directeur du PARENA.<\/p>\n\n\n\n<p><strong>Aguibou Sogodogo<\/strong><\/p>\n","protected":false},"excerpt":{"rendered":"<p>Dans un communiqu\u00e9 rendu public, le samedi 22 juillet 2023, le Parti pour la renaissance nationale (PARENA), pr\u00e9sid\u00e9 par Ti\u00e9bil\u00e9 Dram\u00e9, ancien ministre des affaires \u00e9trang\u00e8res et de la coop\u00e9ration&hellip;<\/p>\n","protected":false},"author":1,"featured_media":14708,"comment_status":"open","ping_status":"closed","sticky":false,"template":"","format":"standard","meta":{"content-type":"","_lmt_disableupdate":"","_lmt_disable":"","_jetpack_memberships_contains_paid_content":false,"footnotes":"","jetpack_publicize_message":"","jetpack_publicize_feature_enabled":true,"jetpack_social_post_already_shared":true,"jetpack_social_options":{"image_generator_settings":{"template":"highway","default_image_id":0,"font":"","enabled":false},"version":2}},"categories":[69,23],"tags":[],"class_list":["post-14704","post","type-post","status-publish","format-standard","has-post-thumbnail","hentry","category-le-republicain-mali","category-politique"],"jetpack_publicize_connections":[],"featured_image_urls":{"full":"","thumbnail":"","medium":"","medium_large":"","large":"","1536x1536":"","2048x2048":"","penci-recipe-1200x1200":"","penci-recipe-1200x900":"","penci-recipe-1200x675":"","penci-single-full":"","penci-slider-full-thumb":"","penci-full-thumb":"","penci-slider-thumb":"","penci-magazine-slider":"","penci-thumb":"","penci-masonry-thumb":"","penci-thumb-square":"","penci-thumb-vertical":"","penci-thumb-small":""},"author_info":{"display_name":"Nandi","author_link":"https:\/\/nandi.info\/?author=1"},"category_info":"<a href=\"https:\/\/nandi.info\/?cat=69\" rel=\"category\">Le R\u00e9publicain Mali<\/a> <a href=\"https:\/\/nandi.info\/?cat=23\" rel=\"category\">Politique<\/a>","tag_info":"Politique","comment_count":"0","jetpack_featured_media_url":"","jetpack_sharing_enabled":true,"_links":{"self":[{"href":"https:\/\/nandi.info\/index.php?rest_route=\/wp\/v2\/posts\/14704","targetHints":{"allow":["GET"]}}],"collection":[{"href":"https:\/\/nandi.info\/index.php?rest_route=\/wp\/v2\/posts"}],"about":[{"href":"https:\/\/nandi.info\/index.php?rest_route=\/wp\/v2\/types\/post"}],"author":[{"embeddable":true,"href":"https:\/\/nandi.info\/index.php?rest_route=\/wp\/v2\/users\/1"}],"replies":[{"embeddable":true,"href":"https:\/\/nandi.info\/index.php?rest_route=%2Fwp%2Fv2%2Fcomments&post=14704"}],"version-history":[{"count":0,"href":"https:\/\/nandi.info\/index.php?rest_route=\/wp\/v2\/posts\/14704\/revisions"}],"wp:featuredmedia":[{"embeddable":true,"href":"https:\/\/nandi.info\/index.php?rest_route=\/"}],"wp:attachment":[{"href":"https:\/\/nandi.info\/index.php?rest_route=%2Fwp%2Fv2%2Fmedia&parent=14704"}],"wp:term":[{"taxonomy":"category","embeddable":true,"href":"https:\/\/nandi.info\/index.php?rest_route=%2Fwp%2Fv2%2Fcategories&post=14704"},{"taxonomy":"post_tag","embeddable":true,"href":"https:\/\/nandi.info\/index.php?rest_route=%2Fwp%2Fv2%2Ftags&post=14704"}],"curies":[{"name":"wp","href":"https:\/\/api.w.org\/{rel}","templated":true}]}}