{"id":14673,"date":"2023-07-24T13:33:40","date_gmt":"2023-07-24T11:33:40","guid":{"rendered":"https:\/\/nandi.info\/?p=14673"},"modified":"2023-07-24T13:33:40","modified_gmt":"2023-07-24T11:33:40","slug":"modernisation-des-infrastructures-des-fama-la-mutuelle-garde-dotee-dun-edifice-de-haut-standing","status":"publish","type":"post","link":"https:\/\/nandi.info\/?p=14673","title":{"rendered":"Modernisation des infrastructures des FAMa\u00a0: La Mutuelle-Garde dot\u00e9e d\u2019un \u00e9difice de haut standing\u00a0!"},"content":{"rendered":"\n<p><strong><em>Il est compos\u00e9 d\u2019une Salle Polyvalente \u00e9quip\u00e9e avec une capacit\u00e9 de 400 places, des bureaux, un Salon VIP, un local technique, une Centrale d\u2019achat, une boutique de vente d\u2019effets militaires et un Guichet automatique de la BDM-SA. Il s\u2019agit du si\u00e8ge et de la Salle Polyvalente de la MU-Garde dont la c\u00e9r\u00e9monie d\u2019inauguration a eu lieu le Mardi 18 juillet dernier \u00e0 la Place d\u2019Armes de l\u2019Etat-major de la Garde Nationale sous le parrainage du Ministre de la D\u00e9fense et des Anciens Combattants, le Colonel Sadio Camara.<\/em><\/strong><\/p>\n\n\n\n<p class=\"has-drop-cap\">Outre le Colonel Camara, y ont pris part \u00e0 cette c\u00e9r\u00e9monie le Chef d\u2019Etat-major G\u00e9n\u00e9ral Adjoint des Arm\u00e9es, le G\u00e9n\u00e9ral de Brigade Ousmane W\u00e9l\u00e9, le Chef d\u2019Etat-major de la Garde National, le Colonel Famouk\u00e9 Camara et le Pr\u00e9sident du Conseil d\u2019Administration de la Mutuelle de la Garde Nationale du Mali, Lieutenant-Colonel, Alhousseyni Ba. Tout cela et devant des Autorit\u00e9s militaires et des Anciens Chefs d\u2019Etat-major de la Garde Nationale du Mali.<\/p>\n\n\n\n<p>C\u2019est \u00e0 16h00&nbsp; que le Ministre de la D\u00e9fense et des Anciens Combattants, le Colonel Sadio Camara a fait son apparition&nbsp; sur la place d\u2019armes de la Garde nationale du Mali. Premier acte, la revue des Troupes avant de s\u2019y installer.<\/p>\n\n\n\n<p><strong>La concr\u00e9tisation d\u2019une ambition noble&nbsp;!<\/strong><\/p>\n\n\n\n<p>&nbsp;Apr\u00e8s lecture du programme de l\u2019\u00e9v\u00e8nement par le maitre de c\u00e9r\u00e9monie, l\u2019honneur est revenu au Pr\u00e9sident du Conseil d\u2019Administration de la Mutuelle-Garde Nationale du Mali, Lieutenant-Colonel, Alhousseyni Ba de prononcer son allocution.<\/p>\n\n\n\n<p>Avant tout propos, il dira que cette c\u00e9r\u00e9monie est la concr\u00e9tisation de l\u2019ambition noble de toute la famille de la Garde Nationale, il y a 10 mois de cela. Celle de doter sa mutuelle d\u2019un si\u00e8ge ad\u00e9quat. Une ambition traduite en r\u00e9alit\u00e9, affirme le Lieutenant-Colonel Alhousseyni Ba, car&nbsp; le b\u00e2timent flambant neuf est bien pr\u00eat maintenant.<\/p>\n\n\n\n<p>\u00ab&nbsp;Il s\u2019y trouve une salle Polyvalente enti\u00e8rement \u00e9quip\u00e9e avec une capacit\u00e9 de 400 places, des bureaux, un Salon VIP, un local technique, une centrale d\u2019achat, une boutique de vente d\u2019effets militaires&nbsp; et un Guichet Automatique de Billet de la Banque de D\u00e9veloppement du Mali (BDM-SA)&nbsp;\u00bb a-t-il d\u00e9velopp\u00e9.<\/p>\n\n\n\n<p>Il poursuit que la structuration de ce joyau architectural qui est b\u00e2ti sur une superficie de 564m2, change de fa\u00e7on radicale le reflet de l\u2019Etat-major de la Garde Nationale du Mali, s\u2019imposant d\u00e9sormais comme une vitrine la propulsant dans la modernit\u00e9. Que son co\u00fbt de r\u00e9alisation est de 523 Millions 030.492 FCFA.<\/p>\n\n\n\n<p><strong>Un \u00e9difice de haut standing<\/strong><\/p>\n\n\n\n<p>Qu\u2019il s\u2019agit d\u2019un b\u00e2timent futuriste respectant \u00e0 la fois les normes de s\u00e9curit\u00e9 et le souci d\u2019offrir un design digne d\u2019\u00e9difice intelligent inspir\u00e9 \u00e9galement des traits caract\u00e9ristiques des constructions soudano-sah\u00e9liennes. En plus de ces particularit\u00e9s, dit-il, cet \u00e9difie offre aux soldats, aux sous-officiers, aux retrait\u00e9s et \u00e0 leurs familles respectives, un meilleur cadre de d\u00e9tente et des services bancaires plus s\u00e9curis\u00e9s avec une c\u00e9l\u00e9rit\u00e9 dans le traitement des op\u00e9rations de retrait et de consultation des soldes bancaires. Pour le PCA de la MU-Garde, ce b\u00e2timent contribuera \u00e0 am\u00e9liorer le cadre de travail des membres de la mutuelle tout en offrant tant la possibilit\u00e9 d\u2019h\u00e9berger des s\u00e9minaires, des ateliers, des s\u00e9ances de formations et d\u2019autres activit\u00e9s qui feront de la Garde Nationale une destination incontournable.<\/p>\n\n\n\n<p>\u00ab&nbsp;Ce projet est le fruit de la volont\u00e9 exprim\u00e9e par l\u2019ensemble des Gardes r\u00e9unis en Assembl\u00e9e G\u00e9n\u00e9rale extraordinaire du 19 juillet 2022, actant ainsi l\u2019adh\u00e9sion de tous pour la construction de ce b\u00e2timent dont nous avons l\u2019immense plaisir d\u2019inaugurer ce jour 18 Juillet 2023&nbsp;\u00bb a d\u00e9clar\u00e9 le Lieutenant-colonel Ba. Qui n\u2019a point manqu\u00e9 de remercier le Chef d\u2019Etat-major de la Garde Nationale, le Colonel Famouk\u00e9 Camara pour avoir pers\u00e9v\u00e9r\u00e9 dans la m\u00eame dynamique que son pr\u00e9d\u00e9cesseur le G\u00e9n\u00e9ral de Brigade Elys\u00e9e Jean Dao, actuel Ambassadeur du Mali \u00e0 Libreville (Gabon).<\/p>\n\n\n\n<p>Le CEM-GNM, le Colonel Famouk\u00e8 Camara avant d\u2019entamer son propos, a fait observer une minute de silence \u00e0 la m\u00e9moire des vaillants soldats tomb\u00e9s sur le champ d\u2019honneur. Ainsi, il a centr\u00e9 son allocution par des hommages m\u00e9rit\u00e9s aux diff\u00e9rents Pr\u00e9sidents de la Mutuelle de la Garde Nationale de 1992 \u00e0 nos jours. A savoir&nbsp;: Feu Commandant Harouna Bagayogo (1<sup>er<\/sup> Pr\u00e9sident de la Mutuelle Garde), le Colonel \u00e0 la retraite Boureima Konat\u00e9 (aujourd\u2019hui Pr\u00e9sident des Anciens Gardes), le Colonel Sadio Camara, Ministre de la D\u00e9fense et des Anciens Combattants et le Lieutenant-Colonel Alhousseyni Ba, pr\u00e9sident en exercice. \u00ab&nbsp;Qu\u2019ils trouvent ici toute la reconnaissance de la Garde Nationale du Mali pour les efforts directs ou indirects consentis dans le cadre de la concr\u00e9tisation dudit projet&nbsp;\u00bb a-t-il affirm\u00e9.<\/p>\n\n\n\n<p>En mettant l\u2019\u00e9v\u00e8nement dans son r\u00e9el contexte, le Colonel Camara a indiqu\u00e9 que la r\u00e9alisation du si\u00e8ge de la Mutuelle-Garde entre dans le cadre de la dynamique de la modernisation et la solidarit\u00e9 enclench\u00e9e par les plus Hautes Autorit\u00e9s du pays en vue de l\u2019am\u00e9lioration des conditions de vie et de travail des militaires et leurs ayants droits. Avant de mettre terme \u00e0 son propos, il a pr\u00e9sent\u00e9 sa gratitude au Ministre de la S\u00e9curit\u00e9 et de la Protection Civile, le G\u00e9n\u00e9ral de Brigade Daoud Ould Mohamedoun, \u00e0 son pr\u00e9d\u00e9cesseur,&nbsp; le G\u00e9n\u00e9ral de Brigade Elis\u00e9e Jean Dao et &nbsp;aux partenaires.<\/p>\n\n\n\n<p><strong>Un b\u00e2timent enti\u00e8rement financ\u00e9 sur&nbsp; fonds propres&nbsp;!<\/strong><\/p>\n\n\n\n<p>\u00ab&nbsp;C\u2019est avec un plaisir et une fiert\u00e9 que je viens pr\u00e9sider l\u2019inauguration du Si\u00e8ge de la Mutuelle de la Garde Nationale en ma tripe qualit\u00e9 de Ministre de la D\u00e9fense et des Anciens Combattants, de Garde tout court et d\u2019ancien pr\u00e9sident du Conseil d\u2019Administration de la MU-Garde&nbsp;\u00bb c\u2019est par ces mots que le Colonel Sadio Camara a plant\u00e9 le d\u00e9cor. Avant de r\u00e9v\u00e9ler que ce joyau architectural est enti\u00e8rement construit sur les fonds propres de la MU-Garde avec le concours de la BDM.SA. C\u2019est pourquoi, il estime que son inauguration m\u00e9rite amplement cette belle c\u00e9r\u00e9monie. Une occasion, selon le Ministre Camara, de c\u00e9l\u00e9brer les valeurs de discipline et de la coh\u00e9sion qui sont importantes pour toute Arm\u00e9e efficace. Selon lui, les Forces Arm\u00e9es Maliennes, \u00e0 l\u2019instar de la Soci\u00e9t\u00e9 dont elles sont issues, accordent une grande importante \u00e0 la solidarit\u00e9 et \u00e0 l\u2019entraide. Une vertu, \u00e0 laquelle la Garde Nationale du Mali ne s\u2019y d\u00e9roge pas. Car, dira le Colonel Sadio Camara, ceci sont des principes inscrits dans leurs g\u00e8nes et transmissent par leurs ain\u00e9s au fil des g\u00e9n\u00e9rations. Conform\u00e9ment \u00e0 la vision du Chef de l\u2019Etat, Colonel Assimi Go\u00efta, le Ministre Camara a promis qu\u2019ils travailleront davantage \u00e0 renforcer la coh\u00e9sion et l\u2019entraide entre fr\u00e8res d\u2019armes.<\/p>\n\n\n\n<p>A noter qu\u2019au cours de cette c\u00e9r\u00e9monie des attestions de reconnaissance ont \u00e9t\u00e9 d\u00e9cern\u00e9es entre autres, au Ministre de la S\u00e9curit\u00e9 et de la Protection Civile, \u00e0 celui de la D\u00e9fense et des Anciens Combattants, au CEM-GNM, \u00e0 l\u2019ancien CEM-GNM, le G\u00e9n\u00e9ral de Brigade Elys\u00e9e Jean Dao et \u00e0 des Anciens Gardes.<\/p>\n\n\n\n<p>Apr\u00e8s la coupure de ruban et la visite guid\u00e9e du si\u00e8ge de la MU-Garde et de la Salle Polyvalente, un cocktail a mis fin \u00e0 l\u2019\u00e9v\u00e8nement.<\/p>\n\n\n\n<p><strong>Par Mariam Sissoko<\/strong><\/p>\n\n\n\n<p><strong>Le Sursaut<\/strong><\/p>\n","protected":false},"excerpt":{"rendered":"<p>Il est compos\u00e9 d\u2019une Salle Polyvalente \u00e9quip\u00e9e avec une capacit\u00e9 de 400 places, des bureaux, un Salon VIP, un local technique, une Centrale d\u2019achat, une boutique de vente d\u2019effets militaires&hellip;<\/p>\n","protected":false},"author":1,"featured_media":14674,"comment_status":"open","ping_status":"closed","sticky":false,"template":"","format":"standard","meta":{"content-type":"","_lmt_disableupdate":"","_lmt_disable":"","_jetpack_memberships_contains_paid_content":false,"footnotes":"","jetpack_publicize_message":"","jetpack_publicize_feature_enabled":true,"jetpack_social_post_already_shared":true,"jetpack_social_options":{"image_generator_settings":{"template":"highway","default_image_id":0,"font":"","enabled":false},"version":2}},"categories":[65,67,21],"tags":[],"class_list":["post-14673","post","type-post","status-publish","format-standard","has-post-thumbnail","hentry","category-armee","category-le-sursaut","category-societe"],"jetpack_publicize_connections":[],"featured_image_urls":{"full":"","thumbnail":"","medium":"","medium_large":"","large":"","1536x1536":"","2048x2048":"","penci-recipe-1200x1200":"","penci-recipe-1200x900":"","penci-recipe-1200x675":"","penci-single-full":"","penci-slider-full-thumb":"","penci-full-thumb":"","penci-slider-thumb":"","penci-magazine-slider":"","penci-thumb":"","penci-masonry-thumb":"","penci-thumb-square":"","penci-thumb-vertical":"","penci-thumb-small":""},"author_info":{"display_name":"Nandi","author_link":"https:\/\/nandi.info\/?author=1"},"category_info":"<a href=\"https:\/\/nandi.info\/?cat=65\" rel=\"category\">Arm\u00e9e<\/a> <a href=\"https:\/\/nandi.info\/?cat=67\" rel=\"category\">Le Sursaut<\/a> <a href=\"https:\/\/nandi.info\/?cat=21\" rel=\"category\">Soci\u00e9t\u00e9<\/a>","tag_info":"Soci\u00e9t\u00e9","comment_count":"0","jetpack_featured_media_url":"","jetpack_sharing_enabled":true,"_links":{"self":[{"href":"https:\/\/nandi.info\/index.php?rest_route=\/wp\/v2\/posts\/14673","targetHints":{"allow":["GET"]}}],"collection":[{"href":"https:\/\/nandi.info\/index.php?rest_route=\/wp\/v2\/posts"}],"about":[{"href":"https:\/\/nandi.info\/index.php?rest_route=\/wp\/v2\/types\/post"}],"author":[{"embeddable":true,"href":"https:\/\/nandi.info\/index.php?rest_route=\/wp\/v2\/users\/1"}],"replies":[{"embeddable":true,"href":"https:\/\/nandi.info\/index.php?rest_route=%2Fwp%2Fv2%2Fcomments&post=14673"}],"version-history":[{"count":0,"href":"https:\/\/nandi.info\/index.php?rest_route=\/wp\/v2\/posts\/14673\/revisions"}],"wp:featuredmedia":[{"embeddable":true,"href":"https:\/\/nandi.info\/index.php?rest_route=\/"}],"wp:attachment":[{"href":"https:\/\/nandi.info\/index.php?rest_route=%2Fwp%2Fv2%2Fmedia&parent=14673"}],"wp:term":[{"taxonomy":"category","embeddable":true,"href":"https:\/\/nandi.info\/index.php?rest_route=%2Fwp%2Fv2%2Fcategories&post=14673"},{"taxonomy":"post_tag","embeddable":true,"href":"https:\/\/nandi.info\/index.php?rest_route=%2Fwp%2Fv2%2Ftags&post=14673"}],"curies":[{"name":"wp","href":"https:\/\/api.w.org\/{rel}","templated":true}]}}