{"id":14667,"date":"2023-07-24T13:10:02","date_gmt":"2023-07-24T11:10:02","guid":{"rendered":"https:\/\/nandi.info\/?p=14667"},"modified":"2023-07-24T13:10:02","modified_gmt":"2023-07-24T11:10:02","slug":"la-classe-politique-malienne-en-deuil-le-president-de-ladema-pasj-pr-marimantia-diarra-nest-plus","status":"publish","type":"post","link":"https:\/\/nandi.info\/?p=14667","title":{"rendered":"La classe politique malienne en deuil\u00a0: Le Pr\u00e9sident de l\u2019ADEMA-PASJ, Pr Marimantia Diarra n\u2019est plus!\u00a0"},"content":{"rendered":"\n<p><strong><em>L\u2019information est tomb\u00e9e hier dimanche dans la matin\u00e9e. Le Pr\u00e9sident du Comit\u00e9 ex\u00e9cutif du Parti Alliance pour la D\u00e9mocratie au Mali-Parti Africain pour la Solidarit\u00e9 et la Justice (ADEMA-PASJ) non moins membre du CNT, Pr Marimantia Diarra est d\u00e9c\u00e9d\u00e9 vers 1h du matin \u00e0 son domicile. Il assumait les destin\u00e9es du Parti de l\u2019abeille depuis le 18 Octobre 2021.<\/em><\/strong><\/p>\n\n\n\n<p class=\"has-drop-cap\">En effet, Pr Marimantia Diarra \u00e9tait professeur d\u2019enseignement sup\u00e9rieur de classe exceptionnelle. N\u00e9 \u00e0 Di\u00e9ma en 1948,&nbsp; il fut l\u2019Ancien Secr\u00e9taire G\u00e9n\u00e9ral de l\u2019Adema-PASJ et ancien 3<sup>\u00e8me<\/sup>&nbsp; vice-pr\u00e9sident du m\u00eame parti avant d\u2019occuper sa pr\u00e9sidence. Tr\u00e8s proche de l\u2019ancien Pr\u00e9sident feu Amadou Toumani Tour\u00e9 (ATT), il fut membre de ses gouvernements successifs en qualit\u00e9 de Ministre du Plan et de l\u2019Am\u00e9nagement du Territoire.<\/p>\n\n\n\n<p>Comme d\u2019autres exp\u00e9riences professionnelles, Marimantia a occup\u00e9 le fauteuil de Directeur G\u00e9n\u00e9ral du Projet de Gestion des Ressources Naturelles(PGRN) du Mali, de janvier 1993 \u00e0 d\u00e9cembre 2002. Il fut Ministre d\u00e9l\u00e9gu\u00e9 aupr\u00e8s du Premier Ministre, Charg\u00e9 du Plan, de 2002 \u00e0 2004. De 2002 \u00e0 2007,&nbsp; il \u00e9tait le Vice-pr\u00e9sident du Comit\u00e9 National du cr\u00e9dit. Membre suppl\u00e9ant de la Conf\u00e9rence des Ministres charg\u00e9s des Finances de la Zone franc, d\u2019octobre 2002 \u00e0 septembre 2007, Pr. Marimantia a occup\u00e9 le poste du Gouverneur suppl\u00e9ant pour le Mali pour plusieurs organismes internationaux. Pr\u00e9sident du Conseil d\u2019administration de la Banque Commerciale du Sahel (BCS-SA) depuis septembre 2008 et Repr\u00e9sentant du Pr\u00e9sident de la R\u00e9publique et repr\u00e9sentant du Pr\u00e9sident au Conseil de surveillance du Mill\u00e9nium Challenge Account-Mali (MCA-Mali) \u00e0 partir du 1er Mars 2009.<\/p>\n\n\n\n<p>C\u00f4t\u00e9 vie associative, le Pr Diarra \u00e9tait le Pr\u00e9sident d\u2019honneur de l\u2019\u00e9quipe \u2018\u2019Da Monzon football club\u2019\u2019 et le Secr\u00e9taire G\u00e9n\u00e9ral de l\u2019Association pour le d\u00e9senclavement des Cercles&nbsp; de Di\u00e9ma et Nioro du Sahel.&nbsp;<\/p>\n\n\n\n<p>Sur le plan politique, il fut \u00e9lu d\u00e9put\u00e9 \u00e0 Diema et occupait le poste de Secr\u00e9taire G\u00e9n\u00e9ral de la section Adema de Di\u00e9ma.<\/p>\n\n\n\n<p>D\u00e8s l\u2019annonce de son d\u00e9c\u00e8s de nombreuses formations politiques ont fait des communiqu\u00e9s de condol\u00e9ances, notamment l\u2019UDD et sa formation politique originelle, l\u2019ADEMA-PASJ. Qui a adress\u00e9 ses plus sinc\u00e8res condol\u00e9ances, sa solidarit\u00e9 et ses compassions \u00e0 sa famille biologique, \u00e0 la Section de Di\u00e9ma, de m\u00eame qu\u2019aux militants et sympathisants du Parti. Ses obs\u00e8ques sont pr\u00e9vus aujourd\u2019hui lundi, \u00e0 son domicile sis \u00e0 Kalaban Coro-Plateau, \u00e0 partir de 16h. Que la terre lui soit l\u00e9g\u00e8re&nbsp;!<\/p>\n\n\n\n<p><strong>Par Mariam Sissoko<\/strong><\/p>\n\n\n\n<p><strong>Le Sursaut<\/strong><\/p>\n","protected":false},"excerpt":{"rendered":"<p>L\u2019information est tomb\u00e9e hier dimanche dans la matin\u00e9e. Le Pr\u00e9sident du Comit\u00e9 ex\u00e9cutif du Parti Alliance pour la D\u00e9mocratie au Mali-Parti Africain pour la Solidarit\u00e9 et la Justice (ADEMA-PASJ) non&hellip;<\/p>\n","protected":false},"author":1,"featured_media":14236,"comment_status":"open","ping_status":"closed","sticky":false,"template":"","format":"standard","meta":{"content-type":"","_lmt_disableupdate":"","_lmt_disable":"","_jetpack_memberships_contains_paid_content":false,"footnotes":"","jetpack_publicize_message":"","jetpack_publicize_feature_enabled":true,"jetpack_social_post_already_shared":true,"jetpack_social_options":{"image_generator_settings":{"template":"highway","default_image_id":0,"font":"","enabled":false},"version":2}},"categories":[67,37,23],"tags":[],"class_list":["post-14667","post","type-post","status-publish","format-standard","has-post-thumbnail","hentry","category-le-sursaut","category-necrologie","category-politique"],"jetpack_publicize_connections":[],"featured_image_urls":{"full":"","thumbnail":"","medium":"","medium_large":"","large":"","1536x1536":"","2048x2048":"","penci-recipe-1200x1200":"","penci-recipe-1200x900":"","penci-recipe-1200x675":"","penci-single-full":"","penci-slider-full-thumb":"","penci-full-thumb":"","penci-slider-thumb":"","penci-magazine-slider":"","penci-thumb":"","penci-masonry-thumb":"","penci-thumb-square":"","penci-thumb-vertical":"","penci-thumb-small":""},"author_info":{"display_name":"Nandi","author_link":"https:\/\/nandi.info\/?author=1"},"category_info":"<a href=\"https:\/\/nandi.info\/?cat=67\" rel=\"category\">Le Sursaut<\/a> <a href=\"https:\/\/nandi.info\/?cat=37\" rel=\"category\">N\u00e9crologie<\/a> <a href=\"https:\/\/nandi.info\/?cat=23\" rel=\"category\">Politique<\/a>","tag_info":"Politique","comment_count":"0","jetpack_featured_media_url":"","jetpack_sharing_enabled":true,"_links":{"self":[{"href":"https:\/\/nandi.info\/index.php?rest_route=\/wp\/v2\/posts\/14667","targetHints":{"allow":["GET"]}}],"collection":[{"href":"https:\/\/nandi.info\/index.php?rest_route=\/wp\/v2\/posts"}],"about":[{"href":"https:\/\/nandi.info\/index.php?rest_route=\/wp\/v2\/types\/post"}],"author":[{"embeddable":true,"href":"https:\/\/nandi.info\/index.php?rest_route=\/wp\/v2\/users\/1"}],"replies":[{"embeddable":true,"href":"https:\/\/nandi.info\/index.php?rest_route=%2Fwp%2Fv2%2Fcomments&post=14667"}],"version-history":[{"count":0,"href":"https:\/\/nandi.info\/index.php?rest_route=\/wp\/v2\/posts\/14667\/revisions"}],"wp:featuredmedia":[{"embeddable":true,"href":"https:\/\/nandi.info\/index.php?rest_route=\/"}],"wp:attachment":[{"href":"https:\/\/nandi.info\/index.php?rest_route=%2Fwp%2Fv2%2Fmedia&parent=14667"}],"wp:term":[{"taxonomy":"category","embeddable":true,"href":"https:\/\/nandi.info\/index.php?rest_route=%2Fwp%2Fv2%2Fcategories&post=14667"},{"taxonomy":"post_tag","embeddable":true,"href":"https:\/\/nandi.info\/index.php?rest_route=%2Fwp%2Fv2%2Ftags&post=14667"}],"curies":[{"name":"wp","href":"https:\/\/api.w.org\/{rel}","templated":true}]}}