{"id":14661,"date":"2023-07-24T12:56:55","date_gmt":"2023-07-24T10:56:55","guid":{"rendered":"https:\/\/nandi.info\/?p=14661"},"modified":"2023-07-24T12:56:55","modified_gmt":"2023-07-24T10:56:55","slug":"la-nouvelle-constitution-promulguee-vive-la-4eme-republique","status":"publish","type":"post","link":"https:\/\/nandi.info\/?p=14661","title":{"rendered":"\u00a0La nouvelle Constitution promulgu\u00e9e\u00a0: Vive la 4\u00e8me R\u00e9publique\u00a0!"},"content":{"rendered":"\n<p><strong><em>Le vendredi 21 juillet 2023, \u00e0 son si\u00e8ge, la Cour Constitutionnelle du Mali&nbsp; lors de la proclamation des r\u00e9sultats d\u00e9finitifs du referendum constitutionnel a adopt\u00e9 le projet de la nouvelle Constitution qui a \u00e9t\u00e9 soumis au referendum du 18 juin 2023. Et selon l\u2019Arr\u00eat n\u00b02023-08\/CC-r\u00e9f, ce projet a \u00e9t\u00e9 approuv\u00e9 \u00e0 96, 91% avec un taux de participation&nbsp; de 38,23% et les recours ont \u00e9t\u00e9 rejet\u00e9s comme non fond\u00e9s. Ainsi, par le D\u00e9cret N\u00b02023-0401\/PT-RM du 22 Juillet 2023, le Pr\u00e9sident de la Transition a promulgu\u00e9 la nouvelle Constitution, qui ouvre la voie ainsi \u00e0 la 4<sup>\u00e8me<\/sup> R\u00e9publique.<\/em><\/strong><\/p>\n\n\n\n<p class=\"has-drop-cap\">Apr\u00e8s l\u2019annonce des&nbsp; r\u00e9sultats provisoires du referendum&nbsp; constitutionnel du 18 juin 2023 par l\u2019Autorit\u00e9 Ind\u00e9pendante de Gestion des Elections(AIGE) effectu\u00e9e le 23 juin pass\u00e9, il restait l\u2019adoption de ce projet de constitution par la Cour Constitutionnelle du Mali en vue de sa promulgation par le Chef de l\u2019Etat.&nbsp;<\/p>\n\n\n\n<p>Pour rappel, selon des r\u00e9sultats provisoires donn\u00e9s par l\u2019AIGE qui \u00e9tait charg\u00e9e d\u2019organiser le scrutin, le Oui&nbsp; \u00e9tait de 97% et le taux de participation s\u2019\u00e9levait \u00e0 39,40 %. Par la suite, apr\u00e8s quelques semaines de v\u00e9rifications et analyses de recours, la Cour a rendu son verdict vendredi \u00e0 travers l\u2019audience solennelle qui a enregistr\u00e9 la pr\u00e9sence de plusieurs personnalit\u00e9s du pays.<\/p>\n\n\n\n<p>Le Pr\u00e9sident de la Cour Constitutionnelle, Amadou Ousmane Tour\u00e9 a indiqu\u00e9 dans l\u2019Arr\u00eat n\u00b0-08\/CC-r\u00e9f du 21 juillet portant proclamation des r\u00e9sultats d\u00e9finitifs du referendum constitutionnel (scrutin du 18 juin 2023) qu\u2019en application des dispositions de la Loi \u00e9lectorale qui font r\u00e9f\u00e9rence aux proc\u00e9dures de l\u2019organisation et de sa proclamation des r\u00e9sultats provisoires du scrutin par l\u2019AIGE que la Cour a proc\u00e9d\u00e9 au recensement g\u00e9n\u00e9ral des votes des scrutins des 11 et 18 juin 2023. Et de poursuivre qu\u2019en ce qui concerne le recensement g\u00e9n\u00e9ral des votes, la Cour Constitutionnelle, apr\u00e8s avoir fait le d\u00e9compte des voix par bureau de vote tant sur le territoire national qu\u2019au niveau des ambassades et consulats, a op\u00e9r\u00e9 diverses rectifications mat\u00e9rielles, annulations et proc\u00e9d\u00e9 aux redressements qu\u2019elle a jug\u00e9s n\u00e9cessaires. Et de consid\u00e9rer qu\u2019\u00e0 l\u2019issue de ce recensement, le r\u00e9sultat obtenu est&nbsp;:&nbsp; Nombre d\u2019inscrits&nbsp;: 8.463.084&nbsp;; Nombre de bureaux&nbsp;: 24.697&nbsp;; Nombre de votants&nbsp;: 3.235.427&nbsp;; Bulletins nuls&nbsp;: 25.241&nbsp;; Suffrages&nbsp; exprim\u00e9s&nbsp;: 3.210.186, Taux de participation&nbsp;: 38,23%. Et de ce fait le Oui totalise 3.110.877 de votants dont un taux&nbsp; de 96,91% et le Non compte 99.309 de votants dont 3,09%. Et il apparait, selon le Pr\u00e9sident de la Cour, consid\u00e9rant ce r\u00e9sultat, que le Projet de Constitution soumis au corps \u00e9lectoral les 11 et 18 juin 2023 a \u00e9t\u00e9 adopt\u00e9. Et les recours d\u00e9pos\u00e9s par certains politiques et organisations de la soci\u00e9t\u00e9 civile&nbsp; demandant l\u2019annulation du scrutin r\u00e9f\u00e9rendaire ont \u00e9t\u00e9 rejet\u00e9s par la Cour comme non fond\u00e9s.<\/p>\n\n\n\n<p>En conclusion, l\u2019Article 1<sup>er<\/sup> de l\u2019Arr\u00eat n\u00b02023-08\/CC-r\u00e9f d\u00e9clare adopt\u00e9 par le Peuple Souverain du Mali le Projet de Constitution soumis au referendum le 18 juin 2023.<\/p>\n\n\n\n<p>Et conform\u00e9ment \u00e0 l\u2019Article 2 de la m\u00eame d\u00e9cision, cet Arr\u00eat a \u00e9t\u00e9 imm\u00e9diatement notifi\u00e9 au Pr\u00e9sident de la Transition, Chef de l\u2019Etat. Qui a son tour a promulgu\u00e9 la nouvelle Constitution au travers du D\u00e9cret N\u00b02023-0401\/PT-RM du 22 Juillet 2023.<\/p>\n\n\n\n<p>Donc avec d\u00e9termination, le r\u00e9gime de la Transition a all\u00e8grement franchi le pas de la quatri\u00e8me R\u00e9publique. Et de quatre pour le Mali&nbsp;!<\/p>\n\n\n\n<p><strong>Adama Tounkara<\/strong><\/p>\n\n\n\n<p><strong>Le Sursaut<\/strong><\/p>\n","protected":false},"excerpt":{"rendered":"<p>Le vendredi 21 juillet 2023, \u00e0 son si\u00e8ge, la Cour Constitutionnelle du Mali&nbsp; lors de la proclamation des r\u00e9sultats d\u00e9finitifs du referendum constitutionnel a adopt\u00e9 le projet de la nouvelle&hellip;<\/p>\n","protected":false},"author":1,"featured_media":14663,"comment_status":"open","ping_status":"closed","sticky":false,"template":"","format":"standard","meta":{"content-type":"","_lmt_disableupdate":"","_lmt_disable":"","_jetpack_memberships_contains_paid_content":false,"footnotes":"","jetpack_publicize_message":"","jetpack_publicize_feature_enabled":true,"jetpack_social_post_already_shared":true,"jetpack_social_options":{"image_generator_settings":{"template":"highway","default_image_id":0,"font":"","enabled":false},"version":2}},"categories":[67,74,23],"tags":[],"class_list":["post-14661","post","type-post","status-publish","format-standard","has-post-thumbnail","hentry","category-le-sursaut","category-nation","category-politique"],"jetpack_publicize_connections":[],"featured_image_urls":{"full":"","thumbnail":"","medium":"","medium_large":"","large":"","1536x1536":"","2048x2048":"","penci-recipe-1200x1200":"","penci-recipe-1200x900":"","penci-recipe-1200x675":"","penci-single-full":"","penci-slider-full-thumb":"","penci-full-thumb":"","penci-slider-thumb":"","penci-magazine-slider":"","penci-thumb":"","penci-masonry-thumb":"","penci-thumb-square":"","penci-thumb-vertical":"","penci-thumb-small":""},"author_info":{"display_name":"Nandi","author_link":"https:\/\/nandi.info\/?author=1"},"category_info":"<a href=\"https:\/\/nandi.info\/?cat=67\" rel=\"category\">Le Sursaut<\/a> <a href=\"https:\/\/nandi.info\/?cat=74\" rel=\"category\">Nation<\/a> <a href=\"https:\/\/nandi.info\/?cat=23\" rel=\"category\">Politique<\/a>","tag_info":"Politique","comment_count":"0","jetpack_featured_media_url":"","jetpack_sharing_enabled":true,"_links":{"self":[{"href":"https:\/\/nandi.info\/index.php?rest_route=\/wp\/v2\/posts\/14661","targetHints":{"allow":["GET"]}}],"collection":[{"href":"https:\/\/nandi.info\/index.php?rest_route=\/wp\/v2\/posts"}],"about":[{"href":"https:\/\/nandi.info\/index.php?rest_route=\/wp\/v2\/types\/post"}],"author":[{"embeddable":true,"href":"https:\/\/nandi.info\/index.php?rest_route=\/wp\/v2\/users\/1"}],"replies":[{"embeddable":true,"href":"https:\/\/nandi.info\/index.php?rest_route=%2Fwp%2Fv2%2Fcomments&post=14661"}],"version-history":[{"count":0,"href":"https:\/\/nandi.info\/index.php?rest_route=\/wp\/v2\/posts\/14661\/revisions"}],"wp:featuredmedia":[{"embeddable":true,"href":"https:\/\/nandi.info\/index.php?rest_route=\/"}],"wp:attachment":[{"href":"https:\/\/nandi.info\/index.php?rest_route=%2Fwp%2Fv2%2Fmedia&parent=14661"}],"wp:term":[{"taxonomy":"category","embeddable":true,"href":"https:\/\/nandi.info\/index.php?rest_route=%2Fwp%2Fv2%2Fcategories&post=14661"},{"taxonomy":"post_tag","embeddable":true,"href":"https:\/\/nandi.info\/index.php?rest_route=%2Fwp%2Fv2%2Ftags&post=14661"}],"curies":[{"name":"wp","href":"https:\/\/api.w.org\/{rel}","templated":true}]}}