{"id":14650,"date":"2023-07-23T16:42:49","date_gmt":"2023-07-23T14:42:49","guid":{"rendered":"https:\/\/nandi.info\/?p=14650"},"modified":"2023-07-23T16:42:49","modified_gmt":"2023-07-23T14:42:49","slug":"harouna-barry-enseignant-chercheur-a-propos-de-la-biennale-mopti-2023-cetait-un-defi","status":"publish","type":"post","link":"https:\/\/nandi.info\/?p=14650","title":{"rendered":"Harouna Barry, enseignant chercheur, \u00e0 propos de la biennale Mopti 2023 : \u00ab C\u2019\u00e9tait un d\u00e9fi \u00bb"},"content":{"rendered":"\n<p><strong><em>Pr\u00e9sident de la sous-commission scientifique de la commission nationale de la Biennale Mopti 2023, Harouna Barry, dans l\u2019entretien ci-dessous, nous parle de la r\u00e9ussite de cet \u00e9v\u00e9nement qui, \u00e0 ses yeux, \u00e9tait un d\u00e9fi lanc\u00e9 \u00e0 la communaut\u00e9 internationale qui a pens\u00e9 qu\u2019apr\u00e8s le d\u00e9part de Barkhane et la Minusma, le Mali \u00e9tait incapable d\u2019organiser et de s\u00e9curiser un tel grand \u00e9v\u00e9nement au Centre du pays.<\/em><\/strong><\/p>\n\n\n\n<p><strong><em>&nbsp;<\/em><\/strong><strong>Mali-Tribune&nbsp;:&nbsp;<em>Quelle est votre appr\u00e9ciation de la tenue de la Biennale de Mopti 2023&nbsp;?<\/em><\/strong><\/p>\n\n\n\n<p><strong>Harouna Barry&nbsp;:<\/strong>&nbsp;Mon appr\u00e9ciation de mani\u00e8re g\u00e9n\u00e9rale, je peux l\u2019exprimer en quatre points&nbsp;: Premi\u00e8rement, c\u2019est que les biennales s\u2019organisent en deux ans, c\u2019est des processus mais cette biennale Mopti 2023 a \u00e9t\u00e9 organis\u00e9e en trois mois. On peut m\u00eame dire que \u00e7a a &nbsp;\u00e9t\u00e9 une biennale sp\u00e9ciale mais qui s\u2019est d\u00e9roul\u00e9e normalement. En deuxi\u00e8me point, c\u2019est une biennale sp\u00e9ciale organis\u00e9e en trois mois, mais qui a regroup\u00e9 autant de r\u00e9gions qu\u2019aucune biennale ant\u00e9rieure, m\u00eame pas la semaine nationale n\u2019a eu \u00e0 le faire. La semaine nationale de la jeunesse de 1961 \u00e0 1968 a regroup\u00e9 six r\u00e9gions. La biennale artistique et culturelle, m\u00eame quand elle a \u00e9t\u00e9 aussi sportive, n\u2019a jamais r\u00e9uni autant de r\u00e9gions. Cette fois il y a eu dix-neuf r\u00e9gions plus le District de Bamako.&nbsp; Le troisi\u00e8mement point, c\u2019est que la reprise de la biennale est consid\u00e9r\u00e9e comme un \u00e9v\u00e9nement structurant sur le plan politique, sur le plan moral, sur le plan du brassage des populations. C\u2019est le seul grand \u00e9v\u00e9nement du Mali o\u00f9 tous les Maliens, de toutes les r\u00e9gions, se retrouvent quelles que soient leur langue, leur ethnie, leur couleur. La biennale \u00e0 Mopti \u00e9tait un challenge, un d\u00e9fi que le Mali s\u2019\u00e9tait pos\u00e9, \u00e0 lui-m\u00eame. Le Centre du Mali est suffisamment d\u00e9stabilis\u00e9, suffisamment endeuill\u00e9, ensanglant\u00e9, pour qu\u2019on d\u00e9cide en ce moment m\u00eame d\u2019organiser la biennale \u00e0 Mopti. J\u2019ai fait deux semaines \u00e0 Mopti je n\u2019ai pas entendu qu\u2019il y a eu une seule attaque contre les festivaliers, c\u2019est juste qu\u2019au retour il y a eu un accident par la d\u00e9l\u00e9gation de Sikasso, sinon la s\u00e9curit\u00e9 a \u00e9t\u00e9 totalement rassur\u00e9e.<\/p>\n\n\n\n<p>Donc c\u2019est un d\u00e9fi que le Mali s\u2019est lanc\u00e9 \u00e0 lui-m\u00eame, qu\u2019il a pu relever. Un d\u00e9fi que le Mali a lanc\u00e9 \u00e0 la fameuse et fumeuse communaut\u00e9 internationale qui a pens\u00e9 qu\u2019apr\u00e8s le d\u00e9part de Barkhane et la Minusma, le Mali \u00e9tait incapable d\u2019assurer sa s\u00e9curit\u00e9, d\u2019assurer un \u00e9v\u00e9nement national comme la biennale qui a regroup\u00e9 au moins deux milles personnes. \u00c7a a \u00e9t\u00e9 une grande mobilisation et un d\u00e9menti aux historiettes racont\u00e9es par la fameuse et fumeuse communaut\u00e9 internationale. Ce qui est aussi important \u00e0 souligner, c\u2019est que \u00e0 partir de l\u00e0, l\u2019option est faite d\u00e9sormais d\u2019orienter la biennale vers le nord du Mali.<\/p>\n\n\n\n<p>Il est maintenant question que la biennale 2025 soit organis\u00e9e par Tombouctou. Ce Nord qui est l\u2019\u00e9picentre &nbsp;de l\u2019ins\u00e9curit\u00e9, des terroristes, des djihadistes, des narcotrafiquants. Donc aller \u00e0 Tombouctou c\u2019est un autre d\u00e9fi, un d\u00e9fi de plus qu\u2019il faut relever et faire en sorte que tout le Nord abrite la biennale avant que \u00e7a ne revienne au Sud. De cette fa\u00e7on-l\u00e0, l\u2019int\u00e9grit\u00e9 de notre pays et l\u2019unicit\u00e9 de la nation seront r\u00e9affirm\u00e9es, assum\u00e9es, assur\u00e9es et le pays retrouvera son unit\u00e9. Donc \u00e0 mon avis Mopti 2023 a \u00e9t\u00e9 une v\u00e9ritable r\u00e9ussite sur ces plans-l\u00e0.<\/p>\n\n\n\n<p><strong>Mali-Tribune&nbsp;:&nbsp;<em>Qu\u2019est-ce qui vous a le plus attir\u00e9 sur le plan artistique et culturel ?H&nbsp;<\/em><\/strong><strong>B.&nbsp;:<\/strong>&nbsp;Ce qui m\u2019a le plus attir\u00e9, c\u2019est que dans le classement parmi les trois premiers sur le podium, il y a deux nouvelles r\u00e9gions, (Doila et Bougouni). Pour moi, c\u2019est tout un symbole. Des r\u00e9gions qui viennent d\u2019\u00eatre cr\u00e9\u00e9es r\u00e9ussissent \u00e0 venir comp\u00e9tir avec les anciennes r\u00e9gions et monter sur le podium. \u00c7a montre que toutes les r\u00e9gions ont mouill\u00e9 le maillot et que les nouvelles r\u00e9gions n\u2019ont pas \u00e9t\u00e9 absentes.<\/p>\n\n\n\n<p>Autre chose \u00e0 saluer sur le plan culturel, sur le plan de l\u2019int\u00e9gration nationale, c\u2019est la pr\u00e9sence des r\u00e9gions comme Tombouctou, comme Kidal, comme M\u00e9naka que les gens ont dit encercl\u00e9es et qu\u2019elles font tomber d\u2019un moment \u00e0 l\u2019autre. J\u2019\u00e9tais l\u00e0 toutes les nuits, j\u2019ai vu leur prestation. La troupe r\u00e9gionale de Kidal a m\u00eame compos\u00e9 une chanson sp\u00e9ciale biennale pour l\u2019unit\u00e9 du Mali. On peut dire que \u00e7a a \u00e9t\u00e9 une grande r\u00e9ussite.<\/p>\n\n\n\n<p><strong>Mali-Tribune&nbsp;:&nbsp;<em>Quels sont les enseignements \u00e0 tirer de cette biennale Mopti 2023 ?<\/em><\/strong><\/p>\n\n\n\n<p><strong>H B. :&nbsp;<\/strong>A mon avis, trois enseignements sont \u00e0 tirer de cette biennale Mopti 2023. En premier lieu, les produits de la biennale qu\u2019ils soient humains, qu\u2019ils soient artistiques et culturels, doivent \u00eatre capitalis\u00e9s, conceptualis\u00e9s, rentabilis\u00e9s, valoris\u00e9s. Tous ces jeunes gens qui sont venus peuvent et doivent \u00eatre des vocations suscit\u00e9es et entretenues, form\u00e9es pour que le Mali culturel red\u00e9marre et la sous-commission scientifique sous l\u2019\u00e9gide du minist\u00e8re de la Culture va publier les actes des rencontres scientifiques de la biennale Mopti 2023.<\/p>\n\n\n\n<p>Si toutes les biennales avaient ainsi proc\u00e9d\u00e9, aujourd\u2019hui on aurait trouv\u00e9 des r\u00e9flexions assez approfondies sur la semaine nationale de la jeunesse et les biennales. Or aujourd\u2019hui jusqu\u2019ici \u00e0 ma connaissance, il n\u2019y a que deux livres, une th\u00e8se qui vient d\u2019\u00eatre publi\u00e9e et un livre de la directrice de la pyramide du souvenir qui ont \u00e9t\u00e9 publi\u00e9s sur la biennale ce qui n\u2019est pas normal quand m\u00eame.<\/p>\n\n\n\n<p>Donc l\u2019aspect r\u00e9flexion de la biennale doit \u00eatre d\u00e9velopp\u00e9 et maintenu, tant pendant la biennale qu\u2019avant, qu\u2019apr\u00e8s, de fa\u00e7on \u00e0 ce que \u00e7a puisse \u00eatre mieux conceptualis\u00e9. Par ailleurs, l\u2019INA et le Conservatoire Balla Fassek\u00e9 ont suffisamment de cadres aujourd\u2019hui, dans le domaine des arts et de la culture. Ceux-ci doivent \u00eatre recrut\u00e9s pour encadrer les troupes r\u00e9gionales afin que ces troupes puissent \u00eatre encore bien encadr\u00e9es bien form\u00e9es et que \u00e7a soit v\u00e9ritablement bien professionnel. A d\u00e9faut, qu\u2019on contractualise avec eux \u00e0 l\u2019approche des biennales pour six mois, pour trois mois pour qu\u2019ils encadrent bien et am\u00e9liorent les prestations des troupes r\u00e9gionales. Eux-m\u00eames, \u00e7a leur donnera du boulot et \u00e7a fait des emplois cr\u00e9\u00e9s en m\u00eame temps les troupes seront beaucoup plus performantes.<\/p>\n\n\n\n<p><strong>Mali-Tribune&nbsp;:&nbsp;<em>Quels sont les messages forts \u00e0 retenir ?<\/em><\/strong><\/p>\n\n\n\n<p><strong>H B. :<\/strong>&nbsp;Ce qui est \u00e0 retenir, c\u2019est que le Mali est une seule nation avec une seule histoire et un seul destin. Et \u00e7a c\u2019\u00e9tait acquis, tout le monde le dit, toutes les troupes l\u2019ont chant\u00e9. Les messages qui sont g\u00e9n\u00e9ralement ressortis c\u2019est la lutte contre les travers de la gouvernance pass\u00e9e, la lutte contre la corruption, la lutte contre l\u2019incivisme, la lutte contre le djihadisme, la lutte contre les transhumants politiques. Il y a eu les d\u00e9nonciations par certaines pi\u00e8ces de th\u00e9\u00e2tre, comme le manque d\u2019eau, le manque d\u2019\u00e9lectricit\u00e9, entre autres. Les vrais probl\u00e8mes du pays ont \u00e9t\u00e9 pos\u00e9s librement et les propositions de solution. Le message fort \u00e0 retenir c\u2019est que la jeunesse a montr\u00e9 sa capacit\u00e9, a montr\u00e9 qu\u2019elle est une couche sociale g\u00e9n\u00e9reuse capable de don de soi, d\u2019enthousiasme et qui croit en l\u2019avenir.<\/p>\n\n\n\n<p>En tant que membre de la commission nationale d\u2019organisation de la biennale Mopti 2023, je remercie le minist\u00e8re de la Culture d\u2019avoir laiss\u00e9 la commission faire ce qu\u2019elle doit faire et d\u2019avoir fait confiance \u00e0 nous autres enseignants chercheurs, de constituer une commission scientifique, d\u2019organiser les rencontres scientifiques et en nous permettant de travailler \u00e0 l\u2019\u00e9dition des actes de ces rencontres scientifiques.<\/p>\n\n\n\n<p>Il faut remercier les plus hautes autorit\u00e9s qui n\u2019ont m\u00e9nag\u00e9 aucun effort pour la tenue de cette biennale. Et nous leur demandons de continuer ce combat de la refondation. La refondation n\u2019est pas seulement militaire, elle est aussi culturelle, elle est aussi politique, elle est aussi \u00e9ducative. Je me demande m\u00eame si, il ne faut pas refonder l\u2019homme malien. Et si, il faut le refonder, il faut passer par la culture et l\u2019\u00e9ducation.<\/p>\n\n\n\n<p><em>Propos recueillis par<\/em><\/p>\n\n\n\n<p><strong>Ibrahima Ndiaye<\/strong><\/p>\n\n\n\n<p><strong>Mali Tribune<\/strong><\/p>\n","protected":false},"excerpt":{"rendered":"<p>Pr\u00e9sident de la sous-commission scientifique de la commission nationale de la Biennale Mopti 2023, Harouna Barry, dans l\u2019entretien ci-dessous, nous parle de la r\u00e9ussite de cet \u00e9v\u00e9nement qui, \u00e0 ses&hellip;<\/p>\n","protected":false},"author":1,"featured_media":14652,"comment_status":"open","ping_status":"closed","sticky":false,"template":"","format":"standard","meta":{"content-type":"","_lmt_disableupdate":"","_lmt_disable":"","_jetpack_memberships_contains_paid_content":false,"footnotes":"","jetpack_publicize_message":"","jetpack_publicize_feature_enabled":true,"jetpack_social_post_already_shared":true,"jetpack_social_options":{"image_generator_settings":{"template":"highway","default_image_id":0,"font":"","enabled":false},"version":2}},"categories":[124,33,32],"tags":[],"class_list":["post-14650","post","type-post","status-publish","format-standard","has-post-thumbnail","hentry","category-bienales","category-mali-tribune","category-musique-art-et-culture"],"jetpack_publicize_connections":[],"featured_image_urls":{"full":"","thumbnail":"","medium":"","medium_large":"","large":"","1536x1536":"","2048x2048":"","penci-recipe-1200x1200":"","penci-recipe-1200x900":"","penci-recipe-1200x675":"","penci-single-full":"","penci-slider-full-thumb":"","penci-full-thumb":"","penci-slider-thumb":"","penci-magazine-slider":"","penci-thumb":"","penci-masonry-thumb":"","penci-thumb-square":"","penci-thumb-vertical":"","penci-thumb-small":""},"author_info":{"display_name":"Nandi","author_link":"https:\/\/nandi.info\/?author=1"},"category_info":"<a href=\"https:\/\/nandi.info\/?cat=124\" rel=\"category\">Biennales<\/a> <a href=\"https:\/\/nandi.info\/?cat=33\" rel=\"category\">Mali Tribune<\/a> <a href=\"https:\/\/nandi.info\/?cat=32\" rel=\"category\">Musique Art et Culture<\/a>","tag_info":"Musique Art et Culture","comment_count":"0","jetpack_featured_media_url":"","jetpack_sharing_enabled":true,"_links":{"self":[{"href":"https:\/\/nandi.info\/index.php?rest_route=\/wp\/v2\/posts\/14650","targetHints":{"allow":["GET"]}}],"collection":[{"href":"https:\/\/nandi.info\/index.php?rest_route=\/wp\/v2\/posts"}],"about":[{"href":"https:\/\/nandi.info\/index.php?rest_route=\/wp\/v2\/types\/post"}],"author":[{"embeddable":true,"href":"https:\/\/nandi.info\/index.php?rest_route=\/wp\/v2\/users\/1"}],"replies":[{"embeddable":true,"href":"https:\/\/nandi.info\/index.php?rest_route=%2Fwp%2Fv2%2Fcomments&post=14650"}],"version-history":[{"count":0,"href":"https:\/\/nandi.info\/index.php?rest_route=\/wp\/v2\/posts\/14650\/revisions"}],"wp:featuredmedia":[{"embeddable":true,"href":"https:\/\/nandi.info\/index.php?rest_route=\/"}],"wp:attachment":[{"href":"https:\/\/nandi.info\/index.php?rest_route=%2Fwp%2Fv2%2Fmedia&parent=14650"}],"wp:term":[{"taxonomy":"category","embeddable":true,"href":"https:\/\/nandi.info\/index.php?rest_route=%2Fwp%2Fv2%2Fcategories&post=14650"},{"taxonomy":"post_tag","embeddable":true,"href":"https:\/\/nandi.info\/index.php?rest_route=%2Fwp%2Fv2%2Ftags&post=14650"}],"curies":[{"name":"wp","href":"https:\/\/api.w.org\/{rel}","templated":true}]}}