{"id":14444,"date":"2023-07-16T18:12:04","date_gmt":"2023-07-16T16:12:04","guid":{"rendered":"https:\/\/nandi.info\/?p=14444"},"modified":"2023-07-16T18:12:04","modified_gmt":"2023-07-16T16:12:04","slug":"double-plainte-du-cmtr-et-son-president-30-millions-de-dommages-et-interets-reclames-a-malick-b-diallo","status":"publish","type":"post","link":"https:\/\/nandi.info\/?p=14444","title":{"rendered":"Double plainte du CMTR et son pr\u00e9sident : 30 millions de dommages et int\u00e9r\u00eats r\u00e9clam\u00e9s \u00e0 Malick B. Diallo"},"content":{"rendered":"\n<p><strong><em>La plainte en diffamation du Conseil malien des Transporteurs routiers (CMTR) et son pr\u00e9sident contre le vice-pr\u00e9sident de la F\u00e9d\u00e9ration g\u00e9n\u00e9rale des Transporteurs routiers agr\u00e9\u00e9s du Mali (FGTRAM) \u00e9tait \u00e0 l\u2019audience du mercredi 12 juillet 2023, du tribunal de la Commune IV. Les plaignants demandent chacun 30 millions de F CFA de dommages et int\u00e9r\u00eats pour \u00ab&nbsp;d\u00e9nonciation calomnieuse&nbsp;\u00bb.<\/em><\/strong><\/p>\n\n\n\n<p class=\"has-drop-cap\"><strong><em><\/em><\/strong>Le verdict de cette affaire ne sera pas connu de sit\u00f4t. L\u2019audience du mercredi 12 juillet a \u00e9t\u00e9 renvoy\u00e9e au mercredi prochain. Pour motif, la d\u00e9fense a d\u00e9pos\u00e9 des conclusions qui n\u2019avaient pas \u00e9t\u00e9 transmises aux avocats de la partie civile. Les avocats du CMTR et son pr\u00e9sident ont demand\u00e9 que le pr\u00e9venu soit maintenu dans les liens de l\u2019accusation pour \u00ab&nbsp;d\u00e9nonciation calomnieuse&nbsp;\u00bb. Chacun r\u00e9clame des dommages et int\u00e9r\u00eats de 30 millions de F CFA, pour la r\u00e9paration du pr\u00e9judice subi. Si le juge acc\u00e8de \u00e0 leur demande, Malick Boubou Diallo devra alors&nbsp; payer en tout 60 millions de F CFA pour d\u00e9nonciation calomnieuse.<\/p>\n\n\n\n<p>Ce proc\u00e8s \u00e9tait initialement inscrit au r\u00f4le de l\u2019audience du 21 juin 2023. Mais il a finalement \u00e9t\u00e9 repouss\u00e9 \u00e0 cause de la c\u00e9l\u00e9bration de la f\u00eate de Tabaski et les passations qui ont suivi dans les tribunaux suite aux diff\u00e9rentes mutations de magistrats.<\/p>\n\n\n\n<p>La plainte est conjointement adress\u00e9e par le CMTR et son pr\u00e9sident, Youssouf Bani Traor\u00e9, contre Malick Boubou Diallo, vice-pr\u00e9sident de la FGTRAM. M. Diallo a accus\u00e9 la fa\u00eeti\u00e8re des transporteurs du Mali et son pr\u00e9sident, au cours d\u2019une conf\u00e9rence de presse le 23 avril dernier, \u00ab&nbsp;de d\u00e9tournement de 18 milliards de F CFA sur le fonds issu du droit de travers\u00e9e routi\u00e8re (DTR)&nbsp;\u00bb. Les m\u00eames accusations ont \u00e9t\u00e9 port\u00e9es contre des personnalit\u00e9s, en l\u2019occurrence le ministre de l\u2019Economie et des Finances, des Transports et des Infrastructures et le Payeur g\u00e9n\u00e9ral du Tr\u00e9sor.<\/p>\n\n\n\n<p>Le choix du tribunal de la Commune IV s\u2019explique par le fait que les accusations faites par Malick Boubou Diallo ont \u00e9t\u00e9 diffus\u00e9es sur les r\u00e9seaux sociaux. Elles tombent alors dans le domaine de la cybercriminalit\u00e9 pr\u00e9vue et punie par l\u2019article 54 de la loi n\u00b02019-056 du 5 d\u00e9cembre 2019 portant r\u00e9pression de la cybercriminalit\u00e9.<\/p>\n\n\n\n<p><strong>Abdrahamane Dicko<\/strong><\/p>\n\n\n\n<p><\/p>\n\n\n\n<h2 class=\"wp-block-heading\"><strong>\u00c9lections consulaires\u00a0:<\/strong> <strong>Les transporteurs aux urnes le 22 juillet<\/strong><\/h2>\n\n\n\n<p><strong>\u00a0<em>Les membres du Conseil malien des Transporteurs routiers (CMTR) sont convoqu\u00e9s aux urnes le 22 juillet 2023. Il s\u2019agit de l\u2019\u00e9lection des 188 membres titulaires et 188 membres suppl\u00e9ants.<\/em><\/strong><\/p>\n\n\n\n<p class=\"has-drop-cap\">Le vote du 22 juillet 2023 s\u2019inscrit dans l\u2019esprit de l\u2019arr\u00eat\u00e9 n\u00b0 0834 MTI-SG du 11 mai 2023 portant convocation du coll\u00e8ge \u00e9lectoral pour l\u2019\u00e9lection des membres de l\u2019Assembl\u00e9e consulaire du CMTR. L\u2019inscription sur les listes \u00e9lectorales ouvertes au gouvernorat du district au niveau de Bamako a \u00e9t\u00e9 close depuis le mois de juin dernier. Plus rien ne s\u2019oppose \u00e0 ce scrutin. La plainte en annulation d\u00e9pos\u00e9e devant la Cour supr\u00eame par le vice-pr\u00e9sident de la FGTRAM, Malick Boubou Diallo, contre le d\u00e9cret ci-dessus cit\u00e9 a \u00e9t\u00e9 rejet\u00e9e comme mal fond\u00e9e.<\/p>\n\n\n\n<p>L\u2019\u00e9lection du 22 juillet, pr\u00e9vue au gouvernorat du district de Bamako et dans chaque chef-lieu de r\u00e9gion, vise \u00e0 \u00e9lire les membres de l\u2019Assembl\u00e9e consulaire du CMTR. Le vote se d\u00e9roule entre les trois sections de transporteurs (section transport urbain, section transport inter-urbain et section transport international) dans les capitales r\u00e9gionales pour l\u2019\u00e9lection des 188 membres titulaires et 188 suppl\u00e9ants. Ceux-ci doivent composer l\u2019Assembl\u00e9e consulaire du CMTR. Mais le nombre de titulaires et de suppl\u00e9ants diff\u00e8re d\u2019une circonscription \u00e9lectorale \u00e0 l\u2019autre. Ces circonscriptions ne sont autres que des r\u00e9gions et anciens chefs-lieux de cercles dont certains ont \u00e9t\u00e9 \u00e9rig\u00e9s en r\u00e9gion. Le district de Bamako a le plus gros lot avec 68 titulaires et autant de suppl\u00e9ants. Chaque section a un nombre requis de membres titulaires et de suppl\u00e9ants.<\/p>\n\n\n\n<p>Il faut attendre la fin de l\u2019\u00e9lection des membres de l\u2019Assembl\u00e9e consulaire pour l\u2019organisation des membres du bureau du CMTR et de son pr\u00e9sident. L\u2019actuel pr\u00e9sident Youssouf Bani Traor\u00e9 qui en est \u00e0 son deuxi\u00e8me mandat est r\u00e9clam\u00e9 par ses camarades pour se succ\u00e9der \u00e0 lui-m\u00eame. Mais avec la relecture de l\u2019ancien texte, le mandat du pr\u00e9sident du CMTR est&nbsp; d\u00e9sormais limit\u00e9. Ce serait un mandat renouvelable une fois \u00e0 partie de 2023.<\/p>\n\n\n\n<p><strong>Abdrahamane Dicko<\/strong><\/p>\n\n\n\n<p><strong>Mali Tribune<\/strong><\/p>\n","protected":false},"excerpt":{"rendered":"<p>La plainte en diffamation du Conseil malien des Transporteurs routiers (CMTR) et son pr\u00e9sident contre le vice-pr\u00e9sident de la F\u00e9d\u00e9ration g\u00e9n\u00e9rale des Transporteurs routiers agr\u00e9\u00e9s du Mali (FGTRAM) \u00e9tait \u00e0&hellip;<\/p>\n","protected":false},"author":1,"featured_media":6449,"comment_status":"open","ping_status":"closed","sticky":false,"template":"","format":"standard","meta":{"content-type":"","_lmt_disableupdate":"","_lmt_disable":"","_jetpack_memberships_contains_paid_content":false,"footnotes":"","jetpack_publicize_message":"","jetpack_publicize_feature_enabled":true,"jetpack_social_post_already_shared":true,"jetpack_social_options":{"image_generator_settings":{"template":"highway","default_image_id":0,"font":"","enabled":false},"version":2}},"categories":[30,33,62],"tags":[],"class_list":["post-14444","post","type-post","status-publish","format-standard","has-post-thumbnail","hentry","category-economie","category-mali-tribune","category-transport"],"jetpack_publicize_connections":[],"featured_image_urls":{"full":"","thumbnail":"","medium":"","medium_large":"","large":"","1536x1536":"","2048x2048":"","penci-recipe-1200x1200":"","penci-recipe-1200x900":"","penci-recipe-1200x675":"","penci-single-full":"","penci-slider-full-thumb":"","penci-full-thumb":"","penci-slider-thumb":"","penci-magazine-slider":"","penci-thumb":"","penci-masonry-thumb":"","penci-thumb-square":"","penci-thumb-vertical":"","penci-thumb-small":""},"author_info":{"display_name":"Nandi","author_link":"https:\/\/nandi.info\/?author=1"},"category_info":"<a href=\"https:\/\/nandi.info\/?cat=30\" rel=\"category\">Economie<\/a> <a href=\"https:\/\/nandi.info\/?cat=33\" rel=\"category\">Mali Tribune<\/a> <a href=\"https:\/\/nandi.info\/?cat=62\" rel=\"category\">Transport<\/a>","tag_info":"Transport","comment_count":"0","jetpack_featured_media_url":"","jetpack_sharing_enabled":true,"_links":{"self":[{"href":"https:\/\/nandi.info\/index.php?rest_route=\/wp\/v2\/posts\/14444","targetHints":{"allow":["GET"]}}],"collection":[{"href":"https:\/\/nandi.info\/index.php?rest_route=\/wp\/v2\/posts"}],"about":[{"href":"https:\/\/nandi.info\/index.php?rest_route=\/wp\/v2\/types\/post"}],"author":[{"embeddable":true,"href":"https:\/\/nandi.info\/index.php?rest_route=\/wp\/v2\/users\/1"}],"replies":[{"embeddable":true,"href":"https:\/\/nandi.info\/index.php?rest_route=%2Fwp%2Fv2%2Fcomments&post=14444"}],"version-history":[{"count":0,"href":"https:\/\/nandi.info\/index.php?rest_route=\/wp\/v2\/posts\/14444\/revisions"}],"wp:featuredmedia":[{"embeddable":true,"href":"https:\/\/nandi.info\/index.php?rest_route=\/"}],"wp:attachment":[{"href":"https:\/\/nandi.info\/index.php?rest_route=%2Fwp%2Fv2%2Fmedia&parent=14444"}],"wp:term":[{"taxonomy":"category","embeddable":true,"href":"https:\/\/nandi.info\/index.php?rest_route=%2Fwp%2Fv2%2Fcategories&post=14444"},{"taxonomy":"post_tag","embeddable":true,"href":"https:\/\/nandi.info\/index.php?rest_route=%2Fwp%2Fv2%2Ftags&post=14444"}],"curies":[{"name":"wp","href":"https:\/\/api.w.org\/{rel}","templated":true}]}}