{"id":14434,"date":"2023-07-15T09:33:20","date_gmt":"2023-07-15T07:33:20","guid":{"rendered":"https:\/\/nandi.info\/?p=14434"},"modified":"2023-07-15T09:33:20","modified_gmt":"2023-07-15T07:33:20","slug":"diplomatie-parlementaire-le-mali-tire-au-fusil-dassaut-pourse-faire-entendre-a-bruxelles","status":"publish","type":"post","link":"https:\/\/nandi.info\/?p=14434","title":{"rendered":"Diplomatie parlementaire : Le Mali tire au fusil d\u2019assaut pourse faire entendre \u00e0 Bruxelles !"},"content":{"rendered":"\n<p><strong><em>Les travaux de la 63e session de l\u2019Assembl\u00e9e parlementaire de l\u2019Organisation des \u00c9tats d\u2019Afrique, des Cara\u00efbes et du Pacifique (AP OEACP, 19-25juin) et de la 43e session de l\u2019Assembl\u00e9e parlementaire paritaire de l\u2019Organisation des Etats d\u2019Afrique, des Cara\u00efbes et du Pacifique-Union europ\u00e9enne (APP OEACP-UE, 25-28 juin 2023), ont pris fin \u00e0 Bruxelles, en Belgique, le 28 juin 2023.<\/em><\/strong><\/p>\n\n\n\n<p class=\"has-drop-cap\">Habitu\u00e9 de ce rendez-vous capital au cours duquel, collectivement et individuellement, les pays d\u00e9fendent leurs int\u00e9r\u00eats, le Mali \u00e9tait repr\u00e9sent\u00e9 par une forte d\u00e9l\u00e9gation du Conseil national de transition (CNT) conduite par son 1er vice-pr\u00e9sident, l\u2019honorable Assarid Ag Imbarcaouane. L\u2019\u00e9quipe du Mali \u00e9tait forte de trois autres personnes : les honorables Nouhoum Dabitao, 1er questeur, Drissa K\u00e9ita, chef de directeur de cabinet du pr\u00e9sident du CNT et Ramata Diaour\u00e9, membre du CNT.&nbsp; Les repr\u00e9sentants maliens ont \u00e9t\u00e9 accueillis le mardi 20 juin 2023, \u00e0 la Gare du Midi, par S. E. M. El Hadji Alhousseini Traor\u00e9, ambassadeur du Mali \u00e0 Bruxelles, et plusieurs de ses proches collaborateurs.<\/p>\n\n\n\n<p><strong>Subtilit\u00e9 et complexit\u00e9<\/strong><\/p>\n\n\n\n<p>D\u2019entr\u00e9e, il faut pr\u00e9ciser que les parlementaires maliens ont ralli\u00e9 la Capitale de l\u2019Europe avec un retard de 24 heures qui s\u2019explique par leur participation au scrutin r\u00e9f\u00e9rendaire du 18 juin dernier.&nbsp; Il convient aussi de pr\u00e9ciser que l\u2019Assembl\u00e9e parlementaire est le 3e organe de l\u2019OEACP apr\u00e8s le Sommet des chefs d\u2019Etat et de gouvernement et le Conseil des ministres. Celle qui vient de s\u2019achever, la 63e session AP OEACP, est une activit\u00e9 autonome de l\u2019OEACP. A cet effet, elle se d\u00e9roule exclusivement entre les 79 membres au si\u00e8ge de l\u2019organisation commune. Comme c\u2019est la r\u00e8gle, les travaux d\u00e9butent par d\u2019interminables pr\u00e9alables et se prolongent dans trois (3) commissions :<\/p>\n\n\n\n<p>\u2013 La Commission du d\u00e9veloppement \u00e9conomique, des finances et du commerce ;<\/p>\n\n\n\n<p>\u2013 La Commission des affaires sociales et de l\u2019environnement ;<\/p>\n\n\n\n<p>\u2013 La Commission des affaires politiques.<\/p>\n\n\n\n<p>La subtilit\u00e9 de la pratique parlementaire est que ces trois commissions sont transversales aux deux sessions parlementaires (AP OEACP et APP OEACP-UE) et, fort logiquement, leurs travaux pr\u00e9parent ceux de la session parlementaire paritaire avec les coll\u00e8gues europ\u00e9ens dont le cadre est, cette fois-ci, le Parlement europ\u00e9en. Ces deux sessions interviennent \u00e0 une \u00e9tape charni\u00e8re de la vie de l\u2019organisation qui fait sa mue, \u00e9voluant de l\u2019ancestrale organisation (ACP) vers la nouvelle entit\u00e9 (OEACP) avec, en ligne de mire, la conclusion d\u2019un nouvel accord (que nous \u00e9voquerons plus loin).<\/p>\n\n\n\n<p>Le Mali est membre de la Commission affaires politiques dont les travaux, dans la version OEACP (63e session), sont pr\u00e9sid\u00e9s par l\u2019honorable Assarid AG Imbarcaouane. Par contre, dans la version conjointe (43e APP OEACP-UE), il partage cette charge avec son coll\u00e8gue allemand Jean-Christophe Oetjen, du Groupe Renew.<\/p>\n\n\n\n<p><strong>Des \u00e9changes au couteau<\/strong><\/p>\n\n\n\n<p>Du perchoir de la Commission affaires politiques, il eut \u00e9t\u00e9 inconvenable que le 1er vice-pr\u00e9sident du CNT d\u2019allumer des m\u00e8ches qu\u2019il sait bien faire. Cette t\u00e2che a \u00e9t\u00e9 d\u00e9volue au diplomate malien en poste \u00e0 Bruxelles, l\u2019ambassadeur El hadji Alhousseini Traor\u00e9, qui a&nbsp;<strong>\u201cfait le job\u201d<\/strong>&nbsp;en pr\u00e9sentant un instantan\u00e9 de la situation socio-politique et s\u00e9curitaire du pays en insistant sur les nouveaux principes qui guident l\u2019action publique au Mali, la mont\u00e9e en puissance des Forces de d\u00e9fense et de s\u00e9curit\u00e9 ainsi que la volont\u00e9 in\u00e9branlable des autorit\u00e9s de la Transition de conduire le pays \u00e0 une vie constitutionnelle normale, aux termes d\u2019un processus apais\u00e9 et inclusif. L\u2019Ambassadeur Traor\u00e9 a notamment insist\u00e9 sur la r\u00e9ussite du r\u00e9f\u00e9rendum constitutionnel dont la publication des r\u00e9sultats, au moment de son intervention, \u00e9tait annonc\u00e9e pour imminente.<\/p>\n\n\n\n<p>Tour \u00e0 tour, les parlementaires membres de la Commission affaires politiques ont pris la parole pour pr\u00e9senter les derniers d\u00e9veloppements de l\u2019actualit\u00e9 dans leurs pays respectifs. En un laps de temps qui a paru une \u00e9ternit\u00e9 tant les pr\u00e9sentations se sont enchain\u00e9es, suivies de d\u00e9bats houleux, les membres de la Commission ont voyag\u00e9 de la r\u00e9gion des Grands lacs \u00e0 la Corne de l\u2019Afrique, avec des escales en RDC (R\u00e9publique d\u00e9mocratique du Congo), au Rwanda, au Soudan, au Tchad, en Somalie, etc.<\/p>\n\n\n\n<p>Ce c\u0153ur battant de l\u2019Afrique est travers\u00e9 par de nombreux conflits qui jettent sur les routes des centaines de milliers, voire des millions de personnes et accentuent des crises humanitaires absolument abominables qui trouvent un terreau favorable dans la pauvret\u00e9.<\/p>\n\n\n\n<p>Dans cette ambiance domin\u00e9e par les crises humanitaires, le pic des joutes a \u00e9t\u00e9 atteint quand le chef de la d\u00e9l\u00e9gation de la RDC a pris la parole pour d\u00e9noncer la guerre imp\u00e9rialiste que son pays subit de la part de puissances \u00e9trang\u00e8res et de leurs valets locaux. Sans jamais nommer le Rwanda, la d\u00e9l\u00e9gation de la RDC a clou\u00e9 au pilori un pays voisin qui entretient l\u2019instabilit\u00e9 \u00e0 l\u2019Est de son territoire, en finan\u00e7ant des milices sanguinaires et en pillant ses ressources mini\u00e8res. Il a m\u00eame us\u00e9 de la terminologie \u201cEtat voyou\u201d qui rappelle le lexique des n\u00e9o-conservateurs am\u00e9ricains de l\u2019\u00e9poque de Bush fils.<\/p>\n\n\n\n<p>La r\u00e9ponse du Rwanda, sans \u00eatre dans la m\u00eame tonalit\u00e9, a \u00e9t\u00e9, elle aussi, tranchante et incisive.&nbsp; Il a fallu toute la dext\u00e9rit\u00e9 du&nbsp;<strong>\u201cdoyen Assarid\u201d<\/strong>&nbsp;pour \u00e9courter ce duel au couteau qui \u00e9tait parti pour prendre en otage les d\u00e9bats.<\/p>\n\n\n\n<p><strong>La voix du Mali<\/strong><\/p>\n\n\n\n<p>Assarid, lui-m\u00eame, sortira des bois le lendemain, c\u2019est-\u00e0-dire le vendredi 23 juin 2023, \u00e0 l\u2019occasion de l\u2019ouverture officielle des travaux en pl\u00e9ni\u00e8re de la 63e session de l\u2019Assembl\u00e9e parlementaire OEACP, pr\u00e9sid\u00e9s par la mozambicaine, l\u2019honorable Ana Rita Sithole, pr\u00e9sidente de l\u2019Assembl\u00e9e parlementaire OEACP et co-pr\u00e9sidente de l\u2019Assembl\u00e9e parlementaire paritaire ACP-UE. Pour le 1er vice-pr\u00e9sident du CNT, la communication de Mme Diene K\u00e9ita, sous-secr\u00e9taire g\u00e9n\u00e9rale des Nations unies et directrice ex\u00e9cutive adjointe de l\u2019UNFPA, a \u00e9t\u00e9 du pain b\u00e9ni. Prenant fait et cause pour sa coll\u00e8gue ougandaise dont le pays a criminalis\u00e9 les&nbsp;<strong>\u201cd\u00e9viations sexuelles\u201d<\/strong>&nbsp;connues en Europe par leur acronyme LGBTQ+ (Lesbiennes, gays, bisexuelles, trans, queers, intersexes et autres identit\u00e9s de genre), le parlementaire malien a enfonc\u00e9 le clou.<\/p>\n\n\n\n<p>Il a totalement d\u00e9ni\u00e9 aux Europ\u00e9ens toute l\u00e9gitimit\u00e9 de vouloir ramener la question du genre dans la sph\u00e8re de leur coop\u00e9ration. Ces questions, a-t-il rappel\u00e9 avec un verbe haut, sont de la responsabilit\u00e9 des Etats OEACP. Il est all\u00e9 plus loin en invoquant la souverainet\u00e9 des Etats OEACP qui n\u2019accepteraient jamais quelque \u201coukase\u201d d\u2019o\u00f9 qu\u2019il vienne en cette mati\u00e8re. La sortie du doyen Assarid, diffus\u00e9e sur les antennes de l\u2019ORTM, le site et les r\u00e9seaux sociaux de l\u2019ambassade du Mali \u00e0 Bruxelles, a \u00e9t\u00e9 virale et continue de caracoler au hit-parade des vid\u00e9os les plus vues et partag\u00e9es sur de nombreuses plateformes.<\/p>\n\n\n\n<p>D\u00e9complex\u00e9s et en ayant gros sur le c\u0153ur face \u00e0 une Europe jug\u00e9e \u00e9go\u00efste et calculatrice, les parlementaires ont tir\u00e9 au fusil d\u2019assaut pour se faire entendre. Malgr\u00e9 leurs r\u00e9alit\u00e9s sp\u00e9cifiques et les barri\u00e8res linguistiques, les d\u00e9l\u00e9gu\u00e9s OEACP \u00e9taient admirables dans la coh\u00e9rence de leurs \u00e9l\u00e9ments de langage et le jeu de r\u00f4le parfaitement huil\u00e9 qui leur a permis de couvrir tout le champ des griefs faits aux europ\u00e9ens. Ces griefs vont de l\u2019instrumentalisation de la question des migrations aux promesses non tenues en mati\u00e8re d\u2019appui pour att\u00e9nuer les cons\u00e9quences des changements climatiques, en passant par les droits de l\u2019Homme, la parcimonie dans l\u2019octroi des visa, y compris aux officiels, le d\u00e9s\u00e9quilibre criard du commerce en faveur de l\u2019Europe, la sp\u00e9cialisation des OEACP dans l\u2019ingrat r\u00f4le de pourvoyeur des mati\u00e8res premi\u00e8res, l\u2019absence ou le peu d\u2019empressement dans le domaine du transfert des technologies, le parcours du combattant que constitue l\u2019aide au d\u00e9veloppement, le poids de la dette, la c\u00e9cit\u00e9 des europ\u00e9ens face \u00e0 la mis\u00e8re et aux conflits qui ruinent les pays membres de l\u2019OEACP, etc.<\/p>\n\n\n\n<p>Autant de casus belli qui cristallisent le courroux des parlementaires du groupe OEACP qui sont d\u00e9termin\u00e9s \u00e0 le dire \u00e0 leurs homologues europ\u00e9ens sans filtre.<\/p>\n\n\n\n<p>S\u2019ils ont pu donner l\u2019impression de n\u2019avoir pas \u00e9t\u00e9 bien pr\u00e9par\u00e9s lors de la session de f\u00e9vrier dernier, les parlementaires OEACP ont bien appris la le\u00e7on et se pr\u00e9senteront en rang serr\u00e9 face aux 27.<\/p>\n\n\n\n<p><strong>Changement de d\u00e9cor<\/strong><\/p>\n\n\n\n<p>C\u2019est gonfl\u00e9s \u00e0 bloc que les parlementaires OEACP se sont transport\u00e9s au Parlement europ\u00e9en le 25 juin 2023 pour la seconde \u00e9tape de leurs travaux, \u00e0 savoir la 43e session de l\u2019Assembl\u00e9e parlementaire paritaire OEACP-UE.<\/p>\n\n\n\n<p>Trois pr\u00e9occupations majeures constituaient le plat de r\u00e9sistance de la 43e session : a) les mati\u00e8res premi\u00e8res critiques, la transition \u00e9nerg\u00e9tique et le changement climatique dans la coop\u00e9ration UE-OEACP ; b) les menaces hybrides ; c) la r\u00e9forme du Conseil de s\u00e9curit\u00e9 de l\u2019Organisation des Nations unies.<\/p>\n\n\n\n<p>A c\u00f4t\u00e9, deux (2) sujets urgents assortis de r\u00e9solutions figuraient aussi \u00e0 l\u2019ordre du jour : la situation humanitaire et s\u00e9curitaire en Ha\u00efti et la situation humanitaire dans les pays de l\u2019OEACP touch\u00e9s par le terrorisme et l\u2019extr\u00e9misme violent (dernier membre de phrase propos\u00e9 par le Mali et adjug\u00e9).<\/p>\n\n\n\n<p>Il faut dire que notre pays \u00e9tait d\u2019ailleurs vis\u00e9 par cette derni\u00e8re r\u00e9solution. Comme on pouvait s\u2019y attendre, notre d\u00e9l\u00e9gation a jou\u00e9 son va-tout dans les coulisses comme en travaux au sein de la Commission de conciliation pour raboter les asp\u00e9rit\u00e9s de la proposition de r\u00e9solution. A l\u2019arriv\u00e9e, nos parlementaires ont obtenu, de haute lutte, une r\u00e9solution qui leur ressemblait et, manifestement, pouvaient jubiler \u00e0 la pl\u00e9ni\u00e8re d\u2019ouverture.<\/p>\n\n\n\n<p>Presque dans les m\u00eames dispositions, il y a eu les d\u00e9bats conjoints dans les trois commissions permanentes, l\u2019ouverture solennelle des travaux de la 43e session le 26 juin et le vote sur les propositions de r\u00e9solutions (les r\u00e9solutions des commissions permanentes et le vote des r\u00e9solutions d\u2019urgence).<\/p>\n\n\n\n<p>Pour ce qui est des commissions permanentes, les d\u00e9bats ont port\u00e9 sur les sujets ci-apr\u00e8s :<\/p>\n\n\n\n<p>\u2013 Renforcer la coop\u00e9ration en mati\u00e8re de s\u00fbret\u00e9 maritime et promouvoir l\u2019\u00e9tat de droit sur les oc\u00e9ans ;<\/p>\n\n\n\n<p>\u2013 La liste de l\u2019Union des pays et territoires non coop\u00e9ratifs \u00e0 des fins fiscales et la liste des pays tiers en mati\u00e8re de lutte contre le blanchiment de capitaux et le financement du terrorisme ;<\/p>\n\n\n\n<p>\u2013 Renforcer la solidarit\u00e9 parlementaire et la volont\u00e9 politique en faveur de la s\u00e9curit\u00e9 routi\u00e8re dans les pays membres de l\u2019OEACP et de l\u2019Union, y compris en ce qui concerne la s\u00e9curit\u00e9 des infrastructures. )<\/p>\n\n\n\n<p>S\u2019agissant du dernier acte de la session, le vote des r\u00e9solutions par les deux parties, les parlementaires OEACP ont encore en m\u00e9moire le fait qu\u2019ils ont moins bien r\u00e9ussi cet exercice en f\u00e9vrier dernier. Pour donc faire le plein des votes, le doyen Assarid a \u00e9t\u00e9 sollicit\u00e9 pour prendre place au pr\u00e9sidium \u00e0 c\u00f4t\u00e9 des co-pr\u00e9sidents lusophones Ana Rita Sithole (Mozambique) et Carlos Zorrinho (Portugal).<\/p>\n\n\n\n<p>La strat\u00e9gie a \u00e9t\u00e9 payante et les r\u00e9solutions, dont certaines ont \u00e9t\u00e9 soumises au vote s\u00e9par\u00e9, ont \u00e9t\u00e9 adjug\u00e9es ou rejet\u00e9es en fonction des consignes de vote.<\/p>\n\n\n\n<p><strong>Expectative, incompr\u00e9hensions et inqui\u00e9tude<\/strong><\/p>\n\n\n\n<p>Bruxelles a v\u00e9cu ! Les parlementaires OEACP, pour l\u2019essentiel, ont regagn\u00e9 leurs capitales respectives avec le sentiment d\u2019avoir accompli leur part de boulot. Pourtant, ils ne sont pas dupes et savent que l\u2019avenir de leur partenariat avec les 27 s\u2019inscrit en ce moment en pointill\u00e9. En effet, depuis le d\u00e9clenchement de l\u2019Op\u00e9ration sp\u00e9ciale russe le 24 f\u00e9vrier 2022, l\u2019Europe n\u2019a d\u2019yeux que pour l\u2019Ukraine, le pourtour m\u00e9diterran\u00e9en, les ensembles \u00e9mergents et sa relation transatlantique.<\/p>\n\n\n\n<p>Pour marquer un certain appauvrissement de l\u2019ancienne relation privil\u00e9gi\u00e9e OEACP-UE, les 27 sont pass\u00e9s au forceps en imposant dans le nouvel accord la pilule am\u00e8re des trois (03) assembl\u00e9es correspondant \u00e0 l\u2019Afrique, aux Cara\u00efbes et au Pacifique. Se faisant, elle se trouverait en position de force face \u00e0 chaque bloc et imposerait ses vues.<\/p>\n\n\n\n<p>Malgr\u00e9 cette malice \u00e0 l\u2019allure de trahison, les pays OEACP n\u2019entendent pas se laisser faire. Ils exigent de l\u2019Europe, et le disent urbi et orbi, de les consid\u00e9rer pour ce qu\u2019ils sont, en l\u2019occurrence leur \u00e9gal.&nbsp; Que leurs points de vue soient requis et pris en compte en toute mati\u00e8re. Pour rappel, l\u2019OEACP est constitu\u00e9e de 79 pays membres de l\u2019Organisation des Etats d\u2019Afrique, des Cara\u00efbes et du Pacifique et traitent avec l\u2019Union europ\u00e9enne \u00e0 travers un accord appel\u00e9&nbsp;<strong>\u201cAccord de Cotonou\u201d<\/strong>&nbsp;arriv\u00e9 \u00e0 \u00e9ch\u00e9ance depuis deux ans. Un nouvel accord a \u00e9t\u00e9 conclu aux termes d\u2019un cycle de n\u00e9gociations laborieuses. Sa signature est pr\u00e9vue \u00e0 Apia, capitale des Iles Samoa, dans le Pacifique, mais se heurte au blocage incompr\u00e9hensible de la Hongrie (r\u00e9serve lev\u00e9e depuis) et de la Pologne.<\/p>\n\n\n\n<p>Pour \u00e9viter un vide juridique \u00e0 partir du 30 juin 2023, les 27 pays de l\u2019UE ont propos\u00e9 aux 79 membres OEACP une nouvelle rallonge de quatre (4) mois, esp\u00e9rant que ce d\u00e9lai sera suffisant pour travailler au corps la seule Pologne afin qu\u2019elle l\u00e8ve ses r\u00e9serves qui p\u00e9nalisent un partenariat ant\u00e9rieur \u00e0 son adh\u00e9sion \u00e0 l\u2019UE qui remonte seulement au 1er mai 2004.&nbsp;&nbsp;<strong>&nbsp;&nbsp;&nbsp;&nbsp;&nbsp;&nbsp;&nbsp;&nbsp;&nbsp;&nbsp;&nbsp;&nbsp;&nbsp;&nbsp;&nbsp;&nbsp;&nbsp;&nbsp;&nbsp;&nbsp;&nbsp;&nbsp;&nbsp;&nbsp;&nbsp;&nbsp;&nbsp;&nbsp;&nbsp;&nbsp;&nbsp;&nbsp;&nbsp;&nbsp;&nbsp;&nbsp;<\/strong><\/p>\n\n\n\n<p><strong>&nbsp;&nbsp;Diarra Diakit\u00e9, Ambassade du Mali \u00e0 Bruxelles<\/strong><\/p>\n","protected":false},"excerpt":{"rendered":"<p>Les travaux de la 63e session de l\u2019Assembl\u00e9e parlementaire de l\u2019Organisation des \u00c9tats d\u2019Afrique, des Cara\u00efbes et du Pacifique (AP OEACP, 19-25juin) et de la 43e session de l\u2019Assembl\u00e9e parlementaire&hellip;<\/p>\n","protected":false},"author":1,"featured_media":14436,"comment_status":"open","ping_status":"closed","sticky":false,"template":"","format":"standard","meta":{"content-type":"","_lmt_disableupdate":"","_lmt_disable":"","_jetpack_memberships_contains_paid_content":false,"footnotes":"","jetpack_publicize_message":"","jetpack_publicize_feature_enabled":true,"jetpack_social_post_already_shared":true,"jetpack_social_options":{"image_generator_settings":{"template":"highway","default_image_id":0,"font":"","enabled":false},"version":2}},"categories":[19,105,23,92],"tags":[],"class_list":["post-14434","post","type-post","status-publish","format-standard","has-post-thumbnail","hentry","category-aujourdhui-mali","category-diplomatie","category-politique","category-slider"],"jetpack_publicize_connections":[],"featured_image_urls":{"full":"","thumbnail":"","medium":"","medium_large":"","large":"","1536x1536":"","2048x2048":"","penci-recipe-1200x1200":"","penci-recipe-1200x900":"","penci-recipe-1200x675":"","penci-single-full":"","penci-slider-full-thumb":"","penci-full-thumb":"","penci-slider-thumb":"","penci-magazine-slider":"","penci-thumb":"","penci-masonry-thumb":"","penci-thumb-square":"","penci-thumb-vertical":"","penci-thumb-small":""},"author_info":{"display_name":"Nandi","author_link":"https:\/\/nandi.info\/?author=1"},"category_info":"<a href=\"https:\/\/nandi.info\/?cat=19\" rel=\"category\">Aujourd\u2019hui Mali<\/a> <a href=\"https:\/\/nandi.info\/?cat=105\" rel=\"category\">Diplomatie<\/a> <a href=\"https:\/\/nandi.info\/?cat=23\" rel=\"category\">Politique<\/a> <a href=\"https:\/\/nandi.info\/?cat=92\" rel=\"category\">Slider<\/a>","tag_info":"Slider","comment_count":"0","jetpack_featured_media_url":"","jetpack_sharing_enabled":true,"_links":{"self":[{"href":"https:\/\/nandi.info\/index.php?rest_route=\/wp\/v2\/posts\/14434","targetHints":{"allow":["GET"]}}],"collection":[{"href":"https:\/\/nandi.info\/index.php?rest_route=\/wp\/v2\/posts"}],"about":[{"href":"https:\/\/nandi.info\/index.php?rest_route=\/wp\/v2\/types\/post"}],"author":[{"embeddable":true,"href":"https:\/\/nandi.info\/index.php?rest_route=\/wp\/v2\/users\/1"}],"replies":[{"embeddable":true,"href":"https:\/\/nandi.info\/index.php?rest_route=%2Fwp%2Fv2%2Fcomments&post=14434"}],"version-history":[{"count":0,"href":"https:\/\/nandi.info\/index.php?rest_route=\/wp\/v2\/posts\/14434\/revisions"}],"wp:featuredmedia":[{"embeddable":true,"href":"https:\/\/nandi.info\/index.php?rest_route=\/"}],"wp:attachment":[{"href":"https:\/\/nandi.info\/index.php?rest_route=%2Fwp%2Fv2%2Fmedia&parent=14434"}],"wp:term":[{"taxonomy":"category","embeddable":true,"href":"https:\/\/nandi.info\/index.php?rest_route=%2Fwp%2Fv2%2Fcategories&post=14434"},{"taxonomy":"post_tag","embeddable":true,"href":"https:\/\/nandi.info\/index.php?rest_route=%2Fwp%2Fv2%2Ftags&post=14434"}],"curies":[{"name":"wp","href":"https:\/\/api.w.org\/{rel}","templated":true}]}}