{"id":14414,"date":"2023-07-15T09:12:06","date_gmt":"2023-07-15T07:12:06","guid":{"rendered":"https:\/\/nandi.info\/?p=14414"},"modified":"2023-07-15T09:12:06","modified_gmt":"2023-07-15T07:12:06","slug":"dr-choguel-kokalla-maiga-a-louverture-de-la-biennale-la-tenue-de-la-biennale-permet-de-magnifier-les-ideaux-et-les-valeurs-qui-permettent-de-renouer-avec-lhistoire-de-notre","status":"publish","type":"post","link":"https:\/\/nandi.info\/?p=14414","title":{"rendered":"Dr. Choguel Kokalla Ma\u00efga \u00e0 l\u2019ouverture de la biennale \u201cLa tenue de la Biennale permet de magnifier les id\u00e9aux et les valeurs qui permettent de renouer avec l\u2019histoire de notre pays \u2026\u201d"},"content":{"rendered":"\n<h2 class=\"wp-block-heading\"><strong>\u201cCette reprise est une volont\u00e9 politique affich\u00e9e\u00a0par le pr\u00e9sident de la Transition Assimi Go\u00efta\u201d<\/strong><\/h2>\n\n\n\n<p><strong><em>La c\u00e9r\u00e9monie d\u2019ouverture de la Biennale a \u00e9t\u00e9 une tribune pour le Premier ministre Dr. Choguel Kokalla Ma\u00efga, qui repr\u00e9sentait du pr\u00e9sident de la Transition le colonel Assimi Go\u00efta, de rappeler que la tenue de cette \u00e9dition de la Biennale est une volont\u00e9 politique affich\u00e9e par le pr\u00e9sident de la Transition Assimi Go\u00efta.<\/em><\/strong><\/p>\n\n\n\n<p class=\"has-drop-cap\">Dans son allocution, le Premier ministre Dr. Choguel Kokalla Ma\u00efga a rappel\u00e9 que la Biennale artistique et culturelle se tient \u00e0 un moment o\u00f9 le Mali tant \u00e9prouv\u00e9 conna\u00eet des \u00e9pisodes funestes marqu\u00e9s par des atrocit\u00e9s dignes d\u2019une autre \u00e9poque, perp\u00e9tr\u00e9es sur les populations maliennes ainsi que sur les hommes engag\u00e9s pour la d\u00e9fense de la patrie. Il a eu une pens\u00e9e pieuse pour toutes les personnes civiles et militaires victimes des barbaries.&nbsp;<em>\u201cNous ne les oublierons jamais\u201d<\/em>, a-t-il promis. En leur m\u00e9moire, il a fait observer une minute de m\u00e9ditation et de pri\u00e8res dans la pi\u00e9t\u00e9 du silence. Il a adress\u00e9 au pr\u00e9sident de la Transition ses remerciements pour sa vision \u00e9clair\u00e9e, celle de faire du Mali une nation ancr\u00e9e dans ses valeurs ancestrales, une nation tourn\u00e9e vers son destin.<\/p>\n\n\n\n<p>Selon le Premier ministre, la reprise de la Biennale artistique et culture est une volont\u00e9 politique affich\u00e9e par le pr\u00e9sident de la Transition Assimi Go\u00efta. Cette volont\u00e9 s\u2019inscrit \u00e9galement dans le cadre de la mise en \u0153uvre du Plan d\u2019action du gouvernement, du Cadre strat\u00e9gique de la refondation de l\u2019Etat et de l\u2019Accord pour la paix et la r\u00e9conciliation, issu du processus d\u2019Alger.Il a souhait\u00e9 la chaleureuse bienvenue aux participants \u00e0 Mopti,&nbsp;<em>\u201cla Venise malienne\u201d<\/em>, la&nbsp;<em>\u201cSoudou Baba\u201d<\/em>, ville carrefour, ville cosmopolite, une mosa\u00efque de toutes les ethnies du Mali, une terre de grands hommes, mais aussi un creuset de valeurs soci\u00e9tales du&nbsp;<em>\u201cmaya\u201d<\/em>&nbsp;(humanisme), du \u201c<em>jatigiya\u201d<\/em>&nbsp;(hospitalit\u00e9) et du&nbsp;<em>\u201cdanbe\u201d<\/em>&nbsp;(honneur et dignit\u00e9).<\/p>\n\n\n\n<p>Au nom du pr\u00e9sident de la Transition, le colonel Assimi Go\u00efta, le Premier ministre, chef du gouvernement, Dr. Choguel Kokalla Ma\u00efga, a salu\u00e9 tous les h\u00f4tes, singuli\u00e8rement les fr\u00e8res ministres en charge de la Culture&nbsp; de Guin\u00e9e, Alpha Soumah et du Burkina Faso, Rimtalba Jean Emmanuel Ou\u00e9draogo, pour l\u2019honneur qu\u2019ils ont fait d\u2019\u00eatre \u00e0 la Biennale, symbole de dialogue interculturel et d\u2019int\u00e9gration sous-r\u00e9gionale.&nbsp;<em>\u201cVos pr\u00e9sences \u00e0 nos c\u00f4t\u00e9s t\u00e9moignent de l\u2019excellence de nos relations de fraternit\u00e9\u201d<\/em>, a-t-il dit.<\/p>\n\n\n\n<p>Le Premier ministre a ajout\u00e9 que la Biennale artistique et culturelle\/Mopti 2023, s\u2019ouvre dans un contexte particuli\u00e8rement difficile pour le Mali, au regard de la situation s\u00e9curitaire et humanitaire.&nbsp;<em>\u201cR\u00e9unir la communaut\u00e9 culturelle dans toute sa diversit\u00e9 pour c\u00e9l\u00e9brer la Biennale dans ce contexte, revient \u00e0 magnifier les id\u00e9aux et les valeurs qui permettent de renouer avec l\u2019histoire de notre pays et notre h\u00e9ritage commun, indivisible dans son essence, tant il est vrai que la culture est l\u2019\u00e2me vivifiante d\u2019un peuple. Cet \u00e9v\u00e9nement majeur qui fait la fiert\u00e9 de notre pays depuis sa cr\u00e9ation, il y a de cela 63 ans, conna\u00eet un engouement au fil des \u00e9ditions et une v\u00e9ritable effervescence culturelle. Cette convergence des intelligences et des \u00e9nergies en vue de la c\u00e9l\u00e9bration de la Biennale de la culture, est \u00e0 mettre \u00e0 l\u2019actif de nos illustres devanciers qui ont su tracer les sillons et poser les jalons pour que le peuple malien entre dans l\u2019histoire des nations qui ont fait de leur culture, une force cr\u00e9atrice, r\u00e9g\u00e9n\u00e9ratrice, lib\u00e9ratrice et r\u00e9affirmatrice de son identit\u00e9 culturelle longtemps ternie par la nuit coloniale. L\u2019organisation de cette \u00e9dition de la Biennale artistique et culturelle \u00e0 Mopti montre que notre pays, le Mali, pays des hommes d\u2019honneur, est r\u00e9silient et reste debout malgr\u00e9 le contexte s\u00e9curitaire difficile et les vicissitudes du moment.<\/em><\/p>\n\n\n\n<p><em>Le Mali reste debout et notre peuple est confiant en son avenir, d\u00e9termin\u00e9 \u00e0 vaincre l\u2019hydre terrorisme gr\u00e2ce aux Forces arm\u00e9es et de s\u00e9curit\u00e9 (FAMa) que je salue pour leur sacrifice quotidien au service du Mali. Le Mali est debout sur les remparts de la d\u00e9fense de la patrie malgr\u00e9 les adversit\u00e9s. Le Mali reste debout gr\u00e2ce \u00e0 sa culture mill\u00e9naire investie de diff\u00e9rentes valeurs comme celle d\u2019\u00eatre un \u00abfacteur de coh\u00e9sion sociale\u00bb permettant le \u00abbrassage des populations\u00bb, gr\u00e2ce notamment \u00e0 la l\u00e9gendaire jatigiya (hospitalit\u00e9) malienne, \u00abl\u2019hospitalit\u00e9\u00bb, une culture qui permet d\u2019aller au rendez-vous du donner et du recevoir. La culture est un facteur d\u2019unit\u00e9, de coh\u00e9sion et d\u2019identit\u00e9s nationales. Elle est lib\u00e9ratrice du peuple de toutes les forces d\u2019ali\u00e9nation et d\u2019oppression. C\u2019est une arme de combat, un instrument pour adapter le monde \u00e0 nos besoins et \u00e0 nos aspirations ou accomplir une n\u00e9cessaire adaptation de notre \u00eatre au monde\u201d,<\/em>&nbsp;a-t-il d\u00e9clar\u00e9.<\/p>\n\n\n\n<p>Aux dires du chef du gouvernement, le choix de la r\u00e9gion de Mopti pour abriter la pr\u00e9sente la Biennale 2023 est un choix de raison. Et pendant 10 jours, Mopti sera la capitale artistique et culturelle du Mali, l\u2019h\u00f4te du Mali. Il a rappel\u00e9 que la Biennale artistique et culturelle est cr\u00e9\u00e9e aux premi\u00e8res heures de l\u2019ind\u00e9pendance.<\/p>\n\n\n\n<p>Elle est une manifestation populaire qui met en comp\u00e9tition les formations artistiques, les artistes et cr\u00e9ateurs des r\u00e9gions du pays.&nbsp; Son objectif global est de favoriser le brassage et l\u2019interp\u00e9n\u00e9tration des populations et de contribuer \u00e0 l\u2019\u00e9mergence d\u2019une culture de paix et de citoyennet\u00e9.&nbsp;<em>\u201cD\u00e8s son accession \u00e0 l\u2019ind\u00e9pendance, le Mali a pris conscience de l\u2019urgence et de la n\u00e9cessit\u00e9 de r\u00e9affirmer son identit\u00e9 culturelle longtemps ternie par la nuit coloniale et de faire d\u00e9couvrir aux jeunes g\u00e9n\u00e9rations la richesse et la diversit\u00e9 de son patrimoine culturel. La Biennale est \u00e0 la fois tout \u00e7a. Elle a \u00e9t\u00e9 con\u00e7ue dans un esprit de transversalit\u00e9 des objectifs par les p\u00e8res fondateurs. Ce qui nous permet aujourd\u2019hui de ne pas cloisonner la Biennale dans une configuration unitaire et soliste. Cet \u00e9v\u00e9nement est la chose de tous les enfants du Mali et personne ne doit ou ne peut \u00eatre laiss\u00e9 sur le bord de la route dans son organisation et dans sa mise en \u0153uvre. Cet \u00e9tat de fait a \u00e9t\u00e9 une r\u00e9alit\u00e9 \u00e0 chaque \u00e9tape de l\u2019organisation de cette \u00e9dition, tant chaque membre du gouvernement a fait sien le retour de la Biennale. Au-del\u00e0 donc de la n\u00e9cessit\u00e9 de son retour, la Biennale, dans le contexte de sortie de crise, est avant tout pour nous, Maliens, une autre promesse tenue par Son Excellence, le colonel Assimi Go\u00efta, pr\u00e9sident de la Transition, chef de l\u2019Etat. Ce n\u2019est pas su de tous, mais le retour de la Biennale est une r\u00e9ponse \u00e0 une demande forte du peuple malien, une forte recommandation des Assises nationales de la refondation. Elle s\u2019inscrit \u00e9galement dans le cadre de la mise en \u0153uvre du Plan d\u2019action du gouvernement, du Cadre strat\u00e9gique de la refondation de l\u2019Etat et de l\u2019Accord pour la paix et la r\u00e9conciliation issu du processus d\u2019Alger. Cette manifestation culturelle est un effort de rapprochement des peuples dans une dynamique de destruction d\u00e9finitive des barri\u00e8res entre eux. Le Retour de la paix passe par le symbole et les exemples. La Biennale Artistique et Culturelle est une \u0153uvre nationale, un appel au sursaut patriotique, un espace de communion, de solidarit\u00e9 et une r\u00e9sistance culturelle et un refus clair de l\u2019obscurantisme.<\/em><\/p>\n\n\n\n<p><em>A l\u2019image de nombreux Etats-nations africains nouvellement ind\u00e9pendants, le Mali s\u2019est<\/em>&nbsp;tourn\u00e9 vers ses ressources culturelles pour construire son identit\u00e9 nationale, a-t-il indiqu\u00e9.<\/p>\n\n\n\n<p><strong>\u201cLa Biennale est l\u2019affaire de la nation tout enti\u00e8re\u2026\u201d<\/strong><\/p>\n\n\n\n<p>Pour le Premier ministre, la Biennale est l\u2019affaire de la nation tout enti\u00e8re. Elle appara\u00eet comme un cadre privil\u00e9gi\u00e9 d\u2019\u00e9ducation de la jeunesse, de manifestation de la solidarit\u00e9 et un moyen de consolider l\u2019unit\u00e9 nationale.&nbsp;<em>\u201cD\u2019un point de vue p\u00e9dagogique, la Biennale peut \u00eatre consid\u00e9r\u00e9e comme une \u00e9cole nationale de formation artistique puisque la plupart des artistes maliens reconnus internationalement en sont issus. Ainsi, la Biennale a permis l\u2019\u00e9closion des grands noms de la sc\u00e8ne musicale malienne comme Abdoulaye Diabat\u00e9, Ali Farka Tour\u00e9, Oumou Sangar\u00e9, Nahawa Doumbia, Dj\u00e9n\u00e9ba Seck, Diallou Damba, Ha\u00efra Arby, etc. En effet ces artistes de renomm\u00e9e internationale ont fait leurs premiers pas sur les sc\u00e8nes de ce grand forum de notre jeunesse. Nous devons en particulier d\u00e9velopper constamment chez nos jeunes l\u2019amour de la famille, l\u2019amour de la patrie, le respect du bien public, l\u2019attachement \u00e0 nos valeurs, \u00e0 notre culture, une formation civique.<\/em><\/p>\n\n\n\n<p><em>Dans ce processus permanent d\u2019\u00e9ducation de la jeunesse, la Biennale constitue un moment privil\u00e9gi\u00e9 permettant de prendre la mesure de la mobilisation, de l\u2019engagement et de la maturit\u00e9 politique de la jeunesse, la mystique de l\u2019unit\u00e9 : unit\u00e9 nationale \u00e0 consolider, unit\u00e9 du continent \u00e0 b\u00e2tir. La jeunesse doit contribuer au bonheur et \u00e0 la prosp\u00e9rit\u00e9 du Mali et de l\u2019Afrique. Quel peut \u00eatre le r\u00f4le de l\u2019art et de la culture dans cette t\u00e2che ? Ce que notre peuple a fait de plus grand, il le doit \u00e0 son g\u00e9nie culturel. En ce si\u00e8cle atroce o\u00f9 la vie m\u00eame de l\u2019humanit\u00e9 est menac\u00e9e par les agressions et les ali\u00e9nations de toutes sortes, seule la culture et c\u2019est en cela que r\u00e9side son \u00e9minente dignit\u00e9 seule la culture peut donner \u00e0 l\u2019homme, une chance de salut. La Biennale est une manifestation concr\u00e8te de la solidarit\u00e9 nationale\u201d,<\/em>&nbsp;a-t-il soutenu.<\/p>\n\n\n\n<p><strong>&nbsp;Cadre d\u2019\u00e9closion de talents, de coh\u00e9sion sociale<\/strong><\/p>\n\n\n\n<p>Evoquant la pr\u00e9sente \u00e9dition plac\u00e9e sous le th\u00e8me :&nbsp;<em>\u201cLe Mali, une Histoire commune, une seule nation, un m\u00eame destin\u201d<\/em>, le Premier ministre a fait remarquer que le monde attend de voir le Mali se r\u00e9concilier.&nbsp;<em>\u201cLe monde a un signal fort dans ce stade Bar\u00e9ma Bocoum o\u00f9 se retrouvent tous les enfants du Mali, sans distinction de parti ou de religion. Notre devise Un Peuple, Un But, une Foi s\u2019incarne dans la r\u00e9alit\u00e9 de nos v\u00e9cus. Pendant 10 jours, des filles et des fils nourris \u00e0 la m\u00eame mamelle, s\u2019engagent \u00e0 briser les barri\u00e8res de la couleur, de la division, de l\u2019ethnie, de l\u2019obscurantisme etc. revendiquant le m\u00eame h\u00e9ritage ancestral, un destin commun magnifiant leur m\u00e8re Patrie.<\/em><\/p>\n\n\n\n<p><em>Ils ont des valeurs communes qui transforment les sp\u00e9cificit\u00e9s en compl\u00e9mentarit\u00e9s, donc en richesses. Et c\u2019est le message de cette Biennale orient\u00e9e vers ce que l\u2019homme a de meilleur, ce lait de la tendresse humaine qui abreuve ceux qui viennent du Sud et du Nord, de l\u2019Ouest, de l\u2019Est et du Centre. C\u2019est cela le Mali, un Peuple, un But, une Foi, et cela transcende les r\u00e9gions, les religions et les extractions communautaires appel\u00e9es ethnies. Je souhaite que ce signal soit un signal pour notre jeunesse qui a subi les impacts n\u00e9fastes des crises politiques et s\u00e9curitaires.<\/em><\/p>\n\n\n\n<p><em>La Biennale artistique et culturelle est la repr\u00e9sentation et l\u2019expression profonde de notre tr\u00e9fonds culturel et de nos r\u00e9alit\u00e9s quotidiennes. Nous devons \u00e0 cet effet, soutenir et appuyer ce rendez-vous de la jeunesse du Mali. Parce que la Biennale favorise, non seulement l\u2019\u00e9closion d\u2019artistes de talent, mais demeure aussi un excellent cadre de coh\u00e9sion et de renforcement des liens sociaux entre les jeunes\u201d<\/em>, a-t-il soulign\u00e9.<\/p>\n\n\n\n<p><strong>&nbsp;&nbsp;&nbsp;&nbsp;&nbsp;&nbsp;&nbsp;&nbsp;&nbsp;&nbsp;&nbsp;&nbsp;&nbsp;&nbsp;&nbsp;&nbsp;&nbsp;&nbsp;&nbsp;&nbsp;&nbsp;&nbsp;&nbsp;&nbsp;&nbsp;&nbsp;&nbsp;&nbsp;&nbsp;&nbsp;&nbsp;&nbsp;&nbsp;&nbsp;&nbsp;&nbsp;&nbsp;&nbsp;&nbsp;&nbsp;&nbsp;&nbsp;&nbsp;&nbsp;&nbsp;&nbsp;&nbsp;&nbsp;&nbsp;&nbsp;&nbsp;&nbsp;&nbsp; Siaka Doumbia Envoy\u00e9 sp\u00e9cial \u00e0 Mopti<\/strong><\/p>\n\n\n\n<p><\/p>\n\n\n\n<h2 class=\"wp-block-heading\"><strong>Biennale artistique et culturelle mopti-2023 :<\/strong> <strong>Unit\u00e9 nationale, vivre ensemble et d\u00e9veloppement socio-\u00e9conomique et culturel\u2026 en mire<\/strong><\/h2>\n\n\n\n<p><strong><em>Mopti abrite du 6 au 17 juillet 2023 l\u2019\u00e9dition 2023 de la Biennale artistique et culturelle. La tenue de la Biennale 2023 \u00e0 Mopti, selon le ministre de l\u2019Artisanat, de la Culture, de l\u2019Industrie h\u00f4teli\u00e8re et du Tourisme, Andogoly Guindo, est un marqueur de la continuit\u00e9 de la Biennale artistique et culturelle apr\u00e8s l\u2019\u00e9dition sp\u00e9ciale de 2017. Le th\u00e8me de la Biennale artistique et culturelle de Mopti est : \u201cLe Mali, une histoire commune, une seule nation, m\u00eame destin\u201d.<\/em><\/strong><\/p>\n\n\n\n<p class=\"has-drop-cap\">En pr\u00e9lude \u00e0 la tenue de la Biennale artistique et culturelle \u00e0 Mopti, le ministre de l\u2019Artisanat, de la Culture, de l\u2019Industrie h\u00f4teli\u00e8re et du Tourisme, Andogoly Guindo, a rappel\u00e9 que la Biennale est un espace d\u2019expression culturelle cr\u00e9\u00e9 sous l\u2019impulsion du gouvernement de la Premi\u00e8re R\u00e9publique du Mali ind\u00e9pendant. Elle est un cadre de rencontre des cultures, de brassage socioculturel, d\u2019interp\u00e9n\u00e9tration des populations. Elle est une manifestation populaire et nationale qui met en comp\u00e9tition les formations artistiques, les artistes et cr\u00e9ateurs des communes, des cercles et des r\u00e9gions du Mali.<\/p>\n\n\n\n<p>La manifestation biannuelle a d\u00e9but\u00e9 sous la banni\u00e8re de la&nbsp;<strong>\u201cSemaine de la jeunesse\u201d<\/strong>&nbsp;sous plusieurs formats avant de devenir&nbsp;<strong>\u201cBiennale artistique et culturelle du Mali\u201d<\/strong>. Son objectif g\u00e9n\u00e9ral est de faire de la culture le levier de l\u2019unit\u00e9 nationale, de la paix, de la coh\u00e9sion sociale, du vivre ensemble&nbsp; et du d\u00e9veloppement socio\u00e9conomique et culturel du Mali. Ses objectifs sp\u00e9cifiques sont, entre autres, sauvegarder l\u2019identit\u00e9 culturelle nationale, promouvoir la diversit\u00e9 des expressions artistiques et culturelles, contribuer \u00e0 la consolidation de la fibre patriotique, de l\u2019unit\u00e9 nationale et de la coh\u00e9sion sociale \u00e0 travers l\u2019exploitation du patrimoine culturel, favoriser le brassage et le dialogue inter et intra culturels, favoriser l\u2019implantation des infrastructures culturelles locales et r\u00e9gionales ; d\u00e9velopper la culture du patriotisme et contribuer \u00e0 la construction citoyenne \u00e0 travers la culture, stimuler la cr\u00e9ativit\u00e9, l\u2019innovation en soutenant l\u2019\u00e9mergence des jeunes talents&nbsp; faire des industries culturelles et cr\u00e9atives un vecteur de d\u00e9veloppement harmonieux et durable du Mali, faire de la r\u00e9gion d\u2019accueil, entre deux \u00e9ditions, la capitale culturelle du Mali.<\/p>\n\n\n\n<p>Le ministre de l\u2019Artisanat, de la Culture, de l\u2019Industrie h\u00f4teli\u00e8re et du Tourisme a soulign\u00e9 que la tenue de la Biennale 2023 \u00e0 Mopti est un marqueur de la continuit\u00e9 de la Biennale artistique et culturelle apr\u00e8s l\u2019\u00e9dition sp\u00e9ciale de 2017. La tenue de cette \u00e9dition est d\u2019une importance capitale. Elle vise \u00e0 permettre le vivre ensemble des populations qui ont \u00e9t\u00e9 \u00e9branl\u00e9es par les crises s\u00e9curitaires, sanitaires et institutionnelles.<\/p>\n\n\n\n<p><em>\u201cLes r\u00e9gions du Centre du Mali ont \u00e9t\u00e9 le th\u00e9\u00e2tre d\u2019une grave crise s\u00e9curitaire qui a provoqu\u00e9 une profonde d\u00e9chirure du tissu social, entra\u00een\u00e9 la m\u00e9fiance, voire la haine, le repli identitaire, des conflits entre populations ayant v\u00e9cu en parfaite harmonie depuis des si\u00e8cles. Et, plus loin, notre pays fait face \u00e0 un effritement des valeurs soci\u00e9tales comme la tol\u00e9rance, le pardon, la solidarit\u00e9, l\u2019entraide, des valeurs qui constituent le socle sur lequel s\u2019est b\u00e2tie l\u2019unit\u00e9 de la nation malienne. Toutes choses qui ont \u00e9branl\u00e9 les fondamentaux de notre soci\u00e9t\u00e9 comme la coh\u00e9sion sociale, le \u00abvivre ensemble\u00bb et le \u00abfaire ensemble\u00bb, gages de paix, d\u2019unit\u00e9 nationale et de d\u00e9veloppement harmonieux durable. L\u2019\u00e9dition 2023 de la Biennale m\u00e8nera des r\u00e9flexions et tentera d\u2019apporter des \u00e9l\u00e9ments de compr\u00e9hension aux d\u00e9fis multiformes auxquels font face le Mali et les pays du Sahel dans un contexte r\u00e9gional en tension\u201d<\/em>, a-t-il expliqu\u00e9.<\/p>\n\n\n\n<p>Le th\u00e8me de la Biennale artistique et culturelle de Mopti est : \u201cLe Mali, une histoire commune, une seule nation, m\u00eame destin\u201d.<\/p>\n\n\n\n<p><strong>&nbsp;Les prix des troupes<\/strong><\/p>\n\n\n\n<p>Durant les 10 jours de la Biennale, sont attendues \u00e0 Mopti des milliers de personnes pour magnifier la culture malienne et la diversit\u00e9 culturelle du Mali. Comme disciplines en comp\u00e9tition, il y a, entre autres,&nbsp; la pi\u00e8ce de th\u00e9\u00e2tre, l\u2019orchestre moderne, le ballet \u00e0 th\u00e8me, l\u2019Ensemble instrumental traditionnel, la danse traditionnelle, le ch\u0153ur, le solo de chant. Un jury de 9 personnalit\u00e9s (ayant une certaine expertise dans les domaines des arts et de la culture) est charg\u00e9 d\u2019appr\u00e9cier les prestations des troupes dans les diff\u00e9rentes disciplines. Les troupes class\u00e9es 1re, 2e et 3e par disciplines recevront des Prix.<\/p>\n\n\n\n<p>\u2013 La pi\u00e8ce de th\u00e9\u00e2tre not\u00e9e sur 35 points est dot\u00e9e de 3 750 000 F CFA dont 2 millions&nbsp; CFA pour la troupe class\u00e9e 1re, 1 million F CFA pour la 2e et 750 000 F CFA pour la 3e.<\/p>\n\n\n\n<p>\u2013 Le prix de l\u2019orchestre moderne not\u00e9 sur 30 points est de 3 250 000 F CFA dont 2 millions F CFA pour la 1re, 1 million F CFA pour la 2e troupe et 750 000 F CFA pour la 3e.<\/p>\n\n\n\n<p>\u2013 L\u2019Ensemble instrumental traditionnel not\u00e9 sur 25 points est dot\u00e9 de 2 250 000 F CFA repartis comme suit : 1re troupe 1 million F CFA, 750 000 F CFA pour la 2e et 500 000 F CFA pour la 3e.<\/p>\n\n\n\n<p>\u2013 La danse traditionnelle not\u00e9e sur 25 points est dot\u00e9e de 1 850 000 F CFA dont 1 million F CFA pour la 1re, 500 000 F CFA pour la 2e et 350 000 F CFA pour la 3e.<\/p>\n\n\n\n<p>\u2013&nbsp; Le ch\u0153ur not\u00e9 su 20 points est dot\u00e9 de 1 450 000 F CFA dont 750 000 F CFA pour la 1re, 400 000 F CFA pour la 2e et 300 000 F CFA pour la 3e.<\/p>\n\n\n\n<p>\u2013 Le solo de chant (not\u00e9 sur 20 points) est dot\u00e9 de 1 450 000 F CFA dont 750 000 F CFA pour la 1re, 400 000 F CFA pour la 2e et 300 000 F CFA pour la 3e.<\/p>\n\n\n\n<p>\u2013 Le Ballet \u00e0 th\u00e8me (not\u00e9 sur 20 points) est dot\u00e9 d\u2019un montant de 2 millions F CFA dont 1 million F CFA pour la 1re, 700 000 F CFA pour la 2e et 300 000 F CFA pour la 3e.<\/p>\n\n\n\n<p><strong>Siaka Doumbia, Envoy\u00e9 sp\u00e9cial \u00e0 Mopti<\/strong><\/p>\n\n\n\n<p><\/p>\n","protected":false},"excerpt":{"rendered":"<p>\u201cCette reprise est une volont\u00e9 politique affich\u00e9e\u00a0par le pr\u00e9sident de la Transition Assimi Go\u00efta\u201d La c\u00e9r\u00e9monie d\u2019ouverture de la Biennale a \u00e9t\u00e9 une tribune pour le Premier ministre Dr. Choguel&hellip;<\/p>\n","protected":false},"author":1,"featured_media":14418,"comment_status":"open","ping_status":"closed","sticky":false,"template":"","format":"standard","meta":{"content-type":"","_lmt_disableupdate":"","_lmt_disable":"","_jetpack_memberships_contains_paid_content":false,"footnotes":"","jetpack_publicize_message":"","jetpack_publicize_feature_enabled":true,"jetpack_social_post_already_shared":true,"jetpack_social_options":{"image_generator_settings":{"template":"highway","default_image_id":0,"font":"","enabled":false},"version":2}},"categories":[19,124,32,92],"tags":[],"class_list":["post-14414","post","type-post","status-publish","format-standard","has-post-thumbnail","hentry","category-aujourdhui-mali","category-bienales","category-musique-art-et-culture","category-slider"],"jetpack_publicize_connections":[],"featured_image_urls":{"full":"","thumbnail":"","medium":"","medium_large":"","large":"","1536x1536":"","2048x2048":"","penci-recipe-1200x1200":"","penci-recipe-1200x900":"","penci-recipe-1200x675":"","penci-single-full":"","penci-slider-full-thumb":"","penci-full-thumb":"","penci-slider-thumb":"","penci-magazine-slider":"","penci-thumb":"","penci-masonry-thumb":"","penci-thumb-square":"","penci-thumb-vertical":"","penci-thumb-small":""},"author_info":{"display_name":"Nandi","author_link":"https:\/\/nandi.info\/?author=1"},"category_info":"<a href=\"https:\/\/nandi.info\/?cat=19\" rel=\"category\">Aujourd\u2019hui Mali<\/a> <a href=\"https:\/\/nandi.info\/?cat=124\" rel=\"category\">Biennales<\/a> <a href=\"https:\/\/nandi.info\/?cat=32\" rel=\"category\">Musique Art et Culture<\/a> <a href=\"https:\/\/nandi.info\/?cat=92\" rel=\"category\">Slider<\/a>","tag_info":"Slider","comment_count":"0","jetpack_featured_media_url":"","jetpack_sharing_enabled":true,"_links":{"self":[{"href":"https:\/\/nandi.info\/index.php?rest_route=\/wp\/v2\/posts\/14414","targetHints":{"allow":["GET"]}}],"collection":[{"href":"https:\/\/nandi.info\/index.php?rest_route=\/wp\/v2\/posts"}],"about":[{"href":"https:\/\/nandi.info\/index.php?rest_route=\/wp\/v2\/types\/post"}],"author":[{"embeddable":true,"href":"https:\/\/nandi.info\/index.php?rest_route=\/wp\/v2\/users\/1"}],"replies":[{"embeddable":true,"href":"https:\/\/nandi.info\/index.php?rest_route=%2Fwp%2Fv2%2Fcomments&post=14414"}],"version-history":[{"count":0,"href":"https:\/\/nandi.info\/index.php?rest_route=\/wp\/v2\/posts\/14414\/revisions"}],"wp:featuredmedia":[{"embeddable":true,"href":"https:\/\/nandi.info\/index.php?rest_route=\/"}],"wp:attachment":[{"href":"https:\/\/nandi.info\/index.php?rest_route=%2Fwp%2Fv2%2Fmedia&parent=14414"}],"wp:term":[{"taxonomy":"category","embeddable":true,"href":"https:\/\/nandi.info\/index.php?rest_route=%2Fwp%2Fv2%2Fcategories&post=14414"},{"taxonomy":"post_tag","embeddable":true,"href":"https:\/\/nandi.info\/index.php?rest_route=%2Fwp%2Fv2%2Ftags&post=14414"}],"curies":[{"name":"wp","href":"https:\/\/api.w.org\/{rel}","templated":true}]}}