{"id":14382,"date":"2023-07-13T22:34:00","date_gmt":"2023-07-13T20:34:00","guid":{"rendered":"https:\/\/nandi.info\/?p=14382"},"modified":"2023-07-13T22:34:00","modified_gmt":"2023-07-13T20:34:00","slug":"depart-annonce-de-la-minusma-dans-six-mois-bamako-regagne-sa-souverainete-et-doit-desormais-sassumer-pleinement","status":"publish","type":"post","link":"https:\/\/nandi.info\/?p=14382","title":{"rendered":"D\u00e9part annonc\u00e9 de la MINUSMA dans six mois : Bamako regagne sa souverainet\u00e9\u2026 et doit d\u00e9sormais s\u2019assumer pleinement\u2026"},"content":{"rendered":"\n<p><strong>Apr\u00e8s moult tractations, le Mali et l\u2019ONU sont parvenus \u00e0 un accord de six mois pour le retrait d\u00e9finitif de la Mission multidimensionnelle int\u00e9gr\u00e9e des Nations unies pour la stabilisation au Mali (MINUSMA). Mais d\u2019ores et d\u00e9j\u00e0, il est mis fin \u00e0 la mission de la MUNISMA et ce, apr\u00e8s dix ans de pr\u00e9sence au Mali.<\/strong><\/p>\n\n\n\n<p class=\"has-drop-cap\">Il faut donc saluer l\u2019esprit de consensus qui a pr\u00e9valu ce d\u2019autant que ce n\u2019\u00e9tait pas gagn\u00e9 d\u2019avance au regard des propositions de d\u00e9part.<br>En effet, Bamako avait mis sur la table, trois mois, la France, six mois et d\u2019autres membres de l\u2019ONU, un an voire plus.&nbsp; S\u2019ils ont r\u00e9ussi \u00e0 accorder leurs violons, c\u2019est que la sagesse a habit\u00e9 les diff\u00e9rents acteurs et c\u2019est tant mieux. &nbsp;Mais pouvait-il en \u00eatre autrement&nbsp;?&nbsp;Non.<\/p>\n\n\n\n<p>Dans la mesure o\u00f9 le demandeur qui n\u2019est autre que le Mali a r\u00e9clam\u00e9 officiellement le d\u00e9part de cette mission, toute tentative de la maintenir aurait \u00e9t\u00e9 vou\u00e9e \u00e0 l\u2019\u00e9chec. C\u2019est dire si les membres de l\u2019ONU ont tout simplement fait preuve de r\u00e9alisme et de lucidit\u00e9. Cela dit, ce premier pas \u00e9tant franchi, il faut souhaiter que le retrait physique des hommes et du mat\u00e9riel de la mission onusienne, se fasse dans les r\u00e8gles de l\u2019art afin d\u2019\u00e9viter de cr\u00e9er de nouvelles tensions inutiles.<\/p>\n\n\n\n<p>Maintenant que le d\u00e9part de la MINUSMA est act\u00e9, le Mali est d\u00e9sormais face \u00e0 ses responsabilit\u00e9s et il doit s\u2019assumer pleinement. Il doit mettre les bouch\u00e9es doubles pour que les Maliens les plus sceptiques ne regrettent pas la MINUSMA.<\/p>\n\n\n\n<p>D\u2019abord, sur le plan s\u00e9curitaire, le pays doit travailler \u00e0 combler le vide que laissera l\u2019absence de cette mission onusienne. Ensuite, sur le plan social, Bamako doit \u0153uvrer \u00e0 ce que tous ceux qui perdront leurs emplois, puissent continuer \u00e0 vivre d\u00e9cemment.<\/p>\n\n\n\n<p><strong>Quand on dort sur la natte d\u2019autrui, on dort par terre<\/strong><\/p>\n\n\n\n<p>Et enfin, sur le plan diplomatique, le pays doit s\u2019employer \u00e0 \u00e9viter un isolement presque certain. Certes, il y a de nouveaux partenaires tels que la Russie, la Chine, la Turquie, etc., qui pourraient voler au secours de Bamako. Mais sera-ce suffisant pour combler le vide ? Rien n\u2019est moins s\u00fbr. Autant dire que le pr\u00e9sident de la Transition, le colonel Assimi Go\u00efta, doit attacher solidement les lacets de ses godasses s\u2019il veut faire mentir les oiseaux de mauvais augure.&nbsp; En tout cas, il n\u2019a pas droit \u00e0 l\u2019erreur. Car, ce retrait de la MINUSMA qui divise les Maliens, risque d\u2019exacerber les tensions communautaires.<\/p>\n\n\n\n<p>Cela dit, avec ce retrait de la MINUSMA, le Mali regagne ainsi sa souverainet\u00e9 et il gagnerait \u00e0 la traduire plus dans les actes que dans les paroles. &nbsp;C\u2019est \u00e0 ce prix et seulement \u00e0 ce prix qu\u2019il prouvera au peuple malien et au-del\u00e0, \u00e0 la communaut\u00e9 internationale, qu\u2019il n\u2019a pas eu tort de demander le d\u00e9part de la force onusienne.&nbsp;&nbsp;Mais quid des le\u00e7ons \u00e0 tirer&nbsp;de ce divorce entre le Mali et la MINUSMA?<\/p>\n\n\n\n<p>S\u2019il est vrai que Bamako ne doit pas accuser la MINUSMA de tous les p\u00e9ch\u00e9s\u2026 du Mali, il est aussi vrai que l\u2019ONU gagnerait \u00e0 revoir sa copie. C\u2019est d\u2019autant plus n\u00e9cessaire qu\u2019en plus du Mali, la R\u00e9publique d\u00e9mocratique du Congo (RDC) a aussi demand\u00e9 le retrait de la MONUSCO.<\/p>\n\n\n\n<p>Preuve, s\u2019il en est, que les r\u00e9sultats obtenus par ces missions onusiennes dans la lutte contre l\u2019ins\u00e9curit\u00e9 en Afrique, sont en de\u00e7\u00e0 des attentes des populations. Mais au-del\u00e0 de l\u2019ONU, ces deux exemples doivent interpeller \u00e9galement les dirigeants du continent noir \u00e0 s\u2019assumer davantage en ne comptant pas sur les autres pour assurer leur s\u00e9curit\u00e9. Car, comme le dit &nbsp;l\u2019adage, quand on dort sur la natte d\u2019autrui, on dort par terre.<\/p>\n\n\n\n<p><strong>Cyrille Coulibaly &nbsp;<\/strong><\/p>\n\n\n\n<p><\/p>\n\n\n\n<h2 class=\"wp-block-heading\"><strong>Mission de l\u2019ONU&nbsp;:<\/strong> <strong>La Minusma r\u00e9duite \u00e0 l\u2019\u00e9tat d\u2019esclave<\/strong><\/h2>\n\n\n\n<p><strong>Suite \u00e0 l\u2019officialisation de la demande du \u00ab retrait sans d\u00e9lai \u00bb, de la Mission multidimensionnelle int\u00e9gr\u00e9e des Nations-Unies pour la stabilisation au Mali (Minusma) par les autorit\u00e9s maliennes, le minist\u00e8re de l\u2019\u00c9conomie et des finances vient d\u2019entreprendre des mesures draconiennes \u00e0 l\u2019encontre de la Mission onusienne.<\/strong><\/p>\n\n\n\n<p class=\"has-drop-cap\">En effet, dans une correspondance en date du 27 juin 2023, le Directeur g\u00e9n\u00e9ral des Douanes, l\u2019Inspecteur G\u00e9n\u00e9ral Amadou Konat\u00e9 a instruit \u00e0 tous les directeurs, chefs de bureaux et des repr\u00e9sentations des douanes \u00e0 l\u2019ext\u00e9rieur \u00ab&nbsp;<em>d\u2019interrompre imm\u00e9diatement les importations de tous mat\u00e9riels \u00e0 destination de la mission onusienne, jusqu\u2019\u00e0 la date de son retrait d\u00e9finitif du territoire du Mali<\/em>&nbsp;\u00bb, pr\u00e9cise le document.<\/p>\n\n\n\n<p>Il convient de rappeler que le ministre des Affaires \u00e9trang\u00e8res et de la Coop\u00e9ration internationale, Abdoulaye Diop, lors de son intervention \u00e0 la tribune des Nations -Unies, \u00e0 l\u2019occasion de la pr\u00e9sentation du rapport trimestriel de l\u2019organisation sur la situation au Mali, avait demand\u00e9 le retrait sans d\u00e9lai de la Minusma du Mali. Cette d\u00e9cision a ainsi re\u00e7ue le soutien sans ambages de la classe politique malienne de fa\u00e7on g\u00e9n\u00e9rale et de la soci\u00e9t\u00e9 civile.<\/p>\n\n\n\n<p>Face \u00e0 cette mont\u00e9e d\u2019adr\u00e9naline, le Conseil de s\u00e9curit\u00e9 de l\u2019ONU a vot\u00e9, le 29 juin 2023, la demande de retrait formul\u00e9e par le Mali.<\/p>\n\n\n\n<p><strong>Mariam Konar\u00e9<\/strong><\/p>\n\n\n\n<p><\/p>\n","protected":false},"excerpt":{"rendered":"<p>Apr\u00e8s moult tractations, le Mali et l\u2019ONU sont parvenus \u00e0 un accord de six mois pour le retrait d\u00e9finitif de la Mission multidimensionnelle int\u00e9gr\u00e9e des Nations unies pour la stabilisation&hellip;<\/p>\n","protected":false},"author":1,"featured_media":13165,"comment_status":"open","ping_status":"closed","sticky":false,"template":"","format":"standard","meta":{"content-type":"","_lmt_disableupdate":"","_lmt_disable":"","_jetpack_memberships_contains_paid_content":false,"footnotes":"","jetpack_publicize_message":"","jetpack_publicize_feature_enabled":true,"jetpack_social_post_already_shared":true,"jetpack_social_options":{"image_generator_settings":{"template":"highway","default_image_id":0,"font":"","enabled":false},"version":2}},"categories":[81,59,92,21],"tags":[],"class_list":["post-14382","post","type-post","status-publish","format-standard","has-post-thumbnail","hentry","category-le-nouveau-reveil","category-nations-unies","category-slider","category-societe"],"jetpack_publicize_connections":[],"featured_image_urls":{"full":"","thumbnail":"","medium":"","medium_large":"","large":"","1536x1536":"","2048x2048":"","penci-recipe-1200x1200":"","penci-recipe-1200x900":"","penci-recipe-1200x675":"","penci-single-full":"","penci-slider-full-thumb":"","penci-full-thumb":"","penci-slider-thumb":"","penci-magazine-slider":"","penci-thumb":"","penci-masonry-thumb":"","penci-thumb-square":"","penci-thumb-vertical":"","penci-thumb-small":""},"author_info":{"display_name":"Nandi","author_link":"https:\/\/nandi.info\/?author=1"},"category_info":"<a href=\"https:\/\/nandi.info\/?cat=81\" rel=\"category\">Le Nouveau R\u00e9veil<\/a> <a href=\"https:\/\/nandi.info\/?cat=59\" rel=\"category\">Nations Unies<\/a> <a href=\"https:\/\/nandi.info\/?cat=92\" rel=\"category\">Slider<\/a> <a href=\"https:\/\/nandi.info\/?cat=21\" rel=\"category\">Soci\u00e9t\u00e9<\/a>","tag_info":"Soci\u00e9t\u00e9","comment_count":"0","jetpack_featured_media_url":"","jetpack_sharing_enabled":true,"_links":{"self":[{"href":"https:\/\/nandi.info\/index.php?rest_route=\/wp\/v2\/posts\/14382","targetHints":{"allow":["GET"]}}],"collection":[{"href":"https:\/\/nandi.info\/index.php?rest_route=\/wp\/v2\/posts"}],"about":[{"href":"https:\/\/nandi.info\/index.php?rest_route=\/wp\/v2\/types\/post"}],"author":[{"embeddable":true,"href":"https:\/\/nandi.info\/index.php?rest_route=\/wp\/v2\/users\/1"}],"replies":[{"embeddable":true,"href":"https:\/\/nandi.info\/index.php?rest_route=%2Fwp%2Fv2%2Fcomments&post=14382"}],"version-history":[{"count":0,"href":"https:\/\/nandi.info\/index.php?rest_route=\/wp\/v2\/posts\/14382\/revisions"}],"wp:featuredmedia":[{"embeddable":true,"href":"https:\/\/nandi.info\/index.php?rest_route=\/"}],"wp:attachment":[{"href":"https:\/\/nandi.info\/index.php?rest_route=%2Fwp%2Fv2%2Fmedia&parent=14382"}],"wp:term":[{"taxonomy":"category","embeddable":true,"href":"https:\/\/nandi.info\/index.php?rest_route=%2Fwp%2Fv2%2Fcategories&post=14382"},{"taxonomy":"post_tag","embeddable":true,"href":"https:\/\/nandi.info\/index.php?rest_route=%2Fwp%2Fv2%2Ftags&post=14382"}],"curies":[{"name":"wp","href":"https:\/\/api.w.org\/{rel}","templated":true}]}}