{"id":14371,"date":"2023-07-08T16:56:00","date_gmt":"2023-07-08T14:56:00","guid":{"rendered":"https:\/\/nandi.info\/?p=14371"},"modified":"2023-07-08T16:56:00","modified_gmt":"2023-07-08T14:56:00","slug":"mamoudou-kassogue-lhomme-sur-qui-assimi-compte-pour-une-justice-saine","status":"publish","type":"post","link":"https:\/\/nandi.info\/?p=14371","title":{"rendered":"Mamoudou Kassogu\u00e9 : L\u2019homme sur qui Assimi compte pour une justice saine !"},"content":{"rendered":"\n<p><strong><em>D\u00e9cid\u00e9ment, le Colonel Assimi Go\u00efta ne s\u2019est pas tromp\u00e9 en confiant le d\u00e9partement de la Justice et des Droits de l\u2019Homme,&nbsp; Gardes des Sceaux, \u00e0 Mamoudou Kassogu\u00e9, r\u00e9put\u00e9 \u00eatre un magistrat chevronn\u00e9. En seulement quelques mois, cet homme a relev\u00e9 les d\u00e9fis auxquels la justice malienne avait besoin. De nombreuses r\u00e9formes ont \u00e9t\u00e9 men\u00e9es avec succ\u00e8s. Cela d\u00e9note que \u00e7a travaille au sein du&nbsp;<\/em><\/strong><strong><em>d\u00e9partement vers le renouveau de la justice.&nbsp; En un mot, Kassogu\u00e9 a tout simplement r\u00e9volutionn\u00e9 cette justice. Ce qui n\u2019est gu\u00e8re surprenant pour qui connait ce jeune magistrat, qui a toujours \u00e9t\u00e9 un homme de d\u00e9fis.<\/em><\/strong><\/p>\n\n\n\n<p class=\"has-drop-cap\">Et voil\u00e0 encore que le Colonel Assimi Go\u00efta lui renouvelle sa confiance en le reconduisant dans le gouvernement II de Choguel K. Ma\u00efga. Cela prouve \u00e0 suffisance que Kassogu\u00e9 fait partie des&nbsp;<strong>\u201cmeilleurs ministres\u201d<\/strong>&nbsp;de la Transition.<\/p>\n\n\n\n<p>Discret et humble, l\u2019homme ne parle pas trop, mais il agit avec professionnalisme. En un mot, Kassogu\u00e9 est en terrain connu. Son nom sera inscrit dans les annales sur la liste des&nbsp;<strong>\u201cMeilleurs ministres de la Justice\u201d.<\/strong><\/p>\n\n\n\n<p>C\u2019est cet homme qui a dot\u00e9 le Mali de nouveaux textes relatifs au Code P\u00e9nal et au Code de Proc\u00e9dure P\u00e9nale. Pour rendre la justice plus proche des citoyens afin de les informer sur leurs droits et de promouvoir la bonne distribution de la justice, le d\u00e9partement de la Justice sous le leadership de Mamoudou Kassogu\u00e9, a initi\u00e9 en d\u00e9but janvier la semaine de la Justice dont la premi\u00e8re \u00e9dition a connu un franc succ\u00e8s. Cette semaine de la justice est destin\u00e9e principalement aux citoyens, aux \u00e9tudiants et aux professionnels de la justice. Il s\u2019agit de renforcer la confiance du citoyen dans le syst\u00e8me judiciaire.<\/p>\n\n\n\n<p>Autres r\u00e9formes, c\u2019est la cr\u00e9ation de certains parquets. Il s\u2019agit du parquet national financier \u00e0 la place des P\u00f4les Economiques et Financiers, qui existaient \u00e0 Bamako, Kayes et Mopti. Ainsi, ce parquet a une comp\u00e9tence nationale tout comme le parquet Anti-Terroriste au Tribunal de la Commune 6 et le parquet Cybercriminalit\u00e9 en Commune 4. Ce qui s\u2019inscrit dans le cadre de la nouvelle r\u00e9organisation judiciaire.<\/p>\n\n\n\n<p>Apr\u00e8s les mutations des magistrats lors du Conseil Sup\u00e9rieur de la Magistrature sous la pr\u00e9sidence du Colonel Assimi Go\u00efta, place maintenant \u00e0 l\u2019installation des Procureurs G\u00e9n\u00e9raux et des Premiers Pr\u00e9sidents de la Cour d\u2019Appel de Bamako, Kayes et Mopti.<\/p>\n\n\n\n<p>En application des dispositions de la loi portant organisation judiciaire, il sera proc\u00e9d\u00e9 \u00e0 l\u2019installation solennelle des nouveaux chefs de juridictions et de parquets des cours d\u2019appels de Bamako, de Kayes et de Mopti.<\/p>\n\n\n\n<p>Les c\u00e9r\u00e9monies d\u2019installation plac\u00e9es sous la pr\u00e9sidence du Colonel Assimi Go\u00efta d\u00e9buteront le 20 juillet prochain par la Cour d\u2019Appel de Bamako. Ensuite, suivront celles de Kayes et&nbsp; de Mopti.<\/p>\n\n\n\n<p>Rappelons que le nouveau Procureur g\u00e9n\u00e9ral de la Cour d\u2019Appel de Bamako s\u2019appelle Hamadoun dit Balobo Guindo et Faradji Baba a \u00e9t\u00e9 nomm\u00e9 Premier pr\u00e9sident.<\/p>\n\n\n\n<p>A Kayes, le poste de Procureur g\u00e9n\u00e9ral de la Cour d\u2019Appel a \u00e9t\u00e9 confi\u00e9 \u00e0 Housseini Traor\u00e9.<\/p>\n\n\n\n<p>A Mopti, c\u2019est Mahamadou Bandiougou Diawara qui assure le poste de Procureur g\u00e9n\u00e9ral tandis que Gaoussou Sanou est le 1er Pr\u00e9sident.<\/p>\n\n\n\n<p>En vue d\u2019am\u00e9liorer les conditions de travail des r\u00e9gisseurs de prison, le Japon a fait un don de v\u00e9hicules au d\u00e9partement de la justice dont la c\u00e9r\u00e9monie de remise aura lieu dans les jours \u00e0 venir.<\/p>\n\n\n\n<p>La construction des villas pour les surveillants de prison est presque termin\u00e9e. Ces b\u00e2timents offerts par le Pr\u00e9sident de la Transition, le Colonel Assimi Go\u00efta seront bient\u00f4t inaugur\u00e9s. Sans oublier l\u2019inauguration du nouveau b\u00e2timent du Tribunal Administratif dans les locaux de la Cour d\u2019Appel de Bamako et le si\u00e8ge du P\u00f4le Anti-terroriste \u00e0 Banankabougou.<\/p>\n\n\n\n<p><strong>&nbsp;&nbsp;&nbsp;&nbsp;&nbsp;&nbsp; El Hadj A.B. HAIDARA<\/strong><\/p>\n\n\n\n<p><\/p>\n","protected":false},"excerpt":{"rendered":"<p>D\u00e9cid\u00e9ment, le Colonel Assimi Go\u00efta ne s\u2019est pas tromp\u00e9 en confiant le d\u00e9partement de la Justice et des Droits de l\u2019Homme,&nbsp; Gardes des Sceaux, \u00e0 Mamoudou Kassogu\u00e9, r\u00e9put\u00e9 \u00eatre un&hellip;<\/p>\n","protected":false},"author":1,"featured_media":14372,"comment_status":"open","ping_status":"closed","sticky":false,"template":"","format":"standard","meta":{"content-type":"","_lmt_disableupdate":"","_lmt_disable":"","_jetpack_memberships_contains_paid_content":false,"footnotes":"","jetpack_publicize_message":"","jetpack_publicize_feature_enabled":true,"jetpack_social_post_already_shared":true,"jetpack_social_options":{"image_generator_settings":{"template":"highway","default_image_id":0,"font":"","enabled":false},"version":2}},"categories":[19,54,21],"tags":[],"class_list":["post-14371","post","type-post","status-publish","format-standard","has-post-thumbnail","hentry","category-aujourdhui-mali","category-nominations","category-societe"],"jetpack_publicize_connections":[],"featured_image_urls":{"full":"","thumbnail":"","medium":"","medium_large":"","large":"","1536x1536":"","2048x2048":"","penci-recipe-1200x1200":"","penci-recipe-1200x900":"","penci-recipe-1200x675":"","penci-single-full":"","penci-slider-full-thumb":"","penci-full-thumb":"","penci-slider-thumb":"","penci-magazine-slider":"","penci-thumb":"","penci-masonry-thumb":"","penci-thumb-square":"","penci-thumb-vertical":"","penci-thumb-small":""},"author_info":{"display_name":"Nandi","author_link":"https:\/\/nandi.info\/?author=1"},"category_info":"<a href=\"https:\/\/nandi.info\/?cat=19\" rel=\"category\">Aujourd\u2019hui Mali<\/a> <a href=\"https:\/\/nandi.info\/?cat=54\" rel=\"category\">Nominations<\/a> <a href=\"https:\/\/nandi.info\/?cat=21\" rel=\"category\">Soci\u00e9t\u00e9<\/a>","tag_info":"Soci\u00e9t\u00e9","comment_count":"0","jetpack_featured_media_url":"","jetpack_sharing_enabled":true,"_links":{"self":[{"href":"https:\/\/nandi.info\/index.php?rest_route=\/wp\/v2\/posts\/14371","targetHints":{"allow":["GET"]}}],"collection":[{"href":"https:\/\/nandi.info\/index.php?rest_route=\/wp\/v2\/posts"}],"about":[{"href":"https:\/\/nandi.info\/index.php?rest_route=\/wp\/v2\/types\/post"}],"author":[{"embeddable":true,"href":"https:\/\/nandi.info\/index.php?rest_route=\/wp\/v2\/users\/1"}],"replies":[{"embeddable":true,"href":"https:\/\/nandi.info\/index.php?rest_route=%2Fwp%2Fv2%2Fcomments&post=14371"}],"version-history":[{"count":0,"href":"https:\/\/nandi.info\/index.php?rest_route=\/wp\/v2\/posts\/14371\/revisions"}],"wp:featuredmedia":[{"embeddable":true,"href":"https:\/\/nandi.info\/index.php?rest_route=\/"}],"wp:attachment":[{"href":"https:\/\/nandi.info\/index.php?rest_route=%2Fwp%2Fv2%2Fmedia&parent=14371"}],"wp:term":[{"taxonomy":"category","embeddable":true,"href":"https:\/\/nandi.info\/index.php?rest_route=%2Fwp%2Fv2%2Fcategories&post=14371"},{"taxonomy":"post_tag","embeddable":true,"href":"https:\/\/nandi.info\/index.php?rest_route=%2Fwp%2Fv2%2Ftags&post=14371"}],"curies":[{"name":"wp","href":"https:\/\/api.w.org\/{rel}","templated":true}]}}