{"id":14314,"date":"2023-07-11T09:46:28","date_gmt":"2023-07-11T07:46:28","guid":{"rendered":"https:\/\/nandi.info\/?p=14314"},"modified":"2023-07-11T09:46:28","modified_gmt":"2023-07-11T07:46:28","slug":"mopti-ville-lelectricite-fait-son-retour-selon-le-maire-kanssaye","status":"publish","type":"post","link":"https:\/\/nandi.info\/?p=14314","title":{"rendered":"Mopti ville : L\u2019\u00e9lectricit\u00e9 fait son retour, selon le Maire Kanssaye"},"content":{"rendered":"\n<p><strong><em>Selon le maire de la ville de Mopti, depuis la veille de l\u2019ouverture de la Biennale, l\u2019\u00e9lectricit\u00e9 a fait pleinement son retour dans la Venise malienne.<\/em><\/strong><\/p>\n\n\n\n<p class=\"has-drop-cap\">C\u2019est \u00e0 la veille de l\u2019ouverture de la Biennale que la ville de Mopti a re\u00e7u quatre groupes d\u2019une grande capacit\u00e9. Cette dotation, selon nos informations a \u00e9t\u00e9 possible gr\u00e2ce \u00e0 l\u2019implication personnelle du chef de l\u2019Etat. Ce dernier a-t-on appris a d\u00e9bloqu\u00e9 pr\u00e8s du milliard pour l\u2019acquisition desdits Groupes. Depuis la nuit du 5 juillet 2023, les Groupes ont commenc\u00e9 \u00e0 fonctionner \u00e0 une vitesse qui selon le maire de Mopti, a mis fin aux coupures de courant dans la ville.<\/p>\n\n\n\n<p>A la faveur de la c\u00e9r\u00e9monie d\u2019ouverture de la Biennale au stade Barema Bocoum, jeudi 6 juillet, le maire de Mopti, a effectivement annonc\u00e9 la fin des coupures. Il a&nbsp; m\u00eame demand\u00e9 au public si le d\u00e9lestage a pris fin ou pas&nbsp;? \u00ab&nbsp;Assimi a dit, il l\u2019a fait&nbsp;\u00bb, s\u2019est-il f\u00e9licit\u00e9.<\/p>\n\n\n\n<p><strong>Des coupures dans des quartiers<\/strong><\/p>\n\n\n\n<p>Dans la foul\u00e9e, l\u2019\u00e9dile communal a demand\u00e9 aux autorit\u00e9s de faire en sorte que les Groupes \u00e9lectrog\u00e8nes restent d\u00e9finitivement chez eux, c\u2019est-\u00e0-dire qu\u2019ils ne&nbsp; \u00ab&nbsp;disparaissent&nbsp;\u00bb pas apr\u00e8s la Biennale. Une pr\u00e9occupation qui n\u2019a pas \u00e9t\u00e9 prise en compte par le PM dans son adresse.<\/p>\n\n\n\n<p>Pendant la phase des pr\u00e9paratifs de la Biennale, les Mopticiens avaient attir\u00e9 l\u2019attention des plus hautes autorit\u00e9s sur les probl\u00e8mes d\u2019\u00e9lectricit\u00e9 dans leur cit\u00e9. Ils avaient m\u00eame menac\u00e9 de boycotter la manifestation au cas o\u00f9 la ville ne serait pas \u00e9lectrifi\u00e9e pendant la Biennale.<\/p>\n\n\n\n<p>A l\u2019instar de Mopti, plusieurs villes maliennes sont en proie au probl\u00e8me de coupures de courant y compris la capitale, Bamako. Et ce n\u2019est pas le remplissage des barrages hydro-agricoles qui a pu mettre fin aux d\u00e9lestages.<\/p>\n\n\n\n<p>Apr\u00e8s 5 jours de s\u00e9jours, notre constat a \u00e9t\u00e9 que la situation s\u2019est am\u00e9lior\u00e9e comparativement aux jours pr\u00e9c\u00e9dents. Des coupures sont toujours signal\u00e9es dans plusieurs quartiers et durent des heures.<\/p>\n\n\n\n<p><strong>Amadou Sidib\u00e9<\/strong><\/p>\n\n\n\n<p><em>(envoy\u00e9 sp\u00e9cial)<\/em><\/p>\n","protected":false},"excerpt":{"rendered":"<p>Selon le maire de la ville de Mopti, depuis la veille de l\u2019ouverture de la Biennale, l\u2019\u00e9lectricit\u00e9 a fait pleinement son retour dans la Venise malienne. C\u2019est \u00e0 la veille&hellip;<\/p>\n","protected":false},"author":1,"featured_media":14315,"comment_status":"open","ping_status":"closed","sticky":false,"template":"","format":"standard","meta":{"content-type":"","_lmt_disableupdate":"","_lmt_disable":"","_jetpack_memberships_contains_paid_content":false,"footnotes":"","jetpack_publicize_message":"","jetpack_publicize_feature_enabled":true,"jetpack_social_post_already_shared":true,"jetpack_social_options":{"image_generator_settings":{"template":"highway","default_image_id":0,"font":"","enabled":false},"version":2}},"categories":[61,21],"tags":[],"class_list":["post-14314","post","type-post","status-publish","format-standard","has-post-thumbnail","hentry","category-arc-en-ciel","category-societe"],"jetpack_publicize_connections":[],"featured_image_urls":{"full":"","thumbnail":"","medium":"","medium_large":"","large":"","1536x1536":"","2048x2048":"","penci-recipe-1200x1200":"","penci-recipe-1200x900":"","penci-recipe-1200x675":"","penci-single-full":"","penci-slider-full-thumb":"","penci-full-thumb":"","penci-slider-thumb":"","penci-magazine-slider":"","penci-thumb":"","penci-masonry-thumb":"","penci-thumb-square":"","penci-thumb-vertical":"","penci-thumb-small":""},"author_info":{"display_name":"Nandi","author_link":"https:\/\/nandi.info\/?author=1"},"category_info":"<a href=\"https:\/\/nandi.info\/?cat=61\" rel=\"category\">Arc en Ciel<\/a> <a href=\"https:\/\/nandi.info\/?cat=21\" rel=\"category\">Soci\u00e9t\u00e9<\/a>","tag_info":"Soci\u00e9t\u00e9","comment_count":"0","jetpack_featured_media_url":"","jetpack_sharing_enabled":true,"_links":{"self":[{"href":"https:\/\/nandi.info\/index.php?rest_route=\/wp\/v2\/posts\/14314","targetHints":{"allow":["GET"]}}],"collection":[{"href":"https:\/\/nandi.info\/index.php?rest_route=\/wp\/v2\/posts"}],"about":[{"href":"https:\/\/nandi.info\/index.php?rest_route=\/wp\/v2\/types\/post"}],"author":[{"embeddable":true,"href":"https:\/\/nandi.info\/index.php?rest_route=\/wp\/v2\/users\/1"}],"replies":[{"embeddable":true,"href":"https:\/\/nandi.info\/index.php?rest_route=%2Fwp%2Fv2%2Fcomments&post=14314"}],"version-history":[{"count":0,"href":"https:\/\/nandi.info\/index.php?rest_route=\/wp\/v2\/posts\/14314\/revisions"}],"wp:featuredmedia":[{"embeddable":true,"href":"https:\/\/nandi.info\/index.php?rest_route=\/"}],"wp:attachment":[{"href":"https:\/\/nandi.info\/index.php?rest_route=%2Fwp%2Fv2%2Fmedia&parent=14314"}],"wp:term":[{"taxonomy":"category","embeddable":true,"href":"https:\/\/nandi.info\/index.php?rest_route=%2Fwp%2Fv2%2Fcategories&post=14314"},{"taxonomy":"post_tag","embeddable":true,"href":"https:\/\/nandi.info\/index.php?rest_route=%2Fwp%2Fv2%2Ftags&post=14314"}],"curies":[{"name":"wp","href":"https:\/\/api.w.org\/{rel}","templated":true}]}}