{"id":14307,"date":"2023-07-11T09:29:52","date_gmt":"2023-07-11T07:29:52","guid":{"rendered":"https:\/\/nandi.info\/?p=14307"},"modified":"2023-07-11T09:29:52","modified_gmt":"2023-07-11T07:29:52","slug":"biennale-artistique-et-culturelle-mopti-2023-les-maliens-fetent-dans-la-communion","status":"publish","type":"post","link":"https:\/\/nandi.info\/?p=14307","title":{"rendered":"Biennale artistique et culturelle, Mopti 2023 : Les Maliens f\u00eatent dans la communion"},"content":{"rendered":"\n<p><strong><em>Ev\u00e8nement tant attendu par les Maliens et particuli\u00e8rement par les populations de la r\u00e9gion de Mopti, la c\u00e9r\u00e9monie d\u2019ouverture de la Biennale a \u00e9t\u00e9 une r\u00e9ussite au regard de la multitude de tableaux qu\u2019ont offert les troupes et les chor\u00e9graphes.&nbsp;\u00ab Le Mali, une histoire commune, une seule nation, un m\u00eame destin \u00bb. C\u2019est le th\u00e8me retenu pour cette \u00e9dition.<\/em><\/strong><\/p>\n\n\n\n<p class=\"has-drop-cap\">C\u2019est dans un stade Barema Bocoum des grands jours que le Premier ministre, Choguel Kokala Maiga, habill\u00e9 en tenue traditionnelle peul, assis au milieu des officiels&nbsp;(des membres du gouvernement, des repr\u00e9sentants des Institutions, des gouverneurs, pr\u00e9fets, des chefs de services, de l\u2019ambassadeur du Qatar au Mali), a donn\u00e9 le top d\u00e9part de la Biennale artistique et culturelle, Mopti 2023.<\/p>\n\n\n\n<p>Ce grand rendez-vous du donner et du recevoir de la culture malienne, pour son \u00e9dition de reprise, apr\u00e8s celle de Sikasso, se tient dans une atmosph\u00e8re bon enfant. En ce sens que la population de la V\u00e9nise malienne a su r\u00e9pondre \u00e0 l\u2019attente des autorit\u00e9s du pays. A la c\u00e9r\u00e9monie d\u2019ouverture, le quartier Taikiri situ\u00e9 sur les berges du fleuve Niger, a \u00e9t\u00e9 le point de convergence des milliers de personnes.<\/p>\n\n\n\n<p>Deux heures avant l\u2019ouverture officielle, tous les acc\u00e8s grouillaient de monde. Dans ce stade de quarante mille places, il y avait des hommes et femmes, des jeunes et des vieilles personnes.<\/p>\n\n\n\n<p>La s\u00e9curit\u00e9 \u00e9tait maximale. Les militaires tous arm\u00e9s patrouillaient et veillaient au respect strict des mesures de s\u00e9curit\u00e9 dans et en dehors du stade comme quoi toutes les mesures s\u00e9curitaires sont prises pour le bon d\u00e9roulement de la f\u00eate.<\/p>\n\n\n\n<p>Le gradin du stade \u00e9tait noir de monde et c\u2019est l\u2019Ensemble instrumental avec des titres appelant \u00e0 la paix et \u00e0 la coh\u00e9sion qui tenait en haleine le public tr\u00e8s enthousiasm\u00e9 avant l\u2019arriv\u00e9e du chef du gouvernement.<\/p>\n\n\n\n<p>A 16h30, le Premier ministre et quelques officiels ont fait leur entr\u00e9e avec une s\u00e9curit\u00e9 renforc\u00e9e. Ils sont accueillis en fanfares par des milliers de personnes dans le stade. Apr\u00e8s la mont\u00e9e des couleurs par les pionniers et l\u2019ex\u00e9cution de l\u2019hymne nationale, la f\u00eate pouvait commencer dans un esprit de r\u00e9ussite.<\/p>\n\n\n\n<p>Le coordinateur r\u00e9gionale des chefs de quartiers de Mopti, Baba Tour\u00e9 le responsable du recotrade, le Maire de Mopti, Issa Kanssaye se sont succ\u00e9d\u00e9s au pupitre pour souhaiter la bienvenue. Ils ont mentionn\u00e9 que la tenue de la Biennale \u00e0 Mopti en ces temps d\u2019ins\u00e9curit\u00e9 dans la r\u00e9gion, rel\u00e8ve de la volont\u00e9 du chef de l\u2019Etat, \u00e0 faire de la culture, un puissant levier de coh\u00e9sion sociale. \u00ab&nbsp;La Biennale est une aire d\u2019espoir pour le Mali d\u2019aller vers un havre de paix&nbsp;\u00bb, a soulign\u00e9 le Maire Kanssaye. Cette volont\u00e9 du chef de l\u2019Etat, colonel Assimi Goita traduit, selon le maire, le choix du th\u00e8me&nbsp;de l\u2019\u00e9dition.<\/p>\n\n\n\n<p>A l\u2019instar des \u00e9ditions pr\u00e9c\u00e9dentes, cette c\u00e9r\u00e9monie a \u00e9t\u00e9 un moment \u00ab&nbsp;exceptionnel et in\u00e9dit&nbsp;\u00bb avec une diversit\u00e9 de tableaux artistiques modernes et traditionnels. Un carnaval des masques dogon, le d\u00e9fil\u00e9 de la troupe burkinab\u00e9, pays invit\u00e9 d\u2019honneur, de celui des 19 r\u00e9gions administratives du Mali plus le District de Bamako qui ont magnifi\u00e9 l\u2019identit\u00e9 de leur r\u00e9gion \u00e0 travers des tenues traditionnelles \u00e0 partir du coton et autres pas de danse ont \u00e9t\u00e9 entre autres, les grandes \u00e9tapes qui ont marqu\u00e9 cette c\u00e9r\u00e9monie.<\/p>\n\n\n\n<p>Que dire du maestro Abdoulaye Diabat\u00e9, qui a montr\u00e9 son talent d\u2019ancien de la Biennale. Tr\u00e8s attach\u00e9 aux valeurs culturelles du Mali, le titulaire du titre \u00ab&nbsp;louans\u00e9&nbsp;\u00bb, a rendu un hommage m\u00e9rit\u00e9 \u00e0 l\u2019arm\u00e9e malienne \u00e0 travers un titre qui leur a \u00e9t\u00e9 d\u00e9di\u00e9.<\/p>\n\n\n\n<p>Le dernier tableau qui a mis fin \u00e0 la c\u00e9r\u00e9monie au titre des spectacles, a \u00e9t\u00e9 la chor\u00e9graphie sur la paix et la coh\u00e9sion sociale. Les metteurs en sc\u00e8ne de la chor\u00e9graphie, Karim Togola, Abdoulaye Kon\u00e9, Dramane Sidib\u00e9, ont \u00e0 travers l\u2019extraordinaire spectacle d\u00e9montr\u00e9 que le Mali peut tanguer, mais ne chavirera jamais. Les 257 danseurs chor\u00e9graphes du Conservatoire multim\u00e9dia Balla Fass\u00e9k\u00e9 Kouyat\u00e9, de l\u2019Institution nationale des Arts (INA) et des 50 jeunes de Mopti ont v\u00e9ritablement \u00e9gaill\u00e9 le public.<\/p>\n\n\n\n<p>Le chef du d\u00e9partement en charge de la Culture, Andogoly Guindo n\u2019a pas manqu\u00e9 d\u2019exprimer sa gratitude aux autorit\u00e9s du pays pour la tenue de cette biennale. Il reste convaincu que la culture est et demeure un levier tr\u00e8s important de promotion de la paix et du vivre-ensemble.<\/p>\n\n\n\n<p>Au terme de cette c\u00e9r\u00e9monie d\u2019ouverture, c\u2019est un ministre tout joyeux qui a salu\u00e9 la mobilisation des citoyens qui n\u2019ont pas marchand\u00e9 leur participation. \u00ab&nbsp;Nous avons assist\u00e9 \u00e0 une tr\u00e8s belle c\u00e9r\u00e9monie riche en symbole, avec un tableau qui a \u00e9t\u00e9 pens\u00e9 en conformit\u00e9 avec la situation de notre pays.<\/p>\n\n\n\n<p>Il faut dire que r\u00e9unir la communaut\u00e9 culturelle dans toute sa diversit\u00e9 pour c\u00e9l\u00e9brer la biennale dans ce contexte, revient \u00e0 magnifier les id\u00e9aux et les valeurs qui permettent de renouer avec l\u2019histoire de notre pays et notre h\u00e9ritage commun.<\/p>\n\n\n\n<p>Rappelons que Madame Tour\u00e9 Lobo Traor\u00e9, Ancienne Premi\u00e8re Dame, invit\u00e9e sp\u00e9ciale de la Biennale 2023 n\u2019a pas pu effectuer le d\u00e9placement de Mopti.<\/p>\n\n\n\n<p><strong>Yaye Astan Ciss\u00e9<\/strong><\/p>\n\n\n\n<p>(depuis Mopti)<\/p>\n","protected":false},"excerpt":{"rendered":"<p>Ev\u00e8nement tant attendu par les Maliens et particuli\u00e8rement par les populations de la r\u00e9gion de Mopti, la c\u00e9r\u00e9monie d\u2019ouverture de la Biennale a \u00e9t\u00e9 une r\u00e9ussite au regard de la&hellip;<\/p>\n","protected":false},"author":1,"featured_media":14308,"comment_status":"open","ping_status":"closed","sticky":false,"template":"","format":"standard","meta":{"content-type":"","_lmt_disableupdate":"","_lmt_disable":"","_jetpack_memberships_contains_paid_content":false,"footnotes":"","jetpack_publicize_message":"","jetpack_publicize_feature_enabled":true,"jetpack_social_post_already_shared":true,"jetpack_social_options":{"image_generator_settings":{"template":"highway","default_image_id":0,"font":"","enabled":false},"version":2}},"categories":[61,32],"tags":[],"class_list":["post-14307","post","type-post","status-publish","format-standard","has-post-thumbnail","hentry","category-arc-en-ciel","category-musique-art-et-culture"],"jetpack_publicize_connections":[],"featured_image_urls":{"full":"","thumbnail":"","medium":"","medium_large":"","large":"","1536x1536":"","2048x2048":"","penci-recipe-1200x1200":"","penci-recipe-1200x900":"","penci-recipe-1200x675":"","penci-single-full":"","penci-slider-full-thumb":"","penci-full-thumb":"","penci-slider-thumb":"","penci-magazine-slider":"","penci-thumb":"","penci-masonry-thumb":"","penci-thumb-square":"","penci-thumb-vertical":"","penci-thumb-small":""},"author_info":{"display_name":"Nandi","author_link":"https:\/\/nandi.info\/?author=1"},"category_info":"<a href=\"https:\/\/nandi.info\/?cat=61\" rel=\"category\">Arc en Ciel<\/a> <a href=\"https:\/\/nandi.info\/?cat=32\" rel=\"category\">Musique Art et Culture<\/a>","tag_info":"Musique Art et Culture","comment_count":"0","jetpack_featured_media_url":"","jetpack_sharing_enabled":true,"_links":{"self":[{"href":"https:\/\/nandi.info\/index.php?rest_route=\/wp\/v2\/posts\/14307","targetHints":{"allow":["GET"]}}],"collection":[{"href":"https:\/\/nandi.info\/index.php?rest_route=\/wp\/v2\/posts"}],"about":[{"href":"https:\/\/nandi.info\/index.php?rest_route=\/wp\/v2\/types\/post"}],"author":[{"embeddable":true,"href":"https:\/\/nandi.info\/index.php?rest_route=\/wp\/v2\/users\/1"}],"replies":[{"embeddable":true,"href":"https:\/\/nandi.info\/index.php?rest_route=%2Fwp%2Fv2%2Fcomments&post=14307"}],"version-history":[{"count":0,"href":"https:\/\/nandi.info\/index.php?rest_route=\/wp\/v2\/posts\/14307\/revisions"}],"wp:featuredmedia":[{"embeddable":true,"href":"https:\/\/nandi.info\/index.php?rest_route=\/"}],"wp:attachment":[{"href":"https:\/\/nandi.info\/index.php?rest_route=%2Fwp%2Fv2%2Fmedia&parent=14307"}],"wp:term":[{"taxonomy":"category","embeddable":true,"href":"https:\/\/nandi.info\/index.php?rest_route=%2Fwp%2Fv2%2Fcategories&post=14307"},{"taxonomy":"post_tag","embeddable":true,"href":"https:\/\/nandi.info\/index.php?rest_route=%2Fwp%2Fv2%2Ftags&post=14307"}],"curies":[{"name":"wp","href":"https:\/\/api.w.org\/{rel}","templated":true}]}}