{"id":14290,"date":"2023-07-09T21:32:34","date_gmt":"2023-07-09T19:32:34","guid":{"rendered":"https:\/\/nandi.info\/?p=14290"},"modified":"2023-07-09T21:32:34","modified_gmt":"2023-07-09T19:32:34","slug":"mohamed-el-maouloud-ramadane-porte-parole-du-csp-psd-le-depart-de-la-minusma-un-danger-pour-le-processus-de-paix","status":"publish","type":"post","link":"https:\/\/nandi.info\/?p=14290","title":{"rendered":"Mohamed El Maouloud Ramadane, porte-parole du CSP-PSD : \u00ab Le d\u00e9part de la Minusma, un danger pour le processus de paix \u00bb"},"content":{"rendered":"\n<p><strong><em>Via la r\u00e9solution 2690, les membres permanents du Conseil de s\u00e9curit\u00e9 des Nations unies ont d\u00e9cid\u00e9 de mettre fin \u00e0 la mission des Casques bleus au Mali. Comment le Cadre strat\u00e9gique permanent pour la paix, la s\u00e9curit\u00e9 et le d\u00e9veloppement a accueilli cette annonce ? Alors que les tensions sont vives entre le gouvernement et la CMA dans la mise en \u0153uvre de l\u2019Accord de paix, dans ce contexte de retrait de la Minusma, quel avenir pour l\u2019Accord de paix d\u00e9j\u00e0 malmen\u00e9 par les parties signataires ? Maouloud El Maouloud Ramadane, porte-parole du Cadre strat\u00e9gique permanent pour la paix, la s\u00e9curit\u00e9 et le d\u00e9veloppement (CSP-PSD) r\u00e9pond \u00e0 nos questions. Entretien.<\/em><\/strong><\/p>\n\n\n\n<p class=\"has-drop-cap\"><strong>Mali Tribune&nbsp;:&nbsp;<em>Avez-vous \u00e9t\u00e9 surpris de l\u2019annonce du retrait de la Munisma&nbsp;?<\/em><\/strong><\/p>\n\n\n\n<p><strong>Maouloud El Maouloud Ramadane<\/strong>&nbsp;: On n\u2019a pas \u00e9t\u00e9 surpris par l\u2019annonce de cette nouvelle qui est le retrait de la Minusma. Parce que depuis la derni\u00e8re r\u00e9union du Conseil de s\u00e9curit\u00e9 des Nations unies du 16 juin, o\u00f9 les autorit\u00e9s maliennes avaient demand\u00e9 son retrait sans d\u00e9lai, nous avons compris cela. Mais on sait qu\u2019en ce qui concerne les op\u00e9rations de maintien de la paix, sans le consentement de pays h\u00f4te ne peut pas rester. Donc, il faut forc\u00e9ment la collaboration des autorit\u00e9s du pays h\u00f4te. Si celles-ci ne veulent plus de leur pr\u00e9sence, les Casques bleus sont oblig\u00e9s de quitter. Et lorsque les autorit\u00e9s avaient fait cette demande, nous avons fait un communiqu\u00e9 pour alerter les risques li\u00e9s au d\u00e9part de la Minusma sachant bien que cette mission onusienne joue un r\u00f4le crucial dans le processus de paix avec un mandat d\u2019appui de suivi \u00e0 la mise en \u0153uvre de l\u2019Accord. Nous sommes d\u00e9j\u00e0 \u00e0 notre huiti\u00e8me ann\u00e9e apr\u00e8s la signature de l\u2019Accord et il y a beaucoup de facteurs qui sont en train de l\u2019impacter et si on augmente \u00e0 cela le d\u00e9part de la Minusma \u00e7a va \u00eatre un danger pour le processus de paix au Mali. C\u2019est pourquoi nous avons appel\u00e9 le Conseil de s\u00e9curit\u00e9 de l\u2019Onu.<\/p>\n\n\n\n<p><strong>Mali Tribune :&nbsp;<em>Faut-il craindre le pire sans la Minusma ?<\/em><\/strong><\/p>\n\n\n\n<p><strong>M E. R.<\/strong>&nbsp;: Cette lettre rentre dans le cadre de nos pr\u00e9occupations suite au retrait de la Minusma. Raison pour laquelle le Cadre strat\u00e9gique permanent pour la paix, la s\u00e9curit\u00e9 et le d\u00e9veloppement (CSP-PSD) a \u00e9crit cette lettre pour le Conseil de s\u00e9curit\u00e9 pour le tenir au courant, mais aussi de l\u2019alerter sur les cons\u00e9quences que le d\u00e9part de la Minusma pourra avoir sur la situation du Mali et le Sahel en g\u00e9n\u00e9ral et particuli\u00e8rement sur le processus de mise en \u0153uvre de l\u2019Accord. C\u2019est dans ce cadre que nous avons adress\u00e9 cette lettre sign\u00e9e par le pr\u00e9sident Alghab Ag Intalla.<\/p>\n\n\n\n<p><strong>Mali Tribune&nbsp;:&nbsp;<em>Selon vous, la Minusma est-elle une partie du probl\u00e8me ?<\/em><\/strong><\/p>\n\n\n\n<p><strong>M E. R.<\/strong>: Cette question m\u00e9rite d\u2019\u00eatre pos\u00e9e aux autorit\u00e9s maliennes qui font ces all\u00e9gations \u00e0 l\u2019endroit de la Minusma. Mais il faut tout d\u2019abord savoir que la Minusma est l\u00e0 \u00e0 la demande des autorit\u00e9s maliennes et elle peut partir \u00e0 la demande de celles-ci comme c\u2019est le cas d\u00e9j\u00e0. Mais nous, on ne peut pas dire cela. Nous savons que la Minusma joue un r\u00f4le tr\u00e8s important dans tout le Mali particuli\u00e8rement dans les r\u00e9gions du Nord et dans plusieurs domaines que ce soit dans le d\u00e9veloppement, l\u2019emploi des jeunes, la s\u00e9curit\u00e9 ou la protection des droits de l\u2019Homme. Mais d\u00e8s le moment o\u00f9 les autorit\u00e9s \u00e0 qui cette mission de maintien de la paix est l\u00e0 ne voient pas sa n\u00e9cessit\u00e9, je crois que ce sujet doit normalement \u00eatre clos. D\u00e9j\u00e0, nous avons pris acte de cette r\u00e9solution du retrait de la Minusma vot\u00e9e \u00e0 l\u2019unanimit\u00e9.<\/p>\n\n\n\n<p><strong>Mali Tribune&nbsp;:&nbsp;<em>Quel avenir pour l\u2019Accord de paix d\u00e9j\u00e0 malmen\u00e9 par les parties signataires ?<\/em><\/strong><\/p>\n\n\n\n<p><strong>M E. R.<\/strong>&nbsp;: L\u2019avenir de l\u2019Accord va d\u00e9pendre de ce que les parties signataires elles-m\u00eames vont lui donner. Parce que \u00e7a d\u00e9pend d\u2019elles. C\u2019est elles qui sont concern\u00e9es et \u00e7a rel\u00e8ve de leurs responsabilit\u00e9s en premier lieu. C\u2019est vrai que la m\u00e9diation internationale est l\u00e0 en tant que garante de ce processus de paix et joue un r\u00f4le d\u2019accompagnement. Donc, si la Minusma se retire, elle va beaucoup impacter sur le processus de paix. La Minusma assure le secr\u00e9tariat permanent du Comit\u00e9 de suivi de l\u2019Accord de paix qui est l\u2019organe principal de la mise en \u0153uvre de l\u2019Accord d\u2019Alger et pr\u00e9side aussi plusieurs autres missions comme le Comit\u00e9 technique s\u00e9curitaire (CTS), l\u2019observation du cessez-le-feu, Comit\u00e9 de suivi et l\u2019application de certains arrangements s\u00e9curitaire. Donc obligatoirement, son d\u00e9part va impacter ce processus. Mais si les parties signataires ont la volont\u00e9 politique de le continuer, la Minusma n\u2019est qu\u2019une partie de cette \u00e9quipe de la m\u00e9diation qui est \u00e0 sa t\u00eate l\u2019Alg\u00e9rie. Il va falloir trouver un autre m\u00e9canisme pour jouer ce r\u00f4le que la Minusma jouait, c\u2019est-\u00e0-dire responsabiliser une autre entit\u00e9 peut \u00eatre l\u2019Union africaine, la C\u00e9d\u00e9ao ou un envoy\u00e9 sp\u00e9cial des Nations unies pour la mise en \u0153uvre de l\u2019Accord. Il faut obligatoirement qu\u2019on trouve un m\u00e9canisme pour remplacer le r\u00f4le que la Minusma jouait.<\/p>\n\n\n\n<p><strong>Mali Tribune&nbsp;:&nbsp;<em>Que vous a dit l\u2019ambassadeur russe au Mali \u00e0 propos de la mise en \u0153uvre de l\u2019Accord ?<\/em><\/strong><\/p>\n\n\n\n<p><strong>M E. R.<\/strong>&nbsp;: Notre rencontre avec l\u2019ambassadeur russe n\u2019est pas la premi\u00e8re. Nous avons toujours l\u2019habitude de rencontrer tous les ambassadeurs qui ont un lien direct dans la mise en \u0153uvre du processus de paix ou qui sont les pays membres permanents du Conseil de s\u00e9curit\u00e9. C\u2019est la cinqui\u00e8me fois que nous rencontrons l\u2019ambassadeur russe. Et nous avons discut\u00e9 avec ce dernier des sujets d\u2019actualit\u00e9 surtout le d\u00e9part des Casques bleus, du processus de paix, les probl\u00e8mes auxquels le pays est confront\u00e9. Il nous a rassur\u00e9s que la Russie est attach\u00e9e \u00e0 la paix et appelle toutes les parties \u00e0 la retenue et de privil\u00e9gier le dialogue.<\/p>\n\n\n\n<p><em>Propos recueillis par<\/em><\/p>\n\n\n\n<p><strong>Ousmane Mahamane<\/strong><\/p>\n\n\n\n<p>Mali Tribune<\/p>\n","protected":false},"excerpt":{"rendered":"<p>Via la r\u00e9solution 2690, les membres permanents du Conseil de s\u00e9curit\u00e9 des Nations unies ont d\u00e9cid\u00e9 de mettre fin \u00e0 la mission des Casques bleus au Mali. Comment le Cadre&hellip;<\/p>\n","protected":false},"author":1,"featured_media":14292,"comment_status":"open","ping_status":"closed","sticky":false,"template":"","format":"standard","meta":{"content-type":"","_lmt_disableupdate":"","_lmt_disable":"","_jetpack_memberships_contains_paid_content":false,"footnotes":"","jetpack_publicize_message":"","jetpack_publicize_feature_enabled":true,"jetpack_social_post_already_shared":true,"jetpack_social_options":{"image_generator_settings":{"template":"highway","default_image_id":0,"font":"","enabled":false},"version":2}},"categories":[63,33,92,21],"tags":[],"class_list":["post-14290","post","type-post","status-publish","format-standard","has-post-thumbnail","hentry","category-interview","category-mali-tribune","category-slider","category-societe"],"jetpack_publicize_connections":[],"featured_image_urls":{"full":"","thumbnail":"","medium":"","medium_large":"","large":"","1536x1536":"","2048x2048":"","penci-recipe-1200x1200":"","penci-recipe-1200x900":"","penci-recipe-1200x675":"","penci-single-full":"","penci-slider-full-thumb":"","penci-full-thumb":"","penci-slider-thumb":"","penci-magazine-slider":"","penci-thumb":"","penci-masonry-thumb":"","penci-thumb-square":"","penci-thumb-vertical":"","penci-thumb-small":""},"author_info":{"display_name":"Nandi","author_link":"https:\/\/nandi.info\/?author=1"},"category_info":"<a href=\"https:\/\/nandi.info\/?cat=63\" rel=\"category\">Interview<\/a> <a href=\"https:\/\/nandi.info\/?cat=33\" rel=\"category\">Mali Tribune<\/a> <a href=\"https:\/\/nandi.info\/?cat=92\" rel=\"category\">Slider<\/a> <a href=\"https:\/\/nandi.info\/?cat=21\" rel=\"category\">Soci\u00e9t\u00e9<\/a>","tag_info":"Soci\u00e9t\u00e9","comment_count":"0","jetpack_featured_media_url":"","jetpack_sharing_enabled":true,"_links":{"self":[{"href":"https:\/\/nandi.info\/index.php?rest_route=\/wp\/v2\/posts\/14290","targetHints":{"allow":["GET"]}}],"collection":[{"href":"https:\/\/nandi.info\/index.php?rest_route=\/wp\/v2\/posts"}],"about":[{"href":"https:\/\/nandi.info\/index.php?rest_route=\/wp\/v2\/types\/post"}],"author":[{"embeddable":true,"href":"https:\/\/nandi.info\/index.php?rest_route=\/wp\/v2\/users\/1"}],"replies":[{"embeddable":true,"href":"https:\/\/nandi.info\/index.php?rest_route=%2Fwp%2Fv2%2Fcomments&post=14290"}],"version-history":[{"count":0,"href":"https:\/\/nandi.info\/index.php?rest_route=\/wp\/v2\/posts\/14290\/revisions"}],"wp:featuredmedia":[{"embeddable":true,"href":"https:\/\/nandi.info\/index.php?rest_route=\/"}],"wp:attachment":[{"href":"https:\/\/nandi.info\/index.php?rest_route=%2Fwp%2Fv2%2Fmedia&parent=14290"}],"wp:term":[{"taxonomy":"category","embeddable":true,"href":"https:\/\/nandi.info\/index.php?rest_route=%2Fwp%2Fv2%2Fcategories&post=14290"},{"taxonomy":"post_tag","embeddable":true,"href":"https:\/\/nandi.info\/index.php?rest_route=%2Fwp%2Fv2%2Ftags&post=14290"}],"curies":[{"name":"wp","href":"https:\/\/api.w.org\/{rel}","templated":true}]}}