{"id":14268,"date":"2023-07-08T14:29:44","date_gmt":"2023-07-08T12:29:44","guid":{"rendered":"https:\/\/nandi.info\/?p=14268"},"modified":"2023-07-08T14:29:44","modified_gmt":"2023-07-08T12:29:44","slug":"reamenagement-gouvernemental-deux-ex-proches-collaboratrices-dibk-font-leurs-entrees","status":"publish","type":"post","link":"https:\/\/nandi.info\/?p=14268","title":{"rendered":"R\u00e9am\u00e9nagement gouvernemental : Deux ex-proches collaboratrices d\u2019IBK font leurs entr\u00e9es"},"content":{"rendered":"\n<h2 class=\"wp-block-heading\"><strong>Des ministres sortants d\u00e9sempar\u00e9s<\/strong><\/h2>\n\n\n\n<p><strong><em>Dans le nouvel attelage gouvernemental, il ressort que parmi les 12&nbsp;&nbsp; nouvelles t\u00eates qui font leur entr\u00e9e, 5 sont des conseillers sp\u00e9ciaux du pr\u00e9sident de la transition le Colonel Assimi Go\u00efta. Et dans ce lot, figurent deux conseillers nomm\u00e9s \u00e0 Koulouba par le d\u00e9funt pr\u00e9sident IBK que l\u2019actuel locataire de Koulouba a pris&nbsp; soin de garder avant de les propulser ministres&nbsp; lors du r\u00e9am\u00e9nagement gouvernemental du 1er juillet.<\/em><\/strong><\/p>\n\n\n\n<p class=\"has-drop-cap\">Gouvernement de mission, gouvernement de technocrates. C\u2019est sous ces diff\u00e9rents angles que&nbsp; les analystes politiques voient le gouvernement Choguel II sanctionn\u00e9 par des jeux de chaises musicales au niveau de certains&nbsp; d\u00e9partements, mais aussi des partants et une douzaine d\u2019entrants dont 5 conseillers sp\u00e9ciaux du chef de l\u2019Etat Assimi Go\u00efta.<\/p>\n\n\n\n<p>Cependant \u00e0 la lecture du d\u00e9cret de nomination, la pr\u00e9sence de deux anciennes proches collaboratrices d\u2019IBK ne pouvait passer inaper\u00e7u. Il s\u2019agit de la ministre de l\u2019Energie et de l\u2019eau, Bintou Camara, et celle de l\u2019Entrepreneuriat national, de l\u2019emploi et de la formation professionnelle, Mme Bagayoko Aminata Traor\u00e9. Si les comp\u00e9tences de ces deux ministres ne souffrent d\u2019aucun doute, il ressort de nos recoupements que Mme Bagayoko Aminata Traor\u00e9 doit son poste de conseill\u00e8re \u00e0 Koulouba surtout \u00e0 travers les relations \u00e9troites que son mari entretenait \u00e0 l\u2019\u00e9poque avec l\u2019un des fils du d\u00e9funt pr\u00e9sident IBK. Il n\u2019en demeure pas moins que si ces comp\u00e9tences n\u2019\u00e9taient pas av\u00e9r\u00e9es, le pr\u00e9sident Go\u00efta ne lui aurait pas donn\u00e9e sa confiance.<\/p>\n\n\n\n<p>Quant \u00e0 la ministre de l\u2019Energie et de l\u2019eau, auditrice de son Etat, Bintou Camara, elle s\u2019est surtout illustr\u00e9e aupr\u00e8s d\u2019IBK \u00e0 travers l\u2019audit de l\u2019achat d\u2019\u00e9quipements militaires achet\u00e9s sous son r\u00e9gime. Un audit qui incrimine de nombreux chefs militaires, des ministres et surtout des op\u00e9rateurs \u00e9conomiques. D\u2019ailleurs le pouvoir actuel s\u2019est servi de ce document pour poursuivre certains responsables. Aussi, le&nbsp; pr\u00e9sident de la Transition a sollicit\u00e9 la d\u00e9sormais ministre de l\u2019Energie et de l\u2019eau pour mener l\u2019audit de la soci\u00e9t\u00e9 EDM-SA.<\/p>\n\n\n\n<p>En tout cas, en propulsant ces deux dames au-devant de la sc\u00e8ne, c\u2019est un message fort que le pr\u00e9sident de la Transition a peut-\u00eatre voulu donner, comme quoi, tout cadre qui peut faire l\u2019affaire du pays est le bienvenu.<\/p>\n\n\n\n<p>Autre d\u00e9tail important dans cet attelage gouvernemental, c\u2019est le fait que l\u2019actuel homme fort de Koulouba a voulu se passer des formations politiques dont beaucoup de responsables ont reconnu n\u2019avoir pas \u00e9t\u00e9 consult\u00e9s pour ce r\u00e9am\u00e9nagement.<\/p>\n\n\n\n<p>Ce n\u2019est pas tout, le M5 RFP, qui \u00e9tait revenu en force apr\u00e8s la rectification, a \u00e9t\u00e9 r\u00e9duit \u00e0 la portion congrue avec la Primature conserv\u00e9e par Choguel et le minist\u00e8re de la Refondation avec Ibrahima Ikassa Ma\u00efga, sans oublier que Choguel reste sa collaboratrice d\u00e9l\u00e9gu\u00e9e aux R\u00e9formes institutionnelles.<\/p>\n\n\n\n<p>Ce sont, cinq voire six ministres de cette coalition politique qui ont \u00e9t\u00e9 d\u00e9barqu\u00e9s. Cependant, selon nos investigations, nombreux sont les ministres sortants qui ont \u00e9t\u00e9 d\u00e9sempar\u00e9s \u00e0 la lecture du d\u00e9cret \u00e0 la t\u00e9l\u00e9 car n\u2019ayant pas \u00e9t\u00e9 inform\u00e9s au pr\u00e9alable&nbsp; de leur d\u00e9part.<\/p>\n\n\n\n<p><em>\u201cC\u2019est vrai notre ministre savait t\u00f4t ou tard qu\u2019il allait quitter le gouvernement, mais c\u2019est la mani\u00e8re de proc\u00e9der qui l\u2019a laiss\u00e9 sans mot. D\u2019ailleurs, pour la petite histoire, c\u2019est \u00e0 travers mon appel qu\u2019il&nbsp; a su qu\u2019il a \u00e9t\u00e9 d\u00e9barqu\u00e9 car ce jour-l\u00e0, il n\u2019\u00e9tait pas devant la t\u00e9l\u00e9. Pour moi, des gens qui ont servi la nation \u00e0 un niveau \u00e9lev\u00e9 ne doivent pas apprendre dans la rue, au m\u00eame moment que leur planton, qu\u2019ils ne sont pas dans le gouvernement. On pouvait les informer de leur d\u00e9part une heure avant le journal t\u00e9l\u00e9vis\u00e9 de 20 heures\u201d<\/em>, nous a confi\u00e9 un proche collaborateur d\u2019un ministre remerci\u00e9.<\/p>\n\n\n\n<p>Par contre, certaines sources confirment que&nbsp; ceux qui ont \u00e9t\u00e9 retenus dans l\u2019actuel gouvernement savaient d\u00e9j\u00e0 qu\u2019ils allaient faire partie de la nouvelle \u00e9quipe gouvernementale. Cependant, ils n\u2019avaient pas l\u2019information quand la fum\u00e9e blanche allait apparaitre. En plus des ministres remerci\u00e9s, la composition du nouveau gouvernement a \u00e9t\u00e9 accueillie avec une grande surprise et une grande r\u00e9serve au niveau des QG de certaines formations politiques.<\/p>\n\n\n\n<p>Des cadres politiques sous anonymat regrettent qu\u2019ils n\u2019aient pas \u00e9t\u00e9 r\u00e9compens\u00e9s \u00e0 hauteur de leur engagement pour la campagne du \u00abOui\u00bb au r\u00e9f\u00e9rendum \u00e0 la nouvelle constitution mais en soutien aussi au r\u00e9gime en place.<\/p>\n\n\n\n<p>Par ailleurs, d\u2019autres estiment que le pouvoir en place s\u2019est plut\u00f4t renforc\u00e9 au d\u00e9triment des partis politiques. Toutes choses qui peuvent constituer un signe avant-coureur de la volont\u00e9 des 5 colonels d\u2019\u00e9voluer d\u00e9sormais dans la gestion des affaires publiques et politiques en laissant les partis politiques \u00e0 quai.<\/p>\n\n\n\n<p>A cet \u00e9gard,&nbsp; au vu du profil des nouveaux ministres, on peut deviner que le pr\u00e9sident Assimi Go\u00efta a voulu jouer \u00e0 l\u2019arbitrage et \u00e0 l\u2019\u00e9quilibrisme entre tous les acteurs de la classe politique \u00e0 moins de 7 mois de l\u2019\u00e9lection pr\u00e9sidentielle de 2024.<\/p>\n\n\n\n<p>Cependant, la p\u00e9riode choisie pour le r\u00e9am\u00e9nagement n\u2019est point une surprise car tous les observateurs politiques s\u2019attendaient \u00e0 un remaniement apr\u00e8s&nbsp; le r\u00e9f\u00e9rendum. Sur un tout autre plan se rapportant \u00e0 l\u2019aspect financier, il n\u2019est pas fortuit non plus.&nbsp;&nbsp;<em>\u201cSi le r\u00e9am\u00e9nagement avait lieu apr\u00e8s le premier juillet qui correspond \u00e0 l\u2019ouverture des cr\u00e9dits du second semestre au niveau des minist\u00e8res, les nouveaux ministres allaient \u00eatre sevr\u00e9s de certains avantages de services&nbsp; li\u00e9s \u00e0 leur fonction qui allaient \u00eatre affect\u00e9s aux ministres sortants. Donc, pour vous dire que&nbsp; le moment a \u00e9t\u00e9 bien choisi\u201d,<\/em>&nbsp;a reconnu un conseiller technique d\u2019un d\u00e9partement minist\u00e9riel.<\/p>\n\n\n\n<p>Cependant, des interrogations demeurent par rapport au casting de&nbsp; certains postes minist\u00e9riels. A savoir pourquoi enlever un Professeur d\u2019Universit\u00e9&nbsp; notamment Amadou K\u00e9\u00efta \u00e0 l\u2019Enseignement sup\u00e9rieur &nbsp;au profit des Mines, un domaine qui lui est compl\u00e8tement \u00e9tranger ?<\/p>\n\n\n\n<p>Aussi, certains n\u2019arrivent pas \u00e0 comprendre des d\u00e9parts comme ceux de la ministre de l\u2019Education nationale et celle du Travail et de la Fonction publique, car malgr\u00e9 qu\u2019elles soient tous du M5 RFP, leurs r\u00e9sultats au niveau de leurs d\u00e9partement devaient militer&nbsp; en leur faveur notamment la bonne organisation des examens et concours dans leurs d\u00e9partements respectifs.<\/p>\n\n\n\n<p>En tout cas, il reste maintenant \u00e0 savoir si les autorit\u00e9s vont chercher \u00e0 recaser les anciens ministres au risque de les voir copt\u00e9s par l\u2019opposition pour agrandir leur rang ; une hypoth\u00e8se qui n\u2019est pas \u00e0 n\u00e9gliger.<\/p>\n\n\n\n<p><strong>&nbsp;&nbsp;&nbsp;&nbsp;&nbsp;&nbsp;&nbsp;&nbsp;&nbsp;&nbsp;&nbsp;&nbsp;&nbsp;&nbsp;&nbsp;&nbsp;&nbsp;&nbsp;&nbsp;&nbsp;&nbsp;&nbsp;&nbsp;&nbsp;&nbsp;&nbsp;&nbsp;<\/strong><\/p>\n\n\n\n<p><strong>&nbsp; Kassoum Th\u00e9ra<\/strong><\/p>\n\n\n\n<p><\/p>\n","protected":false},"excerpt":{"rendered":"<p>Des ministres sortants d\u00e9sempar\u00e9s Dans le nouvel attelage gouvernemental, il ressort que parmi les 12&nbsp;&nbsp; nouvelles t\u00eates qui font leur entr\u00e9e, 5 sont des conseillers sp\u00e9ciaux du pr\u00e9sident de la&hellip;<\/p>\n","protected":false},"author":1,"featured_media":14269,"comment_status":"open","ping_status":"closed","sticky":false,"template":"","format":"standard","meta":{"content-type":"","_lmt_disableupdate":"","_lmt_disable":"","_jetpack_memberships_contains_paid_content":false,"footnotes":"","jetpack_publicize_message":"","jetpack_publicize_feature_enabled":true,"jetpack_social_post_already_shared":true,"jetpack_social_options":{"image_generator_settings":{"template":"highway","default_image_id":0,"font":"","enabled":false},"version":2}},"categories":[19,75,23],"tags":[],"class_list":["post-14268","post","type-post","status-publish","format-standard","has-post-thumbnail","hentry","category-aujourdhui-mali","category-gouvernement","category-politique"],"jetpack_publicize_connections":[],"featured_image_urls":{"full":"","thumbnail":"","medium":"","medium_large":"","large":"","1536x1536":"","2048x2048":"","penci-recipe-1200x1200":"","penci-recipe-1200x900":"","penci-recipe-1200x675":"","penci-single-full":"","penci-slider-full-thumb":"","penci-full-thumb":"","penci-slider-thumb":"","penci-magazine-slider":"","penci-thumb":"","penci-masonry-thumb":"","penci-thumb-square":"","penci-thumb-vertical":"","penci-thumb-small":""},"author_info":{"display_name":"Nandi","author_link":"https:\/\/nandi.info\/?author=1"},"category_info":"<a href=\"https:\/\/nandi.info\/?cat=19\" rel=\"category\">Aujourd\u2019hui Mali<\/a> <a href=\"https:\/\/nandi.info\/?cat=75\" rel=\"category\">Gouvernement<\/a> <a href=\"https:\/\/nandi.info\/?cat=23\" rel=\"category\">Politique<\/a>","tag_info":"Politique","comment_count":"0","jetpack_featured_media_url":"","jetpack_sharing_enabled":true,"_links":{"self":[{"href":"https:\/\/nandi.info\/index.php?rest_route=\/wp\/v2\/posts\/14268","targetHints":{"allow":["GET"]}}],"collection":[{"href":"https:\/\/nandi.info\/index.php?rest_route=\/wp\/v2\/posts"}],"about":[{"href":"https:\/\/nandi.info\/index.php?rest_route=\/wp\/v2\/types\/post"}],"author":[{"embeddable":true,"href":"https:\/\/nandi.info\/index.php?rest_route=\/wp\/v2\/users\/1"}],"replies":[{"embeddable":true,"href":"https:\/\/nandi.info\/index.php?rest_route=%2Fwp%2Fv2%2Fcomments&post=14268"}],"version-history":[{"count":0,"href":"https:\/\/nandi.info\/index.php?rest_route=\/wp\/v2\/posts\/14268\/revisions"}],"wp:featuredmedia":[{"embeddable":true,"href":"https:\/\/nandi.info\/index.php?rest_route=\/"}],"wp:attachment":[{"href":"https:\/\/nandi.info\/index.php?rest_route=%2Fwp%2Fv2%2Fmedia&parent=14268"}],"wp:term":[{"taxonomy":"category","embeddable":true,"href":"https:\/\/nandi.info\/index.php?rest_route=%2Fwp%2Fv2%2Fcategories&post=14268"},{"taxonomy":"post_tag","embeddable":true,"href":"https:\/\/nandi.info\/index.php?rest_route=%2Fwp%2Fv2%2Ftags&post=14268"}],"curies":[{"name":"wp","href":"https:\/\/api.w.org\/{rel}","templated":true}]}}