{"id":14257,"date":"2023-07-06T09:35:50","date_gmt":"2023-07-06T07:35:50","guid":{"rendered":"https:\/\/nandi.info\/?p=14257"},"modified":"2023-07-06T09:35:50","modified_gmt":"2023-07-06T07:35:50","slug":"ambassadeur-jeffrey-de-laurentis-au-conseil-de-securite-de-lonu-sur-le-mali-nous-saluons-une-evolution-plus-positive-des-autorites-de-transition-malienne","status":"publish","type":"post","link":"https:\/\/nandi.info\/?p=14257","title":{"rendered":"Ambassadeur Jeffrey De Laurentis au Conseil de s\u00e9curit\u00e9 de l\u2019Onu sur le Mali : \u00ab Nous saluons une \u00e9volution plus positive des autorit\u00e9s de transition malienne \u00bb"},"content":{"rendered":"\n<p><strong><em>Le Repr\u00e9sentant adjoint par int\u00e9rim aupr\u00e8s de l\u2019Organisation des Nations Unies, lors de son intervention au conseil de s\u00e9curit\u00e9 des Nation Unies, tenu le 16 juin 2023 \u00e0 New York, a laiss\u00e9 entendre que les Etats-Unis applaudissent la pr\u00e9paration et la planification solides du gouvernement de transition pour le r\u00e9f\u00e9rendum constitutionnel du 18 juin. Il affirmera que son pays r\u00e9it\u00e8re une fois de plus son soutien au processus de transition et aux \u00e9lections de f\u00e9vrier 2024 au cours desquelles ni le pr\u00e9sident de transition ni le Premier ministre ne pourront se pr\u00e9senter aux \u00e9lections, comme le gouvernement de transition en a convenu avec la Cedeao.<\/em><\/strong><\/p>\n\n\n\n<p class=\"has-drop-cap\">L\u2019ambassadeur Jeffrey De Laurentis se dit heureux de voir que le Secr\u00e9taire g\u00e9n\u00e9ral continue de suivre les progr\u00e8s du gouvernement de transition malien vers la pleine conformit\u00e9 avec les quatre crit\u00e8res inclus dans l\u2019examen interne de la Minusma par l\u2019ONU. Selon lui, ces rep\u00e8res sont clairement d\u00e9finis et pleinement atteignables. En effet, lesdits rep\u00e8res demandent aux autorit\u00e9s maliennes de respecter leurs obligations existantes en vertu de l\u2019accord d\u2019Alger de 2015, de l\u2019accord sur le statut des forces avec l\u2019ONU et du calendrier convenu par la Cedeao pour achever la transition politique. Toutefois, l\u2019ambassadeur a fait savoir que les Etats-Unis sont d\u00e9\u00e7us que le gouvernement de transition malienne ait fait preuve d\u2019un comportement obstructionniste au cours de la p\u00e9riode consid\u00e9r\u00e9e.&nbsp;<em>\u00ab&nbsp;Nous sommes particuli\u00e8rement frustr\u00e9s par les restrictions continues impos\u00e9es par le Mali \u00e0 la libert\u00e9 de mouvement et d\u2019acc\u00e8s de la Minusma, et par le fait qu\u2019il a refus\u00e9 170 demandes d\u2019autorisation de vol de la Minusma au cours des trois derniers mois seulement<\/em>&nbsp;\u00bb, dit-il. Il rappelle que le gouvernement de transition a \u00e9galement rejet\u00e9 quatre des cinq demandes de la Minusma de mener des enqu\u00eates in situ sur des informations faisant \u00e9tat de violations et d\u2019atteintes aux droits humains. Cependant, malgr\u00e9 ces restrictions qui contreviennent \u00e0 l\u2019Accord sur le statut des forces du Mali, notre ambassadeur f\u00e9licite la Minusma d\u2019avoir men\u00e9 des dizaines d\u2019autres enqu\u00eates \u00e0 l\u2019aide d\u2019outils m\u00e9dico-l\u00e9gaux \u00e0 distance largement accept\u00e9s. Dans le m\u00eame ordre d\u2019id\u00e9es, il a f\u00e9licit\u00e9 la Minusma et le HCDH pour leur enqu\u00eate diligente et leurs rapports factuels sur les atteintes aux droits humains et les violations commises par les FAMa et le groupe Wagner soutenu par le Kremlin en mars dernier \u00e0 Moura, malgr\u00e9 l\u2019interdiction d\u2019acc\u00e8s \u00e0 la zone.&nbsp;<em>\u00ab&nbsp;La capacit\u00e9 de l\u2019ONU \u00e0 faire la lumi\u00e8re sur les abus et les violations malgr\u00e9 un tel obstructionnisme renforce l\u2019importance du mandat de la Minusma pour promouvoir et prot\u00e9ger les droits humains au Mali&nbsp;\u00bb,<\/em>&nbsp;laisse-t-il entendre. Par ailleurs, M. De Laurentis pense que les d\u00e9clarations accusant la Minusma d\u2019espionnage pour avoir men\u00e9 une enqu\u00eate ind\u00e9pendante dans le cadre de son mandat sont inacceptables et pr\u00e9sentent une grave menace pour la s\u00fbret\u00e9 et la s\u00e9curit\u00e9 des soldats de la paix de l\u2019ONU autoris\u00e9s par ce Conseil, qui ne m\u00e9ritent rien de moins que notre plein soutien.<\/p>\n\n\n\n<p>A souligner que le 25 mai dernier, les \u00c9tats-Unis ont impos\u00e9 des restrictions de visa \u00e0 deux officiers militaires maliens qui commandaient des unit\u00e9s impliqu\u00e9es dans les violations des droits humains commises \u00e0 Moura. A cet effet, notre ambassadeur se dit consterner par le m\u00e9pris de la vie humaine par des \u00e9l\u00e9ments des Forces arm\u00e9es maliennes en coop\u00e9ration avec le groupe Wagner soutenu par le Kremlin \u00e0 Moura. Le r\u00f4le d\u00e9stabilisateur des forces wagn\u00e9riennes et la menace directe qu\u2019elles font peser sur le peuple malien et la souverainet\u00e9 du pays n\u2019ont jamais \u00e9t\u00e9 aussi \u00e9vidents, \u00e0 ses yeux. Pour lui, les membres du Conseil devraient \u00e9galement prendre note de la fa\u00e7on dont les op\u00e9rations militaires qui nuisent aux civils dans le centre du Mali, comme celle de Moura, compromettent \u00e0 la fois les efforts de protection des civils et la mise en \u0153uvre d\u2019une strat\u00e9gie politiquement cibl\u00e9e. Cependant, l\u2019ambassadeur Jeffrey De Laurentis, affirmera que les Etats-Unis encouragent les autorit\u00e9s de transition ainsi que les groupes arm\u00e9s signataires \u00e0 faire preuve d\u2019un engagement similaire envers l\u2019accord de paix en r\u00e9pondant aux propositions de la m\u00e9diation internationale de mani\u00e8re constructive et dans un esprit de compromis. Selon lui, il est clair que la Minusma ne peut pas remplir son mandat dans les conditions actuelles.&nbsp;<em>\u00ab&nbsp;Seul le respect par le gouvernement de transition des quatre crit\u00e8res devrait convaincre ce Conseil de continuer \u00e0 soutenir le d\u00e9ploiement de la Minusma dans sa forme actuelle&nbsp;\u00bb,<\/em>&nbsp;a-t-il conclu.<\/p>\n\n\n\n<p><strong>Ibrahima Ndiaye<\/strong><\/p>\n\n\n\n<p><\/p>\n","protected":false},"excerpt":{"rendered":"<p>Le Repr\u00e9sentant adjoint par int\u00e9rim aupr\u00e8s de l\u2019Organisation des Nations Unies, lors de son intervention au conseil de s\u00e9curit\u00e9 des Nation Unies, tenu le 16 juin 2023 \u00e0 New York,&hellip;<\/p>\n","protected":false},"author":1,"featured_media":14258,"comment_status":"open","ping_status":"closed","sticky":false,"template":"","format":"standard","meta":{"content-type":"","_lmt_disableupdate":"","_lmt_disable":"","_jetpack_memberships_contains_paid_content":false,"footnotes":"","jetpack_publicize_message":"","jetpack_publicize_feature_enabled":true,"jetpack_social_post_already_shared":true,"jetpack_social_options":{"image_generator_settings":{"template":"highway","default_image_id":0,"font":"","enabled":false},"version":2}},"categories":[33,59,21],"tags":[],"class_list":["post-14257","post","type-post","status-publish","format-standard","has-post-thumbnail","hentry","category-mali-tribune","category-nations-unies","category-societe"],"jetpack_publicize_connections":[],"featured_image_urls":{"full":"","thumbnail":"","medium":"","medium_large":"","large":"","1536x1536":"","2048x2048":"","penci-recipe-1200x1200":"","penci-recipe-1200x900":"","penci-recipe-1200x675":"","penci-single-full":"","penci-slider-full-thumb":"","penci-full-thumb":"","penci-slider-thumb":"","penci-magazine-slider":"","penci-thumb":"","penci-masonry-thumb":"","penci-thumb-square":"","penci-thumb-vertical":"","penci-thumb-small":""},"author_info":{"display_name":"Nandi","author_link":"https:\/\/nandi.info\/?author=1"},"category_info":"<a href=\"https:\/\/nandi.info\/?cat=33\" rel=\"category\">Mali Tribune<\/a> <a href=\"https:\/\/nandi.info\/?cat=59\" rel=\"category\">Nations Unies<\/a> <a href=\"https:\/\/nandi.info\/?cat=21\" rel=\"category\">Soci\u00e9t\u00e9<\/a>","tag_info":"Soci\u00e9t\u00e9","comment_count":"0","jetpack_featured_media_url":"","jetpack_sharing_enabled":true,"_links":{"self":[{"href":"https:\/\/nandi.info\/index.php?rest_route=\/wp\/v2\/posts\/14257","targetHints":{"allow":["GET"]}}],"collection":[{"href":"https:\/\/nandi.info\/index.php?rest_route=\/wp\/v2\/posts"}],"about":[{"href":"https:\/\/nandi.info\/index.php?rest_route=\/wp\/v2\/types\/post"}],"author":[{"embeddable":true,"href":"https:\/\/nandi.info\/index.php?rest_route=\/wp\/v2\/users\/1"}],"replies":[{"embeddable":true,"href":"https:\/\/nandi.info\/index.php?rest_route=%2Fwp%2Fv2%2Fcomments&post=14257"}],"version-history":[{"count":0,"href":"https:\/\/nandi.info\/index.php?rest_route=\/wp\/v2\/posts\/14257\/revisions"}],"wp:featuredmedia":[{"embeddable":true,"href":"https:\/\/nandi.info\/index.php?rest_route=\/"}],"wp:attachment":[{"href":"https:\/\/nandi.info\/index.php?rest_route=%2Fwp%2Fv2%2Fmedia&parent=14257"}],"wp:term":[{"taxonomy":"category","embeddable":true,"href":"https:\/\/nandi.info\/index.php?rest_route=%2Fwp%2Fv2%2Fcategories&post=14257"},{"taxonomy":"post_tag","embeddable":true,"href":"https:\/\/nandi.info\/index.php?rest_route=%2Fwp%2Fv2%2Ftags&post=14257"}],"curies":[{"name":"wp","href":"https:\/\/api.w.org\/{rel}","templated":true}]}}