{"id":14256,"date":"2023-07-06T09:34:10","date_gmt":"2023-07-06T07:34:10","guid":{"rendered":"https:\/\/nandi.info\/?p=14256"},"modified":"2023-07-06T09:34:10","modified_gmt":"2023-07-06T07:34:10","slug":"journee-du-diplomate-une-diplomatie-proactive-pour-un-mali-prospere","status":"publish","type":"post","link":"https:\/\/nandi.info\/?p=14256","title":{"rendered":"Journ\u00e9e du diplomate : Une diplomatie proactive pour un Mali prosp\u00e8re"},"content":{"rendered":"\n<p><strong><em>Le 26 juin dernier, le Mali \u00e0 travers le d\u00e9partement des Affaires \u00e9trang\u00e8res et de la Coop\u00e9ration internationale, a c\u00e9l\u00e9br\u00e9 la journ\u00e9e du diplomate sous le th\u00e8me \u201d promouvoir les diplomaties culturelles, s\u00e9curitaires, \u00e9conomique et environnementale. Pour une diplomatie proactive, pour un Mali prosp\u00e8re.<\/em><\/strong><\/p>\n\n\n\n<p class=\"has-drop-cap\">C\u2019est devant un parterre de diplomates accr\u00e9dit\u00e9s au Mali, que les diplomates maliens ont c\u00e9l\u00e9br\u00e9 ce lundi 26 juin 2023 la journ\u00e9e du diplomate. Cette journ\u00e9e du diplomate intervient dans un contexte o\u00f9 le Mali est en pleine offensive diplomatique avec des mots-cl\u00e9s que sont le respect de la souverainet\u00e9 du Mali, le respect des choix strat\u00e9giques et des choix des partenaires du Mali et la d\u00e9fense des int\u00e9r\u00eats du peuple malien dans toute d\u00e9cision publique. Des principes \u00e9dict\u00e9s par le Pr\u00e9sident de la Transition qui mettent l\u2019int\u00e9r\u00eat du Mali sur la sc\u00e8ne africaine et internationale, d\u2019o\u00f9 une diplomatie proactive pour un Mali prosp\u00e8re.<\/p>\n\n\n\n<p>Dans son discours d\u2019ouverture, le secr\u00e9taire g\u00e9n\u00e9ral du minist\u00e8re des Affaires \u00e9trang\u00e8res et de la coop\u00e9ration internationale, l\u2019Ambassadeur Seydou Coulibaly a rappel\u00e9 le r\u00f4le du diplomate dans un contexte international min\u00e9 par des crises avec des acteurs nouveaux.<\/p>\n\n\n\n<p>\u201d \u00c0 l\u2019\u00e9chelle internationale, la persistance des crises d\u00e9but\u00e9es il y a des dizaines d\u2019ann\u00e9es et qui peinent \u00e0 \u00eatre r\u00e9solues&nbsp;; l\u2019apparition des nouvelles crises, complexes, impliquant des acteurs nouveaux et la polarisation et l\u2019instrumentation de sujets sensibles font que le r\u00f4le du diplomate est plus que jamais indispensable \u201c, a-t-il rappel\u00e9.<\/p>\n\n\n\n<p>Avec ses rappels, le secr\u00e9taire g\u00e9n\u00e9ral du d\u00e9partement des Affaires \u00e9trang\u00e8res a fait savoir que la fonction du diplomate s\u2019exerce aussi sous diff\u00e9rentes formes et des mani\u00e8res diverses et vari\u00e9es.<\/p>\n\n\n\n<p>\u201d La polyvalence, l\u2019ouverture aux autres et la capacit\u00e9 \u00e0 faire face aux situations les plus tendues avec un professionnalisme \u00e0 toute \u00e9preuve, font partie des ma\u00eetres mots \u201c, a-t-il cit\u00e9.<\/p>\n\n\n\n<p>La journ\u00e9e a \u00e9t\u00e9 marqu\u00e9e aussi par l\u2019ex\u00e9cution de plusieurs activit\u00e9s notamment l\u2019animation d\u2019une s\u00e9rie de panels sur des th\u00e9matiques s\u00e9curitaire, \u00e9conomique et environnementale.<\/p>\n\n\n\n<p><strong>Ousmane Mahamane<\/strong><\/p>\n\n\n\n<p>Mali Tribune<\/p>\n","protected":false},"excerpt":{"rendered":"<p>Le 26 juin dernier, le Mali \u00e0 travers le d\u00e9partement des Affaires \u00e9trang\u00e8res et de la Coop\u00e9ration internationale, a c\u00e9l\u00e9br\u00e9 la journ\u00e9e du diplomate sous le th\u00e8me \u201d promouvoir les&hellip;<\/p>\n","protected":false},"author":1,"featured_media":14259,"comment_status":"open","ping_status":"closed","sticky":false,"template":"","format":"standard","meta":{"content-type":"","_lmt_disableupdate":"","_lmt_disable":"","_jetpack_memberships_contains_paid_content":false,"footnotes":"","jetpack_publicize_message":"","jetpack_publicize_feature_enabled":true,"jetpack_social_post_already_shared":true,"jetpack_social_options":{"image_generator_settings":{"template":"highway","default_image_id":0,"font":"","enabled":false},"version":2}},"categories":[105,23],"tags":[],"class_list":["post-14256","post","type-post","status-publish","format-standard","has-post-thumbnail","hentry","category-diplomatie","category-politique"],"jetpack_publicize_connections":[],"featured_image_urls":{"full":"","thumbnail":"","medium":"","medium_large":"","large":"","1536x1536":"","2048x2048":"","penci-recipe-1200x1200":"","penci-recipe-1200x900":"","penci-recipe-1200x675":"","penci-single-full":"","penci-slider-full-thumb":"","penci-full-thumb":"","penci-slider-thumb":"","penci-magazine-slider":"","penci-thumb":"","penci-masonry-thumb":"","penci-thumb-square":"","penci-thumb-vertical":"","penci-thumb-small":""},"author_info":{"display_name":"Nandi","author_link":"https:\/\/nandi.info\/?author=1"},"category_info":"<a href=\"https:\/\/nandi.info\/?cat=105\" rel=\"category\">Diplomatie<\/a> <a href=\"https:\/\/nandi.info\/?cat=23\" rel=\"category\">Politique<\/a>","tag_info":"Politique","comment_count":"0","jetpack_featured_media_url":"","jetpack_sharing_enabled":true,"_links":{"self":[{"href":"https:\/\/nandi.info\/index.php?rest_route=\/wp\/v2\/posts\/14256","targetHints":{"allow":["GET"]}}],"collection":[{"href":"https:\/\/nandi.info\/index.php?rest_route=\/wp\/v2\/posts"}],"about":[{"href":"https:\/\/nandi.info\/index.php?rest_route=\/wp\/v2\/types\/post"}],"author":[{"embeddable":true,"href":"https:\/\/nandi.info\/index.php?rest_route=\/wp\/v2\/users\/1"}],"replies":[{"embeddable":true,"href":"https:\/\/nandi.info\/index.php?rest_route=%2Fwp%2Fv2%2Fcomments&post=14256"}],"version-history":[{"count":0,"href":"https:\/\/nandi.info\/index.php?rest_route=\/wp\/v2\/posts\/14256\/revisions"}],"wp:featuredmedia":[{"embeddable":true,"href":"https:\/\/nandi.info\/index.php?rest_route=\/"}],"wp:attachment":[{"href":"https:\/\/nandi.info\/index.php?rest_route=%2Fwp%2Fv2%2Fmedia&parent=14256"}],"wp:term":[{"taxonomy":"category","embeddable":true,"href":"https:\/\/nandi.info\/index.php?rest_route=%2Fwp%2Fv2%2Fcategories&post=14256"},{"taxonomy":"post_tag","embeddable":true,"href":"https:\/\/nandi.info\/index.php?rest_route=%2Fwp%2Fv2%2Ftags&post=14256"}],"curies":[{"name":"wp","href":"https:\/\/api.w.org\/{rel}","templated":true}]}}