{"id":14022,"date":"2023-06-17T10:56:09","date_gmt":"2023-06-17T08:56:09","guid":{"rendered":"https:\/\/nandi.info\/?p=14022"},"modified":"2023-06-17T10:56:09","modified_gmt":"2023-06-17T08:56:09","slug":"lancement-du-plan-national-de-reponses-a-linsecurite-alimentaire-pnr-pour-2023-assimi-goita-donne-le-coup-denvoi-de-la-distribution-de-30-000-tonnes-de-cereales","status":"publish","type":"post","link":"https:\/\/nandi.info\/?p=14022","title":{"rendered":"Lancement du plan national de r\u00e9ponses \u00e0 l\u2019ins\u00e9curit\u00e9 alimentaire (PNR) pour 2023 : Assimi Go\u00efta donne le coup d\u2019envoi de la distribution de 30 000 tonnes de c\u00e9r\u00e9ales"},"content":{"rendered":"\n<p><strong><em>C\u2019est la capitale des Balanzans S\u00e9gou, plus pr\u00e9cis\u00e9ment le stade Amary Daou, qui a servi de cadre cette ann\u00e9e au lancement du Plan national de r\u00e9ponses \u00e0 l\u2019ins\u00e9curit\u00e9 alimentaire (PNR) pr\u00e9sid\u00e9 par le pr\u00e9sident de la Transition le Colonel Assimi Go\u00efta, avec ses c\u00f4t\u00e9s le ministre Commissaire \u00e0 la s\u00e9curit\u00e9 alimentaire Redouane Ag Mohamed Ali. Plusieurs membres du gouvernement, des gouverneurs de r\u00e9gions et des partenaires techniques ont pris part \u00e0 la c\u00e9r\u00e9monie consacrant la distribution de 30 000 tonnes de c\u00e9r\u00e9ales aux populations vuln\u00e9rables.<\/em><\/strong><\/p>\n\n\n\n<p class=\"has-drop-cap\">A travers la mise en \u0153uvre de ce Plan national de r\u00e9ponses \u00e0 l\u2019ins\u00e9curit\u00e9 alimentaire (PNR), ce sont au total 30 000 tonnes de vivres qui seront distribu\u00e9s pour les populations vuln\u00e9rables. En tout, cette initiative va toucher plus d\u2019un million de personnes dans toutes les localit\u00e9s du pays. Et le pr\u00e9sident de la Transition le Colonel Assimi Go\u00efta&nbsp; qui a pu visiter les camions charg\u00e9s de c\u00e9r\u00e9ales a proc\u00e9d\u00e9 \u00e0 la remise officielle de la dotation de deux r\u00e9gions.&nbsp; Il s\u2019agit&nbsp; des r\u00e9gions de S\u00e9gou et de San. Le ministre Commissaire \u00e0 la s\u00e9curit\u00e9 alimentaire, R\u00e9douane Ag Mohamed Ali, apr\u00e8s avoir remerci\u00e9 le pr\u00e9sident pour tout l\u2019int\u00e9r\u00eat qu\u2019il porte \u00e0 la s\u00e9curit\u00e9 alimentaire de ses compatriotes a soulign\u00e9 que ce plan a \u00e9t\u00e9 pens\u00e9 et \u00e9labor\u00e9 autour de la strat\u00e9gie entreprise par les plus hautes autorit\u00e9s du Mali pour combattre, jusqu\u2019\u00e0 \u00e9radication, la famine et la malnutrition.<\/p>\n\n\n\n<p>Pour le ministre R\u00e9douane, le PNR s\u2019av\u00e8re \u00eatre le m\u00e9canisme d\u2019intervention le mieux appropri\u00e9 que l\u2019\u00c9tat met en \u0153uvre, chaque ann\u00e9e, avec l\u2019appui de ses partenaires, pour r\u00e9pondre aux difficult\u00e9s alimentaires sur l\u2019ensemble du territoire national. A l\u2019en croire, les \u00e9valuations ent\u00e9rin\u00e9es par le Cadre harmonis\u00e9 de novembre 2022 montrent qu\u2019en p\u00e9riode de soudure, juin \u00e0 septembre 2023, 1 246 406 seront en crise alimentaire et 4 035 890 personnes identifi\u00e9es seront en ins\u00e9curit\u00e9 alimentaire mod\u00e9r\u00e9e.&nbsp;<em>\u201cCertes, ces donn\u00e9es laissent transparaitre un l\u00e9ger mieux par rapport \u00e0 la situation de l\u2019ann\u00e9e pr\u00e9c\u00e9dente, et nous ne pouvons que nous en r\u00e9jouir. Cependant la situation alimentaire reste pr\u00e9occupante, particuli\u00e8rement dans les zones d\u2019ins\u00e9curit\u00e9 du centre et du nord o\u00f9 il ne sera pas exag\u00e9r\u00e9 de parler de crise \u00e0 certains endroits\u201d,<\/em>&nbsp;a constat\u00e9 le ministre R\u00e9douane.<\/p>\n\n\n\n<p><strong>Des efforts louables du pr\u00e9sident Assimi<\/strong><\/p>\n\n\n\n<p>Il a salu\u00e9 le pr\u00e9sident de la Transition qui a plac\u00e9 la s\u00e9curit\u00e9 alimentaire au sommet des priorit\u00e9s de l\u2019\u00c9tat.&nbsp;<em>\u201cVous avez entrepris, Monsieur le Pr\u00e9sident, des efforts louables \u00e0 diff\u00e9rents niveaux afin d\u2019amoindrir les effets de la crise. C\u2019est ainsi qu\u2019\u00e0 la faveur de toutes les mesures pr\u00e9ventives prises, l\u2019approvisionnement des march\u00e9s domestiques en c\u00e9r\u00e9ales de base (mil, sorgo et ma\u00efs) est globalement satisfaisant et la stabilit\u00e9 des prix de ces denr\u00e9es les rend accessibles aux populations. Toutefois, le rench\u00e9rissement au plan mondial du prix du riz a fortement perturb\u00e9 la conclusion des contrats d\u2019achat et d\u2019importation de cette c\u00e9r\u00e9ale, avec comme cons\u00e9quences imm\u00e9diates la revue \u00e0 la baisse des quantit\u00e9s initiales et des retards dans le processus d\u2019ex\u00e9cution des march\u00e9s\u201d<\/em>, a-t-il d\u00e9clar\u00e9. Avant de poursuivre que face \u00e0 l\u2019ampleur des besoins et en d\u00e9pit de la restriction de ressources, les efforts de l\u2019\u00c9tat ont permis, \u00e0 ce jour, de mobiliser un budget total notifi\u00e9 de 41 983 050 0000 FCFA reparti comme suit : budget de l\u2019\u00c9tat : 6 900 000 000 FCFA, pr\u00eat BOAD : 24 931 000 000 FCFA ; pr\u00eat IFTC : 9 839 050 000 FCFA, appui UEMOA : 313 000 000 FCFA.<\/p>\n\n\n\n<p><em>\u201cCet appr\u00e9ciable effort laisse toutefois apparaitre un gap financier de 9 954 000 000 FCFA qui se d\u00e9cline en&nbsp; Reconstitution des Stocks : (SNS en mil\/sorgho : 5 400 000 000 FCFA) + (SIE en riz : 1 800 000 000 FCFA) : 7 200 000 000 FCFA), 2. Activit\u00e9s de moyens d\u2019existence (aliment b\u00e9tail et poisson, semences, engrais, TM en coupon, reconstitution de cheptel, am\u00e9nagements (PIV, points d\u2019eau, maraichage\u2026) : 2 754 000 000 FCFA) Avec tous les efforts consentis, le gap de financement du PNR \u00e0 couvrir, \u00e9valu\u00e9 \u00e0, 9 954 000 000 FCFA, demeure encore \u00e9norme et constitue une pr\u00e9occupation majeure\u201d<\/em>, a-t-il mentionn\u00e9.<\/p>\n\n\n\n<p>D\u2019apr\u00e8s le ministre R\u00e9doaune, l\u2019intervention de l\u2019\u00c9tat, \u00e0 travers des distributions alimentaires gratuites, sera coupl\u00e9e avec l\u2019assistance alimentaire des partenaires et touchera l\u2019ensemble des 1 246 406 personnes vuln\u00e9rables. Il a profit\u00e9 de cette tribune pour&nbsp; renouveler \u00e0 tous leurs partenaires et \u00e0 tous les g\u00e9n\u00e9reux donateurs leur profonde gratitude, pour leurs appuis multiformes et pour tous les efforts consentis. Ces reconnaissances ont \u00e9t\u00e9 adress\u00e9es aux signataires du protocole d\u2019entente \u00c9tat-PTF, \u00e0 savoir le Programme alimentaire mondiale (PAM), l\u2019Union europ\u00e9enne, la FAO, la Suisse, le Canada et le Royaume de Luxembourg, aux autres partenaires bilat\u00e9raux et multilat\u00e9raux qui apportent des appuis directs \u00e0 l\u2019\u00c9tat que sont la Chine, l\u2019Allemagne, l\u2019Alg\u00e9rie, l\u2019Arabie Saoudite, l\u2019Espagne, l\u2019Italie, le Japon, l\u2019Union Africaine, la CEDEAO, UEMOA, Russie,&nbsp; \u00e0 l\u2019ensemble des ONG, en particulier celles r\u00e9unies au sein du Cluster s\u00e9curit\u00e9 alimentaire<\/p>\n\n\n\n<p><em>\u201cNotre reconnaissance va, aussi, aux \u00c9tats et organisations qui sont en train de s\u2019inscrire dans la dynamique de l\u2019appui au dispositif de s\u00e9curit\u00e9 alimentaire et nutritionnelle. L\u2019ensemble du dispositif national de s\u00e9curit\u00e9 alimentaire vous sait hautement gr\u00e9 du soutien constant accord\u00e9 aux r\u00e9ponses d\u2019urgences en direction de nos concitoyens en d\u00e9tresse par l\u2019ins\u00e9curit\u00e9 alimentaire et nutritionnelle. Je pus, ici, vous assurer, qu\u2019au niveau de notre dispositif, nous resterons attentifs et mobilis\u00e9s \u00e0 vos c\u00f4t\u00e9s pour tout mettre en \u0153uvre en vue d\u2019atteindre l\u2019objectif ultime de souverainet\u00e9 alimentaire pour le Mali\u201d<\/em>, a d\u00e9clar\u00e9 le ministre commissaire \u00e0 la s\u00e9curit\u00e9 alimentaire.<\/p>\n\n\n\n<p>Justifiant cette assistance alimentaire, le pr\u00e9sident de la Transition le Colonel Assimi Go\u00efta, de souligner que cette intervention trouve son fondement par le fait que du mois de juin au mois de septembre des difficult\u00e9s alimentaires sont constat\u00e9es dans certaines localit\u00e9s du pays dues \u00e0 la p\u00e9riode de soudure, \u00e0 la mauvaise pluviom\u00e9trie, \u00e0 l\u2019ins\u00e9curit\u00e9. C\u2019est pourquoi, selon lui le gouvernement proc\u00e8de \u00e0 des distributions sur l\u2019ensemble du territoire national. Le pr\u00e9sident de la transition a invit\u00e9 les gouverneurs \u00e0 prendre des dispositions pour que ces c\u00e9r\u00e9ales soient utilis\u00e9es \u00e0 bon escient et salu\u00e9 les partenaires pour leur accompagnement dans le combat contre l\u2019ins\u00e9curit\u00e9 alimentaire.<\/p>\n\n\n\n<p><strong>Engagement et pr\u00e9sence aux c\u00f4t\u00e9s des autorit\u00e9s maliennes<\/strong><\/p>\n\n\n\n<p>Ibrahim Diallo du Programme alimentaire mondiale (PAM), repr\u00e9sentant les partenaires techniques et financiers (PTF) de soutenir que la conjugaison des facteurs suscit\u00e9s impacte n\u00e9gativement la situation des populations les plus vuln\u00e9rables et justifie la persistance de l\u2019ins\u00e9curit\u00e9 alimentaire et nutritionnelle, particuli\u00e8rement dans des r\u00e9gions du centre et du nord du pays. Selon lui, la derni\u00e8re analyse du cadre harmonis\u00e9 tenu en mars 2023, a r\u00e9v\u00e9l\u00e9 que pr\u00e8s d\u2019un million deux cent mille personnes sont affect\u00e9es par l\u2019ins\u00e9curit\u00e9 alimentaire aig\u00fce pendant cette p\u00e9riode de soudure 2023 et auront besoin d\u2019une assistance alimentaire d\u2019urgence. Il a aussi pr\u00e9cis\u00e9 que parmi ces personnes, 2 500 sont \u00e0 risque de catastrophe alimentaire dans la r\u00e9gion de M\u00e9naka et plus de 76 000 personnes sont en urgence alimentaire dans les cercles de M\u00e9naka, Ansongo, Gao, Bourem, Bankass, Douentza et Koro o\u00f9 d\u2019importants efforts continuent d\u2019\u00eatre d\u00e9ploy\u00e9s par le gouvernement et ses partenaires pour r\u00e9pondre aux besoins suscit\u00e9s.<\/p>\n\n\n\n<p><em>\u201cAu-del\u00e0 de l\u2019assistance alimentaire, plus de 1,9 millions de personnes ont un besoin urgent de renforcement de leurs moyens d\u2019existence. Cela contribuerait \u00e0 acc\u00e9l\u00e9rer le rel\u00e8vement pr\u00e9coce et \u00e0 renforcer la r\u00e9silience de ces personnes vuln\u00e9rables\u201d,<\/em>&nbsp;a soutenu le repr\u00e9sentant des PTF.<\/p>\n\n\n\n<p>Sur le plan nutritionnel, il a poursuivi qu\u2019en d\u00e9pit des efforts accomplis, la situation reste pr\u00e9occupante dans certains cercles.&nbsp;<em>\u201cAvec des pr\u00e9valences de la malnutrition aigu\u00eb au niveau des r\u00e9gions d\u00e9passant le seuil d\u2019urgence de l\u2019OMS (Gao), voir critique sur les sites de d\u00e9plac\u00e9s internes de M\u00e9naka et Ansongo selon la SMART rapide de 2023. Environ 1,5 millions d\u2019enfants de moins de 5 ans souffriront de malnutrition aigu\u00eb sur l\u2019ann\u00e9e\u201d<\/em>, a r\u00e9v\u00e9l\u00e9 Diallo. C\u2019est pourquoi, au regard de cette situation, il fait savoir que les partenaires techniques et financiers se sont mobilis\u00e9s aupr\u00e8s du Commissariat \u00e0 la S\u00e9curit\u00e9 Alimentaire et des autres secteurs minist\u00e9riels pour le financement du Plan National de R\u00e9ponse 2023.<\/p>\n\n\n\n<p><em>\u201cAinsi, ces partenaires techniques et financiers ont apport\u00e9 une assistance compl\u00e9mentaire \u00e0 celle de l\u2019Etat en combinant distributions alimentaires et autres transferts permettant d\u2019assurer les besoins alimentaires et nutritionnels des personnes les plus vuln\u00e9rables. La r\u00e9ponse des Partenaires de l\u2019Etat en mati\u00e8re de s\u00e9curit\u00e9 alimentaire a atteint plus de 532 000 personnes dont plus de 22 000 d\u00e9plac\u00e9s internes pour l\u2019assistance alimentaire\u201d<\/em>, a-t-il pr\u00e9cis\u00e9. Il a aussi salu\u00e9 la contribution du&nbsp; PAM&nbsp; \u00e0 cet effort conjoint des partenaires techniques et financiers,&nbsp; \u00e0 travers la mise en \u0153uvre du Plan national de r\u00e9ponse. A l\u2019en croire, malgr\u00e9 tous ces efforts, il y a toutefois encore un gap de financement pour couvrir les besoins de 810 000 personnes qui ne pourraient \u00eatre assist\u00e9es sans financement additionnel. Ceci souligne, selon lui, l\u2019importance d\u2019intensifier les efforts de mobilisation de ressources et de mettre en place une Politique nationale de protection sociale.&nbsp; Il a par la m\u00eame occasion r\u00e9affirm\u00e9 leur&nbsp; engagement et leur pr\u00e9sence aux c\u00f4t\u00e9s des autorit\u00e9s maliennes, pour r\u00e9pondre aux besoins des populations affect\u00e9es par les crises.<\/p>\n\n\n\n<p><strong>&nbsp;&nbsp;&nbsp;&nbsp;&nbsp;&nbsp;&nbsp;&nbsp;&nbsp;&nbsp;&nbsp;&nbsp;&nbsp;&nbsp;&nbsp;&nbsp;&nbsp;&nbsp;&nbsp;&nbsp;&nbsp;&nbsp;&nbsp;&nbsp;&nbsp;&nbsp;&nbsp;&nbsp;&nbsp;&nbsp;&nbsp;&nbsp;&nbsp;&nbsp;&nbsp;&nbsp;&nbsp;&nbsp;&nbsp;&nbsp;&nbsp;&nbsp;&nbsp;&nbsp;&nbsp;&nbsp;&nbsp;&nbsp;&nbsp;&nbsp; Kassoum Th\u00e9ra, envoy\u00e9 sp\u00e9cial \u00e0 S\u00e9gou<\/strong><\/p>\n","protected":false},"excerpt":{"rendered":"<p>C\u2019est la capitale des Balanzans S\u00e9gou, plus pr\u00e9cis\u00e9ment le stade Amary Daou, qui a servi de cadre cette ann\u00e9e au lancement du Plan national de r\u00e9ponses \u00e0 l\u2019ins\u00e9curit\u00e9 alimentaire (PNR)&hellip;<\/p>\n","protected":false},"author":1,"featured_media":14023,"comment_status":"open","ping_status":"closed","sticky":false,"template":"","format":"standard","meta":{"content-type":"","_lmt_disableupdate":"","_lmt_disable":"","_jetpack_memberships_contains_paid_content":false,"footnotes":"","jetpack_publicize_message":"","jetpack_publicize_feature_enabled":true,"jetpack_social_post_already_shared":true,"jetpack_social_options":{"image_generator_settings":{"template":"highway","default_image_id":0,"font":"","enabled":false},"version":2}},"categories":[19,74,21],"tags":[],"class_list":["post-14022","post","type-post","status-publish","format-standard","has-post-thumbnail","hentry","category-aujourdhui-mali","category-nation","category-societe"],"jetpack_publicize_connections":[],"featured_image_urls":{"full":"","thumbnail":"","medium":"","medium_large":"","large":"","1536x1536":"","2048x2048":"","penci-recipe-1200x1200":"","penci-recipe-1200x900":"","penci-recipe-1200x675":"","penci-single-full":"","penci-slider-full-thumb":"","penci-full-thumb":"","penci-slider-thumb":"","penci-magazine-slider":"","penci-thumb":"","penci-masonry-thumb":"","penci-thumb-square":"","penci-thumb-vertical":"","penci-thumb-small":""},"author_info":{"display_name":"Nandi","author_link":"https:\/\/nandi.info\/?author=1"},"category_info":"<a href=\"https:\/\/nandi.info\/?cat=19\" rel=\"category\">Aujourd\u2019hui Mali<\/a> <a href=\"https:\/\/nandi.info\/?cat=74\" rel=\"category\">Nation<\/a> <a href=\"https:\/\/nandi.info\/?cat=21\" rel=\"category\">Soci\u00e9t\u00e9<\/a>","tag_info":"Soci\u00e9t\u00e9","comment_count":"0","jetpack_featured_media_url":"","jetpack_sharing_enabled":true,"_links":{"self":[{"href":"https:\/\/nandi.info\/index.php?rest_route=\/wp\/v2\/posts\/14022","targetHints":{"allow":["GET"]}}],"collection":[{"href":"https:\/\/nandi.info\/index.php?rest_route=\/wp\/v2\/posts"}],"about":[{"href":"https:\/\/nandi.info\/index.php?rest_route=\/wp\/v2\/types\/post"}],"author":[{"embeddable":true,"href":"https:\/\/nandi.info\/index.php?rest_route=\/wp\/v2\/users\/1"}],"replies":[{"embeddable":true,"href":"https:\/\/nandi.info\/index.php?rest_route=%2Fwp%2Fv2%2Fcomments&post=14022"}],"version-history":[{"count":0,"href":"https:\/\/nandi.info\/index.php?rest_route=\/wp\/v2\/posts\/14022\/revisions"}],"wp:featuredmedia":[{"embeddable":true,"href":"https:\/\/nandi.info\/index.php?rest_route=\/"}],"wp:attachment":[{"href":"https:\/\/nandi.info\/index.php?rest_route=%2Fwp%2Fv2%2Fmedia&parent=14022"}],"wp:term":[{"taxonomy":"category","embeddable":true,"href":"https:\/\/nandi.info\/index.php?rest_route=%2Fwp%2Fv2%2Fcategories&post=14022"},{"taxonomy":"post_tag","embeddable":true,"href":"https:\/\/nandi.info\/index.php?rest_route=%2Fwp%2Fv2%2Ftags&post=14022"}],"curies":[{"name":"wp","href":"https:\/\/api.w.org\/{rel}","templated":true}]}}