{"id":14021,"date":"2023-06-17T11:35:06","date_gmt":"2023-06-17T09:35:06","guid":{"rendered":"https:\/\/nandi.info\/?p=14021"},"modified":"2023-06-17T11:35:06","modified_gmt":"2023-06-17T09:35:06","slug":"gestion-du-projet-dintervention-durgence-covid-19-plus-de-49684-millions-de-fcfa-dirregularites-financieres-decelees-par-le-bvg","status":"publish","type":"post","link":"https:\/\/nandi.info\/?p=14021","title":{"rendered":"Gestion du projet d\u2019intervention d\u2019urgence Covid-19 : Plus de 496,84 millions de FCFA d\u2019irr\u00e9gularit\u00e9s financi\u00e8res d\u00e9cel\u00e9es par le BVG"},"content":{"rendered":"\n<p><strong><em>La pr\u00e9sente v\u00e9rification financi\u00e8re a pour objet, la gestion du Projet d\u2019Intervention d\u2019Urgence COVID-19. Elle a pour objectif de s\u2019assurer de la r\u00e9gularit\u00e9 et de la sinc\u00e9rit\u00e9 des op\u00e9rations de gestion. Les travaux de v\u00e9rification ont port\u00e9 sur l\u2019examen des op\u00e9rations de d\u00e9penses et de r\u00e9ception effective des \u00e9quipements et intrants achet\u00e9s au titre des exercices 2021 (du 1er juillet au 31 d\u00e9cembre) et 2022.<\/em><\/strong><\/p>\n\n\n\n<p class=\"has-drop-cap\">Le PIU COVID-19 est un programme du Gouvernement de la R\u00e9publique du Mali qui vise \u00e0 renforcer sa capacit\u00e9 \u00e0 pr\u00e9venir la pand\u00e9mie COVID-19, \u00e0 s\u2019y pr\u00e9parer et \u00e0 y r\u00e9pondre. Le projet comporte trois (3) composantes : (i) Pr\u00e9paration et r\u00e9ponse aux situations d\u2019urgence COVID-19 (ii) Am\u00e9lioration de l\u2019acc\u00e8s aux services de soins de sant\u00e9 (iii) Gestion de la mise en \u0153uvre, suivi et \u00e9valuation, et coordination. La mission de v\u00e9rification du BVG a relev\u00e9 des irr\u00e9gularit\u00e9s d\u2019ordre administratif et d\u2019ordre financier relevant de dysfonctionnements du contr\u00f4le interne.<\/p>\n\n\n\n<p><strong>Irr\u00e9gularit\u00e9 administrative<\/strong><\/p>\n\n\n\n<p>Le PIU COVID-19 n\u2019exige pas des structures b\u00e9n\u00e9ficiaires le remboursement des avances non justifi\u00e9es dans le d\u00e9lai requis. Le VG a recommand\u00e9 au Coordinateur du PIU COVID-19 d\u2019exiger des structures b\u00e9n\u00e9ficiaires, la justification des avances dans le d\u00e9lai.<\/p>\n\n\n\n<p><strong>Irr\u00e9gularit\u00e9s financi\u00e8res<\/strong><\/p>\n\n\n\n<p>Le montant total des irr\u00e9gularit\u00e9s financi\u00e8res s\u2019\u00e9l\u00e8ve \u00e0 496 848 028 FCFA. Le V\u00e9rificateur G\u00e9n\u00e9ral, Samba Alhamdou Baby a d\u00e9nonc\u00e9 au Procureur de la r\u00e9publique pr\u00e8s le Tribunal de Grande Instance de la Commune III du district de Bamako charg\u00e9 du P\u00f4le \u00e9conomique et financier les irr\u00e9gularit\u00e9s relatives aux avances non justifi\u00e9es et non rembours\u00e9es par certaines structures b\u00e9n\u00e9ficiaires pour un montant de 99 484 675 FCFA, aux intrants non exp\u00e9di\u00e9s aux b\u00e9n\u00e9ficiaires par le Directeur de la pharmacie et du m\u00e9dicament pour un montant de 23 524 356 FCFA, \u00e0 la r\u00e9ception et \u00e0 la non-livraison de mat\u00e9riels et d\u2019\u00e9quipements aux structures sanitaires b\u00e9n\u00e9ficiaires, enlev\u00e9s par des agents des services de la Sant\u00e9 pour un montant de 373 838 997 FCFA.<\/p>\n\n\n\n<p><strong>Source BVG<\/strong><\/p>\n\n\n\n<p><strong>\u00a0<\/strong><\/p>\n\n\n\n<h2 class=\"has-large-font-size wp-block-heading\"><strong>Commune rurale de Sadiola\u00a0:Des irr\u00e9gularit\u00e9s financi\u00e8res de plus de\u00a0 \u00a0198 millions de FCFA d\u00e9cel\u00e9es par le BVG<\/strong><\/h2>\n\n\n\n<p><strong><em>La pr\u00e9sente v\u00e9rification financi\u00e8re a pour objet la gestion de la Commune Rurale de Sadiola au titre des exercices 2018, 2019, 2020, 2021 et 2022 (31 octobre) ; avec l\u2019objectif de s\u2019assurer de la r\u00e9gularit\u00e9 et de la sinc\u00e9rit\u00e9 des op\u00e9rations de recettes et de d\u00e9penses ainsi que de la conformit\u00e9 des actes de gestion des organes d\u00e9lib\u00e9rant et ex\u00e9cutif.<\/em><\/strong><\/p>\n\n\n\n<p class=\"has-drop-cap\">Rappelons que la Commune Rurale de Sadiola (CRS) est cr\u00e9\u00e9e par la Loi n\u00b096-059 du 4 novembre 1996 portant cr\u00e9ation des Collectivit\u00e9s Territoriales. Situ\u00e9e \u00e0 l\u2019extr\u00eame sud du Cercle de Kayes, avec une population estim\u00e9e \u00e0 52 681 habitants (DNP 2018), la CRS est compos\u00e9e de 47 villages et 51 hameaux r\u00e9partis en six (6) secteurs.<\/p>\n\n\n\n<p><strong>Irr\u00e9gularit\u00e9s administratives<\/strong><\/p>\n\n\n\n<p>La mission de v\u00e9rification a d\u00e9cel\u00e9 des irr\u00e9gularit\u00e9s administratives imputables \u00e0 des dysfonctionnements du contr\u00f4le interne. Pour y rem\u00e9dier, le V\u00e9rificateur G\u00e9n\u00e9ral, Samba Alhamdou Baby a formul\u00e9 des recommandations.<\/p>\n\n\n\n<p>le Maire de la Commune rurale de Sadiola doit cr\u00e9er les r\u00e9gies de recettes et d\u2019avances conform\u00e9ment \u00e0 la r\u00e9glementation en vigueur, veiller \u00e0 la nomination d\u2019un Comptable mati\u00e8res conform\u00e9ment \u00e0 la r\u00e9glementation en vigueur, veiller \u00e0 la tenue de la comptabilit\u00e9 des mati\u00e8res conform\u00e9ment \u00e0 la r\u00e9glementation en vigueur, respecter la proc\u00e9dure d\u2019acceptation, de r\u00e9ception et d\u2019enregistrement des dons, respecter les proc\u00e9dures de r\u00e9ception des mati\u00e8res, convoquer les Conseillers communaux aux sessions dans le d\u00e9lai requis, veiller au respect des r\u00e8gles de repr\u00e9sentation des Conseillers communaux emp\u00each\u00e9s lors des sessions et tenir r\u00e9guli\u00e8rement les sessions ordinaires du Conseil communal.<\/p>\n\n\n\n<p>Le Receveur-percepteur doit proc\u00e9der au contr\u00f4le des r\u00e9gies d\u2019avances et de recettes au moins une fois par an. Les R\u00e9gisseurs d\u2019avances et de recettes doivent payer leur cautionnement et pr\u00eater serment devant la juridiction comp\u00e9tente.<\/p>\n\n\n\n<p><strong>Irr\u00e9gularit\u00e9s financi\u00e8res<\/strong><\/p>\n\n\n\n<p>Le montant total des irr\u00e9gularit\u00e9s financi\u00e8res s\u2019\u00e9l\u00e8ve \u00e0 198 466 256 FCFA. Le V\u00e9rificateur G\u00e9n\u00e9ral a transmis et d\u00e9nonc\u00e9 des faits au Pr\u00e9sident de la Section des Comptes de la Cour Supr\u00eame et au Procureur de la R\u00e9publique pr\u00e8s le Tribunal de Grande Instance de Kayes, charg\u00e9 du P\u00f4le \u00e9conomique et financier, relativement au paiement de primes mensuelles indues pour un montant de 39 440 000 FCFA, au paiement d\u2019indemnit\u00e9s de d\u00e9placement indues et de d\u00e9penses irr\u00e9guli\u00e8res pour un montant de 6 447 000 FCFA, au paiement d\u2019indemnit\u00e9s journali\u00e8res de session et de frais de transport indus pour un montant de 1 425 000 FCFA, au paiement d\u2019indemnit\u00e9s journali\u00e8res indues pour un montant de 1 460 000 FCFA, au non-reversement de recettes per\u00e7ues pour un montant de 3 822 076 FCFA, \u00e0 la non-justification de l\u2019achat et de l\u2019utilisation de carburant et de lubrifiant pour un montant de 76 994 450 FCFA et \u00e0 la non-justification du montant total des vignettes confectionn\u00e9es pour un montant de 49 325 840 FCFA.<\/p>\n\n\n\n<p><strong>&nbsp;Source BVG<\/strong><\/p>\n","protected":false},"excerpt":{"rendered":"<p>La pr\u00e9sente v\u00e9rification financi\u00e8re a pour objet, la gestion du Projet d\u2019Intervention d\u2019Urgence COVID-19. Elle a pour objectif de s\u2019assurer de la r\u00e9gularit\u00e9 et de la sinc\u00e9rit\u00e9 des op\u00e9rations de&hellip;<\/p>\n","protected":false},"author":1,"featured_media":6078,"comment_status":"open","ping_status":"closed","sticky":false,"template":"","format":"standard","meta":{"content-type":"","_lmt_disableupdate":"","_lmt_disable":"","_jetpack_memberships_contains_paid_content":false,"footnotes":"","jetpack_publicize_message":"","jetpack_publicize_feature_enabled":true,"jetpack_social_post_already_shared":true,"jetpack_social_options":{"image_generator_settings":{"template":"highway","default_image_id":0,"font":"","enabled":false},"version":2}},"categories":[19,23,82],"tags":[],"class_list":["post-14021","post","type-post","status-publish","format-standard","has-post-thumbnail","hentry","category-aujourdhui-mali","category-politique","category-verificateur-general"],"jetpack_publicize_connections":[],"featured_image_urls":{"full":"","thumbnail":"","medium":"","medium_large":"","large":"","1536x1536":"","2048x2048":"","penci-recipe-1200x1200":"","penci-recipe-1200x900":"","penci-recipe-1200x675":"","penci-single-full":"","penci-slider-full-thumb":"","penci-full-thumb":"","penci-slider-thumb":"","penci-magazine-slider":"","penci-thumb":"","penci-masonry-thumb":"","penci-thumb-square":"","penci-thumb-vertical":"","penci-thumb-small":""},"author_info":{"display_name":"Nandi","author_link":"https:\/\/nandi.info\/?author=1"},"category_info":"<a href=\"https:\/\/nandi.info\/?cat=19\" rel=\"category\">Aujourd\u2019hui Mali<\/a> <a href=\"https:\/\/nandi.info\/?cat=23\" rel=\"category\">Politique<\/a> <a href=\"https:\/\/nandi.info\/?cat=82\" rel=\"category\">V\u00e9rificateur G\u00e9n\u00e9ral<\/a>","tag_info":"V\u00e9rificateur G\u00e9n\u00e9ral","comment_count":"0","jetpack_featured_media_url":"","jetpack_sharing_enabled":true,"_links":{"self":[{"href":"https:\/\/nandi.info\/index.php?rest_route=\/wp\/v2\/posts\/14021","targetHints":{"allow":["GET"]}}],"collection":[{"href":"https:\/\/nandi.info\/index.php?rest_route=\/wp\/v2\/posts"}],"about":[{"href":"https:\/\/nandi.info\/index.php?rest_route=\/wp\/v2\/types\/post"}],"author":[{"embeddable":true,"href":"https:\/\/nandi.info\/index.php?rest_route=\/wp\/v2\/users\/1"}],"replies":[{"embeddable":true,"href":"https:\/\/nandi.info\/index.php?rest_route=%2Fwp%2Fv2%2Fcomments&post=14021"}],"version-history":[{"count":0,"href":"https:\/\/nandi.info\/index.php?rest_route=\/wp\/v2\/posts\/14021\/revisions"}],"wp:featuredmedia":[{"embeddable":true,"href":"https:\/\/nandi.info\/index.php?rest_route=\/"}],"wp:attachment":[{"href":"https:\/\/nandi.info\/index.php?rest_route=%2Fwp%2Fv2%2Fmedia&parent=14021"}],"wp:term":[{"taxonomy":"category","embeddable":true,"href":"https:\/\/nandi.info\/index.php?rest_route=%2Fwp%2Fv2%2Fcategories&post=14021"},{"taxonomy":"post_tag","embeddable":true,"href":"https:\/\/nandi.info\/index.php?rest_route=%2Fwp%2Fv2%2Ftags&post=14021"}],"curies":[{"name":"wp","href":"https:\/\/api.w.org\/{rel}","templated":true}]}}